{"id":293350,"date":"2025-08-03T10:30:33","date_gmt":"2025-08-03T10:30:33","guid":{"rendered":"https:\/\/www.europesays.com\/fr\/293350\/"},"modified":"2025-08-03T10:30:33","modified_gmt":"2025-08-03T10:30:33","slug":"des-animations-gratuites-pour-accompagner-lexposition-figures-de-pierre-medialot","status":"publish","type":"post","link":"https:\/\/www.europesays.com\/fr\/293350\/","title":{"rendered":"Des animations gratuites pour accompagner l\u2019exposition \u00ab\u00a0Figures de pierre\u00a0\u00bb \u2013 Medialot"},"content":{"rendered":"<p>\n                          <a href=\"https:\/\/www.assureur-cahors.fr\" rel=\"nofollow noopener\" target=\"_blank\"><img loading=\"lazy\" decoding=\"async\" alt=\"\" width=\"300\" height=\"38\" src=\"https:\/\/www.europesays.com\/fr\/wp-content\/uploads\/2025\/04\/300x38.gif\" class=\"size-full wp-image-141871 aligncenter lazyload\"\/><\/a><br \/>\nPour participer, il suffit de s\u2019inscrire sur la page Plan\u00e8te Lot.\u00a0<br \/>\n<a href=\"https:\/\/www.ecoutervoir.fr\" rel=\"nofollow noopener\" target=\"_blank\"><img loading=\"lazy\" decoding=\"async\" alt=\"\" width=\"300\" height=\"37\"  src=\"https:\/\/www.europesays.com\/fr\/wp-content\/uploads\/2025\/04\/ecouter-v-300x37.jpeg\" data- class=\"size-medium wp-image-163875 aligncenter lazyload\"\/><\/a><br \/>\n<a href=\"https:\/\/www.europesays.com\/fr\/wp-content\/uploads\/2025\/07\/Pub-Medialot-Speedy-2025-300x38-1.gif\"><img loading=\"lazy\" decoding=\"async\" alt=\"\" width=\"300\" height=\"38\" src=\"https:\/\/www.europesays.com\/fr\/wp-content\/uploads\/2025\/07\/Pub-Medialot-Speedy-2025-300x38-1.gif\" class=\"size-full wp-image-170577 aligncenter lazyload\"\/><\/a><\/p>\n<p>Autour de l\u2019exposition \u00ab Figures de pierre \u00bb consacr\u00e9e \u00e0 l\u2019art roman et actuellement pr\u00e9sent\u00e9e \u00e0 Cahors, plusieurs animations gratuites sont propos\u00e9es par le D\u00e9partement du Lot.<\/p>\n<p><a href=\"https:\/\/concessions.peugeot.fr\/cahors\" rel=\"nofollow noopener\" target=\"_blank\"><img loading=\"lazy\" decoding=\"async\" alt=\"\" width=\"300\" height=\"38\" src=\"https:\/\/www.europesays.com\/fr\/wp-content\/uploads\/2025\/04\/pub_GGB_s.gif\" class=\"size-full wp-image-128909 aligncenter lazyload\"\/><\/a><br \/>\n<a href=\"https:\/\/www.facebook.com\/IntermarcheCahors?locale=fr_FR\" target=\"_blank\" rel=\"noopener noreferrer nofollow\"><img loading=\"lazy\" decoding=\"async\" alt=\"\" width=\"300\" height=\"38\" src=\"https:\/\/www.europesays.com\/fr\/wp-content\/uploads\/2025\/04\/intermarche-V2.gif\" class=\"aligncenter wp-image-111517 size-full lazyload\"\/><\/a><\/p>\n<p>Le mardi 5 ao\u00fbt 2025, \u00e0 10 h, un atelier cr\u00e9atif : collage, dessin, po\u00e8me\u2026 et une s\u00e9lection d\u2019\u0153uvres contemporaines de l\u2019artoth\u00e8que du Lot, en lien avec l\u2019exposition. Cette animation est propos\u00e9e aux enfants accompagn\u00e9s d\u2019un adulte.<\/p>\n<p><a href=\"https:\/\/chambert.com\/fr\/index.html\" rel=\"nofollow noopener\" target=\"_blank\"><img loading=\"lazy\" decoding=\"async\" alt=\"\" width=\"300\" height=\"38\" src=\"https:\/\/www.europesays.com\/fr\/wp-content\/uploads\/2025\/04\/chambert-2024-300x38-1.gif\" class=\"size-full wp-image-160827 aligncenter lazyload\"\/><\/a><br \/>\n<a href=\"https:\/\/www.lfccourtage.com\/\" rel=\"nofollow noopener\" target=\"_blank\"><img loading=\"lazy\" decoding=\"async\" alt=\"\" width=\"300\" height=\"38\" src=\"https:\/\/www.europesays.com\/fr\/wp-content\/uploads\/2025\/04\/lfc-courtage-bandeau-2.gif\" class=\"size-full wp-image-78799 aligncenter lazyload\"\/><\/a><\/p>\n<p>Le mardi 12 ao\u00fbt 2025, \u00e0 14 h, rencontre avec un ma\u00eetre artisan sculpteur : Fr\u00e9d\u00e9ric Patte, pour une pr\u00e9sentation du m\u00e9tier de sculpteur et des d\u00e9monstrations.<\/p>\n<p><a href=\"https:\/\/piscinesservices46.fr\" rel=\"nofollow noopener\" target=\"_blank\"><img loading=\"lazy\" decoding=\"async\" alt=\"\" width=\"300\" height=\"38\" src=\"https:\/\/www.europesays.com\/fr\/wp-content\/uploads\/2025\/04\/ps46-bandeau.gif\" class=\"size-full wp-image-146807 aligncenter lazyload\"\/><\/a><br \/>\n<a href=\"https:\/\/www.europesays.com\/fr\/wp-content\/uploads\/2025\/04\/medialot-300x38-5.jpg\"><img loading=\"lazy\" decoding=\"async\" alt=\"\" width=\"300\" height=\"38\" src=\"https:\/\/www.europesays.com\/fr\/wp-content\/uploads\/2025\/04\/medialot-300x38-5.jpg\" class=\"size-full wp-image-150487 aligncenter lazyload\"\/><\/a><\/p>\n<p>Pour participer, il suffit de s\u2019inscrire sur la page Plan\u00e8te Lot <a href=\"https:\/\/lot.fr\/programme-planete-lot\" rel=\"nofollow noopener\" target=\"_blank\">lot.fr\/programme-planete-lot<\/a><\/p>\n<p><a href=\"https:\/\/mtechalu46.com\" rel=\"nofollow noopener\" target=\"_blank\"><img loading=\"lazy\" decoding=\"async\" alt=\"\" width=\"300\" height=\"38\" src=\"https:\/\/www.europesays.com\/fr\/wp-content\/uploads\/2025\/04\/GIF-MTECH.gif\" class=\"size-full wp-image-163888 aligncenter lazyload\"\/><\/a><\/p>\n<p>&gt; L\u2019exposition est pr\u00e9sent\u00e9e jusqu\u2019au 19 septembre 2025, dans le hall de la Cit\u00e9 Bessi\u00e8res \u00e0 Cahors \u2013 avenue Pierre Mend\u00e8s-France, pr\u00e8s du Grand Palais.<\/p>\n<p>&gt; Entr\u00e9e libre, du lundi au vendredi (8 h 30\/12 h et 13 h 30\/16 h 30).<\/p>\n<p>Photo Jean-Baptiste Dos Ramos\/D\u00e9partement du Lot<\/p>\n","protected":false},"excerpt":{"rendered":"Pour participer, il suffit de s\u2019inscrire sur la page Plan\u00e8te Lot.\u00a0 Autour de l\u2019exposition \u00ab Figures de pierre&hellip;\n","protected":false},"author":2,"featured_media":293351,"comment_status":"","ping_status":"","sticky":false,"template":"","format":"standard","meta":{"footnotes":""},"categories":[1358],"tags":[1348,1384,1385,1386,58,59,1011,27],"class_list":{"0":"post-293350","1":"post","2":"type-post","3":"status-publish","4":"format-standard","5":"has-post-thumbnail","7":"category-arts-et-design","8":"tag-arts","9":"tag-arts-and-design","10":"tag-arts-et-design","11":"tag-design","12":"tag-divertissement","13":"tag-entertainment","14":"tag-fr","15":"tag-france"},"share_on_mastodon":{"url":"https:\/\/pubeurope.com\/@fr\/114964373700617548","error":""},"_links":{"self":[{"href":"https:\/\/www.europesays.com\/fr\/wp-json\/wp\/v2\/posts\/293350","targetHints":{"allow":["GET"]}}],"collection":[{"href":"https:\/\/www.europesays.com\/fr\/wp-json\/wp\/v2\/posts"}],"about":[{"href":"https:\/\/www.europesays.com\/fr\/wp-json\/wp\/v2\/types\/post"}],"author":[{"embeddable":true,"href":"https:\/\/www.europesays.com\/fr\/wp-json\/wp\/v2\/users\/2"}],"replies":[{"embeddable":true,"href":"https:\/\/www.europesays.com\/fr\/wp-json\/wp\/v2\/comments?post=293350"}],"version-history":[{"count":0,"href":"https:\/\/www.europesays.com\/fr\/wp-json\/wp\/v2\/posts\/293350\/revisions"}],"wp:featuredmedia":[{"embeddable":true,"href":"https:\/\/www.europesays.com\/fr\/wp-json\/wp\/v2\/media\/293351"}],"wp:attachment":[{"href":"https:\/\/www.europesays.com\/fr\/wp-json\/wp\/v2\/media?parent=293350"}],"wp:term":[{"taxonomy":"category","embeddable":true,"href":"https:\/\/www.europesays.com\/fr\/wp-json\/wp\/v2\/categories?post=293350"},{"taxonomy":"post_tag","embeddable":true,"href":"https:\/\/www.europesays.com\/fr\/wp-json\/wp\/v2\/tags?post=293350"}],"curies":[{"name":"wp","href":"https:\/\/api.w.org\/{rel}","templated":true}]}}