{"id":293352,"date":"2025-08-03T10:31:12","date_gmt":"2025-08-03T10:31:12","guid":{"rendered":"https:\/\/www.europesays.com\/fr\/293352\/"},"modified":"2025-08-03T10:31:12","modified_gmt":"2025-08-03T10:31:12","slug":"tomber-dans-le-panneau-du-bonheur","status":"publish","type":"post","link":"https:\/\/www.europesays.com\/fr\/293352\/","title":{"rendered":"Tomber dans le panneau du bonheur"},"content":{"rendered":"<p class=\"article-bodystyled__StyledText-sc-19uhgql-0 bGeyRM body-paragraph\">Celui qui recherche le bonheur doit parfois sortir des sentiers battus. C\u2019est du moins ce que nous apprend la fable de L\u2019homme \u00e0 l\u2019affiche, \u00e9crite par Mar\u00eca Jos\u00e9 Ferrada. \u00c0 travers les yeux de l\u2019enfance, l\u2019auteur nous invite \u00e0 porter un regard neuf sur la solidarit\u00e9 et l\u2019id\u00e9e que l\u2019on se fait du bonheur.<\/p>\n<p class=\"article-bodystyled__StyledText-sc-19uhgql-0 bGeyRM body-paragraph\">L\u2019homme \u00e0 l\u2019affiche raconte l\u2019histoire de Ram\u00f2n, un ivrogne, qui d\u00e9cide d\u2019\u00e9chapper \u00e0 la mis\u00e8re d\u2019un bidonville chilien pour s\u2019installer au sommet d\u2019une affiche publicitaire. De l\u00e0-haut, il esp\u00e8re trouver un sens \u00e0 la vie. <\/p>\n<blockquote class=\"pullquote\" cite=\"L'homme &#xE0; l'affiche de Mar&#xEC;a Jos&#xE9; Ferrada\">\n<p class=\"secondary-font__SecondaryFontStyles-sc-jft5zj-0 kJOXaj\">\u00abLes rapports entre ce qui arrive en haut et ce qui arrive en bas. Pour les entrevoir, il fallait se placer dans un espace interm\u00e9diaire \u2014 ni coll\u00e9 \u00e0 la terre ni pr\u00e8s du ciel\u00bb.<\/p>\n<p>\u2014 \u00a0L&rsquo;homme \u00e0 l&rsquo;affiche de Mar\u00eca Jos\u00e9 Ferrada<\/p><\/blockquote>\n<p class=\"article-bodystyled__StyledText-sc-19uhgql-0 bGeyRM body-paragraph\">Parce qu\u2019il refuse de se plier aux normes, Ram\u00f2n est tenu pour fou. Seuls son amoureuse Paulina et son neveu Miguel lui rendent visite \u00e0 l\u2019affiche.<\/p>\n<p class=\"article-bodystyled__StyledText-sc-19uhgql-0 bGeyRM body-paragraph\">Au fil de ses all\u00e9es et de ses venues, Miguel tisse un pont fragile entre la violence du bidonville et la paix que semble avoir trouv\u00e9 son oncle dans les airs. <\/p>\n<p class=\"article-bodystyled__StyledText-sc-19uhgql-0 bGeyRM body-paragraph\">Or, l\u2019exil de Ram\u00f2n aura t\u00f4t fait d\u2019alimenter la haine dans la communaut\u00e9 et \u00ables fils dans les airs\u00bb ne seront plus assez solides pour maintenir l\u2019\u00e9quilibre entre les deux mondes.<\/p>\n<p>Entre douceur et amertume<\/p>\n<p class=\"article-bodystyled__StyledText-sc-19uhgql-0 bGeyRM body-paragraph\">Le r\u00e9cit d\u00e9peint la r\u00e9alit\u00e9 crue de la vie au bidonville, o\u00f9 c\u2019est chacun pour soi. Sur un ton faussement na\u00eff, l\u2019auteur critique la marginalisation des plus vuln\u00e9rables dans la soci\u00e9t\u00e9 chilienne contemporaine. <\/p>\n<p class=\"article-bodystyled__StyledText-sc-19uhgql-0 bGeyRM body-paragraph\">Si le sujet peut sembler lourd, l\u2019humour et la tendresse de Miguel apportent une dimension po\u00e9tique au r\u00e9cit et rafra\u00eechissent le lecteur. <\/p>\n<p class=\"article-bodystyled__StyledText-sc-19uhgql-0 bGeyRM body-paragraph\">Comme l\u2019auteur utilise des all\u00e9gories pour appuyer sa critique sociale, la lecture demande une certaine attention aux d\u00e9tails. Heureusement, le roman est assez court et les mots imag\u00e9s de l\u2019auteur veillent \u00e0 la fluidit\u00e9 de la lecture. <\/p>\n<p class=\"article-bodystyled__StyledText-sc-19uhgql-0 bGeyRM body-paragraph\">En somme, si l\u2019histoire se d\u00e9roule au Chili, les th\u00e8mes de l\u2019exclusion sociale et de la marginalit\u00e9 peuvent s\u2019appliquer \u00e0 toutes les soci\u00e9t\u00e9s. L\u2019homme \u00e0 l\u2019affiche propose une qu\u00eate du bonheur \u00e0 travers la solidarit\u00e9, ce qui peut r\u00e9sonner dans le c\u0153ur de plusieurs en ces temps d\u2019incertitude. <\/p>\n<p>Accompagnez votre lecture d\u2019un Mote con huesillo<\/p>\n<p class=\"article-bodystyled__StyledText-sc-19uhgql-0 bGeyRM body-paragraph\">Cette boisson m\u00e9connue au Qu\u00e9bec pourrait rapidement devenir votre incontournable de la saison estivale. <\/p>\n<p class=\"article-bodystyled__StyledText-sc-19uhgql-0 bGeyRM body-paragraph\">Fait \u00e0 base de p\u00eache et de bl\u00e9, le Mote con huesillo servait autrefois de boisson d\u00e9salt\u00e9rante pour les travailleurs des campagnes chiliennes. Elle est aujourd\u2019hui un embl\u00e8me du streetfood au Chili, o\u00f9 on la consomme lors des r\u00e9unions familiales. <\/p>\n<p class=\"article-bodystyled__StyledText-sc-19uhgql-0 bGeyRM body-paragraph\"><b>Ingr\u00e9dients pour 4 verres: <\/b><\/p>\n<ul class=\"list__StyledUnorderedList-sc-1fuu2ld-2 dQMyhv\">\n<li class=\"list__StyledListItem-sc-1fuu2ld-0 DhbSI\">8 p\u00eaches s\u00e9ch\u00e9es (huesillos)<\/li>\n<li class=\"list__StyledListItem-sc-1fuu2ld-0 DhbSI\">8 cuill\u00e8res \u00e0 soupe de bl\u00e9 (mote de trigo) d\u00e9cortiqu\u00e9<\/li>\n<li class=\"list__StyledListItem-sc-1fuu2ld-0 DhbSI\">100 g de sucre<\/li>\n<li class=\"list__StyledListItem-sc-1fuu2ld-0 DhbSI\">1 b\u00e2ton de cannelle<\/li>\n<li class=\"list__StyledListItem-sc-1fuu2ld-0 DhbSI\">1 L d\u2019eau<\/li>\n<\/ul>\n<p class=\"article-bodystyled__StyledText-sc-19uhgql-0 bGeyRM body-paragraph\"><b>Pr\u00e9paration:<\/b><\/p>\n<p class=\"article-bodystyled__StyledText-sc-19uhgql-0 bGeyRM body-paragraph\"><b>La veille<\/b>:<\/p>\n<ol class=\"list__StyledOrderedList-sc-1fuu2ld-1 iOMdmz\">\n<ol class=\"list__StyledOrderedList-sc-1fuu2ld-1 IXmOp\">\n<li class=\"list__StyledListItem-sc-1fuu2ld-0 jRKWYS\">Faire tremper les p\u00eaches s\u00e9ch\u00e9es dans de l\u2019eau froide avec le b\u00e2ton de cannelle.<\/li>\n<\/ol>\n<li class=\"list__StyledListItem-sc-1fuu2ld-0 DhbSI\"><b>Pr\u00e9paration du sirop<\/b>:<\/li>\n<ol class=\"list__StyledOrderedList-sc-1fuu2ld-1 IXmOp\">\n<li class=\"list__StyledListItem-sc-1fuu2ld-0 jRKWYS\">Le lendemain, cuire les p\u00eaches (avec leur eau de trempage) \u00e0 feu doux et ajouter le sucre pour enrober les fruits d\u2019une couleur ambr\u00e9e.<\/li>\n<li class=\"list__StyledListItem-sc-1fuu2ld-0 jRKWYS\">Laisser mijoter 30 minutes (les fruits doivent devenir tendres, le sirop sirupeux et dor\u00e9).<\/li>\n<\/ol>\n<li class=\"list__StyledListItem-sc-1fuu2ld-0 DhbSI\"><b>Pr\u00e9paration du mote<\/b>:<\/li>\n<ol class=\"list__StyledOrderedList-sc-1fuu2ld-1 IXmOp\">\n<li class=\"list__StyledListItem-sc-1fuu2ld-0 jRKWYS\">Faire bouillir le bl\u00e9 d\u00e9cortiqu\u00e9 dans de l\u2019eau fra\u00eeche (selon le temps indiqu\u00e9 sur l\u2019emballage, souvent 30 \u00e0 40 minutes), jusqu\u2019\u00e0 tendret\u00e9.<\/li>\n<li class=\"list__StyledListItem-sc-1fuu2ld-0 jRKWYS\">Bien \u00e9goutter et rincer \u00e0 l\u2019eau froide.<\/li>\n<\/ol>\n<li class=\"list__StyledListItem-sc-1fuu2ld-0 DhbSI\"><b>Dressage<\/b>:<\/li>\n<ol class=\"list__StyledOrderedList-sc-1fuu2ld-1 IXmOp\">\n<li class=\"list__StyledListItem-sc-1fuu2ld-0 jRKWYS\">Dans un grand verre, d\u00e9poser une portion de bl\u00e9 cuit.<\/li>\n<li class=\"list__StyledListItem-sc-1fuu2ld-0 jRKWYS\">Ajouter une ou deux moiti\u00e9s de p\u00eaches par verre.<\/li>\n<li class=\"list__StyledListItem-sc-1fuu2ld-0 jRKWYS\">Compl\u00e9ter avec le sirop refroidi et une partie de l\u2019eau de cuisson des fruits.<\/li>\n<li class=\"list__StyledListItem-sc-1fuu2ld-0 jRKWYS\">Servir tr\u00e8s frais <\/li>\n<\/ol>\n<\/ol>\n<p class=\"article-bodystyled__StyledText-sc-19uhgql-0 bGeyRM body-paragraph\">Bonne lecture et sant\u00e9!<\/p>\n","protected":false},"excerpt":{"rendered":"Celui qui recherche le bonheur doit parfois sortir des sentiers battus. C\u2019est du moins ce que nous apprend&hellip;\n","protected":false},"author":2,"featured_media":293353,"comment_status":"","ping_status":"","sticky":false,"template":"","format":"standard","meta":{"footnotes":""},"categories":[1357],"tags":[1379,40896,43319,43324,58,59,2883,1011,27,43321,1380,43320,43323,43322],"class_list":{"0":"post-293352","1":"post","2":"type-post","3":"status-publish","4":"format-standard","5":"has-post-thumbnail","7":"category-livres","8":"tag-books","9":"tag-chili","10":"tag-critique-litteraire","11":"tag-culture-chilienne","12":"tag-divertissement","13":"tag-entertainment","14":"tag-ete","15":"tag-fr","16":"tag-france","17":"tag-lhomme-a-laffiche","18":"tag-livres","19":"tag-maria-ferrada","20":"tag-mote-con-huesillo","21":"tag-poesie-de-chaise-longue"},"share_on_mastodon":{"url":"https:\/\/pubeurope.com\/@fr\/114964377477004871","error":""},"_links":{"self":[{"href":"https:\/\/www.europesays.com\/fr\/wp-json\/wp\/v2\/posts\/293352","targetHints":{"allow":["GET"]}}],"collection":[{"href":"https:\/\/www.europesays.com\/fr\/wp-json\/wp\/v2\/posts"}],"about":[{"href":"https:\/\/www.europesays.com\/fr\/wp-json\/wp\/v2\/types\/post"}],"author":[{"embeddable":true,"href":"https:\/\/www.europesays.com\/fr\/wp-json\/wp\/v2\/users\/2"}],"replies":[{"embeddable":true,"href":"https:\/\/www.europesays.com\/fr\/wp-json\/wp\/v2\/comments?post=293352"}],"version-history":[{"count":0,"href":"https:\/\/www.europesays.com\/fr\/wp-json\/wp\/v2\/posts\/293352\/revisions"}],"wp:featuredmedia":[{"embeddable":true,"href":"https:\/\/www.europesays.com\/fr\/wp-json\/wp\/v2\/media\/293353"}],"wp:attachment":[{"href":"https:\/\/www.europesays.com\/fr\/wp-json\/wp\/v2\/media?parent=293352"}],"wp:term":[{"taxonomy":"category","embeddable":true,"href":"https:\/\/www.europesays.com\/fr\/wp-json\/wp\/v2\/categories?post=293352"},{"taxonomy":"post_tag","embeddable":true,"href":"https:\/\/www.europesays.com\/fr\/wp-json\/wp\/v2\/tags?post=293352"}],"curies":[{"name":"wp","href":"https:\/\/api.w.org\/{rel}","templated":true}]}}