{"id":293354,"date":"2025-08-03T10:32:10","date_gmt":"2025-08-03T10:32:10","guid":{"rendered":"https:\/\/www.europesays.com\/fr\/293354\/"},"modified":"2025-08-03T10:32:10","modified_gmt":"2025-08-03T10:32:10","slug":"pas-confiance-en-thierry-ardisson-line-renaud-ne-prend-aucun-chemin-de-traverse","status":"publish","type":"post","link":"https:\/\/www.europesays.com\/fr\/293354\/","title":{"rendered":"\u201cPas confiance\u201d en Thierry Ardisson : Line Renaud ne prend aucun chemin de traverse"},"content":{"rendered":"<p data-start=\"195\" data-end=\"849\">Le 2 juillet dernier, <a href=\"https:\/\/www.closermag.fr\/people\/line-renaud-physiquement-diminuee-a-97-ans-ces-images-qui-font-mal-au-coeur-3568757\" target=\"_blank\" rel=\"noopener\"><br \/>\nLine Renaud<\/a> a f\u00eat\u00e9 ses 97 ans, poursuivant son incroyable<br \/>\nparcours avec cette \u00e9nergie qui force l\u2019admiration. Ce dimanche<br \/>\nsoir, TF1 lui consacre sa premi\u00e8re partie de soir\u00e9e avec la<br \/>\ndiffusion du film <strong>Une<br \/>\nbelle course<\/strong>, o\u00f9 elle partage l\u2019affiche avec Dany<br \/>\nBoon. R\u00e9alis\u00e9 par Christian Carion, ce drame empreint d\u2019\u00e9motion<br \/>\noccupe une place tr\u00e8s sp\u00e9ciale dans le c\u0153ur de l\u2019actrice.<br \/>\n\u00ab\u00a0C\u2019est mon film testament\u00a0\u00bb, a-t-elle confi\u00e9 \u00e0 celui qui<br \/>\nl\u2019a dirig\u00e9e.<\/p>\n<p data-start=\"195\" data-end=\"849\">Dans cette \u0153uvre intime, elle<br \/>\ninterpr\u00e8te Madeleine, une femme \u00e2g\u00e9e qui revisite les chapitres les<br \/>\nplus marquants de son existence au fil d\u2019un dernier trajet en taxi<br \/>\n\u00e0 travers Paris. Aux c\u00f4t\u00e9s de <a href=\"https:\/\/www.closermag.fr\/people\/dany-boon-a-retrouve-lamour-il-souffle-ses-59-bougies-accompagne-de-sa-jolie-conjointe-3559153\" target=\"_blank\" rel=\"noopener\"><br \/>\nDany Boon<\/a>, qui incarne le chauffeur, elle forme un tandem d\u2019une<br \/>\ngrande sinc\u00e9rit\u00e9. Ensemble, ils donnent vie \u00e0 un <strong>r\u00e9cit<br \/>\npoignant<\/strong>, o\u00f9 les souvenirs d\u2019une vie remontent \u00e0 la<br \/>\nsurface. \u00c0 bient\u00f4t 100 ans, elle reste une figure vive et<br \/>\ncombattive.<\/p>\n<p>Line Renaud : la s\u00e9r\u00e9nit\u00e9 comme<br \/>\nphilosophie de vie<\/p>\n<p data-start=\"261\" data-end=\"695\">Line Renaud n\u2019a rien perdu de sa<br \/>\nvivacit\u00e9, ni de son humour. Dans une r\u00e9cente prise de parole,<br \/>\n<a href=\"https:\/\/www.closermag.fr\/people\/jen-suis-sortie-lannee-commence-mal-pour-line-renaud-pas-au-mieux-de-sa-forme-elle-reapparait-3517020\" target=\"_blank\" rel=\"noopener\"><br \/>\nl\u2019ic\u00f4ne du spectacle et du cin\u00e9ma<\/a> a donn\u00e9 des nouvelles<br \/>\nrassurantes de sa sant\u00e9. \u00ab\u00a0Tr\u00e8s, tr\u00e8s bien\u00a0\u00bb, a-t-elle<br \/>\naffirm\u00e9 avec assurance, avant d\u2019ajouter, avec la sagesse qu\u2019on lui<br \/>\nconna\u00eet : \u00ab\u00a0<strong>Aller mieux, ce serait ind\u00e9cent pour mon<br \/>\n\u00e2ge<\/strong>\u00ab\u00a0. Une r\u00e9ponse pleine de lucidit\u00e9, qui illustre<br \/>\nparfaitement son regard apais\u00e9 sur le temps qui passe.<\/p>\n<p data-start=\"697\" data-end=\"1618\" data-is-last-node=\"\" data-is-only-node=\"\"><a href=\"https:\/\/www.closermag.fr\/people\/line-renaud-a-quoi-ressemble-sa-magnifique-demeure-des-hauts-de-seine-3489069\" target=\"_blank\" rel=\"noopener\"><br \/>\nL\u2019actrice<\/a> confie ne pas accorder trop d\u2019attention \u00e0 son \u00e2ge :<br \/>\n\u00ab\u00a0J\u2019oublie toujours\u00a0\u00bb, glisse-t-elle malicieusement. Elle<br \/>\nconclut avec le sourire : \u00ab\u00a0J\u2019attends mes 100 ans\u00a0\u00bb. Son<br \/>\nsecret ? Ne pas se projeter trop loin et profiter pleinement du<br \/>\nmoment pr\u00e9sent. Chaque ann\u00e9e ajout\u00e9e \u00e0 sa vie est accueillie avec<br \/>\njoie : \u00ab\u00a0Tant mieux. Encore une ann\u00e9e. Je ne pense pas du tout \u00e0<br \/>\ncombien je vais encore en faire. <strong>On le verra. On le<br \/>\nvivra<\/strong>\u00ab\u00a0.<\/p>\n<p>Line Renaud tr\u00e8s cash sur Thierry<br \/>\nArdisson<\/p>\n<p data-start=\"189\" data-end=\"830\">La chanteuse s&rsquo;est exprim\u00e9e sans<br \/>\nd\u00e9tour sur certaines \u00e9missions t\u00e9l\u00e9vis\u00e9es auxquelles elle a<br \/>\nd\u00e9lib\u00e9r\u00e9ment choisi de ne jamais participer. Lorsqu\u2019on l\u2019interroge<br \/>\nsur <a href=\"https:\/\/www.closermag.fr\/people\/audrey-crespo-mara-digne-les-secrets-emouvants-de-son-retour-sur-tf1-apres-la-mort-de-thierry-ardisson-3568806\" target=\"_blank\" rel=\"noopener\"><br \/>\nThierry Ardisson<\/a>, disparu le 14 juillet dernier, la com\u00e9dienne<br \/>\nne cherche pas \u00e0 faire dans la langue de bois. \u00ab\u00a0Je n\u2019ai pas \u00e9t\u00e9<br \/>\ninvit\u00e9e chez lui, mais je ne l\u2019aurais pas fait. Il avait un ton<br \/>\nparticulier, c\u2019\u00e9tait tr\u00e8s sp\u00e9cial. Quelquefois, il pouvait poser<br \/>\ndes questions tr\u00e8s <strong>g\u00eanantes<\/strong>, <strong>tu ne pouvais<br \/>\npas avoir confiance<\/strong>\u2026 Je ne voulais pas prendre ce<br \/>\nrisque\u00a0\u00bb.<\/p>\n<p data-start=\"832\" data-end=\"1359\" data-is-last-node=\"\" data-is-only-node=\"\">Loin des plateaux o\u00f9 la provocation tenait<br \/>\nsouvent lieu de fil conducteur, Line Renaud a toujours privil\u00e9gi\u00e9<br \/>\ndes environnements plus <strong>respectueux<\/strong> et feutr\u00e9s.<br \/>\nTr\u00e8s attach\u00e9e \u00e0 une certaine forme de <strong>retenue<\/strong> dans<br \/>\nsa communication, elle a naturellement pris ses distances avec les<br \/>\nformats o\u00f9 l\u2019on cherchait \u00e0 bousculer l\u2019invit\u00e9. Si Thierry Ardisson<br \/>\na marqu\u00e9 le paysage audiovisuel en recevant une foule de<br \/>\nc\u00e9l\u00e9brit\u00e9s, Line Renaud, elle, a pr\u00e9f\u00e9r\u00e9 rester fid\u00e8le \u00e0 ses<br \/>\nvaleurs.<\/p>\n","protected":false},"excerpt":{"rendered":"Le 2 juillet dernier, Line Renaud a f\u00eat\u00e9 ses 97 ans, poursuivant son incroyable parcours avec cette \u00e9nergie&hellip;\n","protected":false},"author":2,"featured_media":293355,"comment_status":"","ping_status":"","sticky":false,"template":"","format":"standard","meta":{"footnotes":""},"categories":[1356],"tags":[548,58,59,1011,27,18994,252,10058,1364],"class_list":{"0":"post-293354","1":"post","2":"type-post","3":"status-publish","4":"format-standard","5":"has-post-thumbnail","7":"category-television","8":"tag-article-simple","9":"tag-divertissement","10":"tag-entertainment","11":"tag-fr","12":"tag-france","13":"tag-line-renaud","14":"tag-television","15":"tag-thierry-ardisson","16":"tag-tv"},"share_on_mastodon":{"url":"https:\/\/pubeurope.com\/@fr\/114964381392538653","error":""},"_links":{"self":[{"href":"https:\/\/www.europesays.com\/fr\/wp-json\/wp\/v2\/posts\/293354","targetHints":{"allow":["GET"]}}],"collection":[{"href":"https:\/\/www.europesays.com\/fr\/wp-json\/wp\/v2\/posts"}],"about":[{"href":"https:\/\/www.europesays.com\/fr\/wp-json\/wp\/v2\/types\/post"}],"author":[{"embeddable":true,"href":"https:\/\/www.europesays.com\/fr\/wp-json\/wp\/v2\/users\/2"}],"replies":[{"embeddable":true,"href":"https:\/\/www.europesays.com\/fr\/wp-json\/wp\/v2\/comments?post=293354"}],"version-history":[{"count":0,"href":"https:\/\/www.europesays.com\/fr\/wp-json\/wp\/v2\/posts\/293354\/revisions"}],"wp:featuredmedia":[{"embeddable":true,"href":"https:\/\/www.europesays.com\/fr\/wp-json\/wp\/v2\/media\/293355"}],"wp:attachment":[{"href":"https:\/\/www.europesays.com\/fr\/wp-json\/wp\/v2\/media?parent=293354"}],"wp:term":[{"taxonomy":"category","embeddable":true,"href":"https:\/\/www.europesays.com\/fr\/wp-json\/wp\/v2\/categories?post=293354"},{"taxonomy":"post_tag","embeddable":true,"href":"https:\/\/www.europesays.com\/fr\/wp-json\/wp\/v2\/tags?post=293354"}],"curies":[{"name":"wp","href":"https:\/\/api.w.org\/{rel}","templated":true}]}}