{"id":293356,"date":"2025-08-03T10:33:09","date_gmt":"2025-08-03T10:33:09","guid":{"rendered":"https:\/\/www.europesays.com\/fr\/293356\/"},"modified":"2025-08-03T10:33:09","modified_gmt":"2025-08-03T10:33:09","slug":"dua-lipa-devient-kosovare-en-hommage-a-ses-parents-la-presidente-du-pays-lui-remet-en-personne-le-sesame-bienvenue-chez-toi-dua","status":"publish","type":"post","link":"https:\/\/www.europesays.com\/fr\/293356\/","title":{"rendered":"Dua Lipa devient kosovare en hommage \u00e0 ses parents, la pr\u00e9sidente du pays lui remet en personne le s\u00e9same : \u00ab\u00a0Bienvenue chez toi, Dua !\u00a0\u00bb"},"content":{"rendered":"<p>      R\u00e9sum\u00e9<\/p>\n<p>Dua Lipa a re\u00e7u la nationalit\u00e9 kosovare des mains de la pr\u00e9sidente Vjosa Osmani, honorant ainsi ses racines familiales et son engagement envers le Kosovo.<\/p>\n<p>        Sommaire<\/p>\n<p>Il y a quelques jours, <a href=\"https:\/\/www.public.fr\/je-suis-beninoise-ciara-devient-citoyenne-beninoise-et-parle-un-francais-parfait#:~:text=La%20chanteuse%20Ciara%20a%20obtenu,lors%20de%20la%20c%C3%A9r%C3%A9monie%20officielle.&amp;text=Ciara%20est%20aux%20anges.,qui%20lui%20tenait%20%C3%A0%20c%C5%93ur.\" target=\"_blank\" rel=\"noopener\">Ciara obtenait la nationalit\u00e9 b\u00e9ninoise<\/a> en hommage \u00e0 ses a\u00efeuls. <strong>La chanteuse Dua Lipa vient de faire de m\u00eame<\/strong>, en acqu\u00e9rant la nationalit\u00e9 kosovare. La star plan\u00e9taire de 29 ans, n\u00e9e \u00e0 Londres, a deux parents n\u00e9s au Kosovo. Ces deux derniers ont d&rsquo;abord quitt\u00e9 leur pays natal, avant de le retrouver pendant l&rsquo;adolescence de Dua Lipa. <strong>Celle-ci a v\u00e9cu \u00e0 Pristina entre 11 et 15 ans<\/strong>, \u00e0 la suite de l&rsquo;ind\u00e9pendance de cet \u00c9tat des Balkans en 2008.<\/p>\n<p>Pr\u00e8s de quinze ans plus tard, Dua Lipa a tenu \u00e0 honorer l&rsquo;histoire de sa famille. Elle a ainsi offert un magnifique cadeau \u00e0 ses parents,<strong> en demandant leur nationalit\u00e9<\/strong>. Sur Instagram, la jeune femme s&rsquo;est r\u00e9jouie, et s&rsquo;est dit \u00ab\u00a0tellement reconnaissance d&rsquo;avoir re\u00e7u (sa) citoyennet\u00e9 kosovare de la part de (la) pr\u00e9sidente\u00a0\u00bb.<\/p>\n<p>Une pr\u00e9sidente si fi\u00e8re de son artiste<\/p>\n<p>Et pour cause&#8230; Pour ce grand \u00e9v\u00e8nement national, <strong>c&rsquo;est Vjosa Osmani en personne qui a tenu \u00e0 se d\u00e9placer<\/strong>. Pr\u00e9sidente de la R\u00e9publique du Kosovo depuis 2021, la jeune femme a tenu \u00e0 remettre elle-m\u00eame le s\u00e9same \u00e0 la starlette plan\u00e9taire, d\u00e9sormais <strong>britannico-albano-kosovare<\/strong>.<\/p>\n<p>Pas peu fi\u00e8re d&rsquo;avoir \u00ab\u00a0accord\u00e9 cette citoyennet\u00e9 par d\u00e9cret pr\u00e9sidentiel \u00e0 l&rsquo;une des personnalit\u00e9s culturelles et artistiques les plus importantes de l&rsquo;histoire\u00a0\u00bb, la cheffe d&rsquo;\u00c9tat a accord\u00e9 sa \u00ab\u00a0gratitude infinie\u00a0\u00bb \u00e0 Dua Lipa. Sur Instagram, <strong>Vjosa Osmani a encha\u00een\u00e9 les \u00e9loges : \u00ab\u00a0Bienvenue chez toi, Dua <\/strong>(&#8230;) Merci pour tout ce que tu as fait et continues \u00e0 faire pour le Kosovo, pour notre jeunesse, pour notre art et pour l&rsquo;image internationale de notre pays. <strong>Dua, le Kosovo est toujours fier de toi<\/strong>\u00ab\u00a0.<\/p>\n<p>Dua Lipa a obtenu une autre nationalit\u00e9 en 2022<\/p>\n<p>La chanteuse <a href=\"https:\/\/vsd.fr\/62802-jadorerais-vivre-a-paris-dua-lipa-evoque-son-amour-pour-la-culture-francaise-face-a-laurent-delahousse\/\" target=\"_blank\" rel=\"noopener\">Dua Lipa est effectivement cosmopolite<\/a>. N\u00e9e \u00e0 Londres dans le quartier prestigieux de Westminster en 1995, la jeune femme est la fille a\u00een\u00e9e d&rsquo;un directeur marketing et <strong>chanteur principal du groupe de rock kosovar Oda<\/strong>, et d&rsquo;une agente de voyages. Les parents kosovars ont quitt\u00e9 le pays trois ans avant sa naissance, et sont partis rejoindre le Royaume-Uni. Ils l&rsquo;ont retrouv\u00e9 \u00e0 son ind\u00e9pendance, pour quelques ann\u00e9es seulement. <strong>Dua Lipa a \u00e9galement des origines bosniennes<\/strong> de la part de sa grand-m\u00e8re maternelle.<\/p>\n<p>En ao\u00fbt 2022, la pr\u00e9sidente du Kosovo lui avait d\u00e9j\u00e0 d\u00e9cern\u00e9 le titre d&rsquo;ambassadrice honorifique du pays. Quelques semaines plus tard, <strong>Dua Lipa \u00e9tait officiellement devenue citoyenne albanaise<\/strong>. Le pr\u00e9sident du pays, Bajram Begaj, avait rendu hommage \u00e0 une femme qui, selon lui, contribuait \u00e0 rendre c\u00e9l\u00e8bres les Albanais et la culture albanaise dans le monde entier.<\/p>\n<p>      Mentionn\u00e9s dans cet article<\/p>\n<p>      Sur le m\u00eame sujet<\/p>\n","protected":false},"excerpt":{"rendered":"R\u00e9sum\u00e9 Dua Lipa a re\u00e7u la nationalit\u00e9 kosovare des mains de la pr\u00e9sidente Vjosa Osmani, honorant ainsi ses&hellip;\n","protected":false},"author":2,"featured_media":293357,"comment_status":"","ping_status":"","sticky":false,"template":"","format":"standard","meta":{"footnotes":""},"categories":[1355],"tags":[58,21687,59,652,1011,27,1361,873],"class_list":{"0":"post-293356","1":"post","2":"type-post","3":"status-publish","4":"format-standard","5":"has-post-thumbnail","7":"category-musique","8":"tag-divertissement","9":"tag-dua-lipa","10":"tag-entertainment","11":"tag-famille","12":"tag-fr","13":"tag-france","14":"tag-music","15":"tag-musique"},"share_on_mastodon":{"url":"https:\/\/pubeurope.com\/@fr\/114964385185146583","error":""},"_links":{"self":[{"href":"https:\/\/www.europesays.com\/fr\/wp-json\/wp\/v2\/posts\/293356","targetHints":{"allow":["GET"]}}],"collection":[{"href":"https:\/\/www.europesays.com\/fr\/wp-json\/wp\/v2\/posts"}],"about":[{"href":"https:\/\/www.europesays.com\/fr\/wp-json\/wp\/v2\/types\/post"}],"author":[{"embeddable":true,"href":"https:\/\/www.europesays.com\/fr\/wp-json\/wp\/v2\/users\/2"}],"replies":[{"embeddable":true,"href":"https:\/\/www.europesays.com\/fr\/wp-json\/wp\/v2\/comments?post=293356"}],"version-history":[{"count":0,"href":"https:\/\/www.europesays.com\/fr\/wp-json\/wp\/v2\/posts\/293356\/revisions"}],"wp:featuredmedia":[{"embeddable":true,"href":"https:\/\/www.europesays.com\/fr\/wp-json\/wp\/v2\/media\/293357"}],"wp:attachment":[{"href":"https:\/\/www.europesays.com\/fr\/wp-json\/wp\/v2\/media?parent=293356"}],"wp:term":[{"taxonomy":"category","embeddable":true,"href":"https:\/\/www.europesays.com\/fr\/wp-json\/wp\/v2\/categories?post=293356"},{"taxonomy":"post_tag","embeddable":true,"href":"https:\/\/www.europesays.com\/fr\/wp-json\/wp\/v2\/tags?post=293356"}],"curies":[{"name":"wp","href":"https:\/\/api.w.org\/{rel}","templated":true}]}}