{"id":293358,"date":"2025-08-03T10:34:12","date_gmt":"2025-08-03T10:34:12","guid":{"rendered":"https:\/\/www.europesays.com\/fr\/293358\/"},"modified":"2025-08-03T10:34:12","modified_gmt":"2025-08-03T10:34:12","slug":"le-film-queric-rohmer-a-peaufine-pendant-24-ans","status":"publish","type":"post","link":"https:\/\/www.europesays.com\/fr\/293358\/","title":{"rendered":"le film qu\u2019\u00c9ric Rohmer a peaufin\u00e9 pendant 24 ans"},"content":{"rendered":"<p class=\"mb-4 text-lg md:leading-8 break-words\">Il faut une certaine audace pour transformer une plage de Normandie en salon du Faubourg Saint-Germain. \u00c9ric Rohmer l&rsquo;a fait en\u00a01983\u00a0avec Pauline \u00e0 la plage, chef-d&rsquo;\u0153uvre de subtilit\u00e9 o\u00f9 le maillot de bain devient habit de cour et o\u00f9 chaque conversation sur le sable fin rivalise avec les plus habiles \u00e9changes de Marivaux. Sous des dehors de chronique estivale, ce film diss\u00e8que avec une pr\u00e9cision d&rsquo;entomologiste les m\u00e9andres du c\u0153ur humain, quand les d\u00e9sirs obscurs se br\u00fblent au contact du sel. Un film r\u00e9compens\u00e9 de l&rsquo;Ours d&rsquo;argent du meilleur r\u00e9alisateur \u00e0 Berlin et qui deviendra le film de chevet de Quentin Tarantino. La cha\u00eene T18 a eu la bonne id\u00e9e de l&rsquo;inscrire dans son cycle des films de vacances apr\u00e8s <a class=\"link \" href=\"https:\/\/www.lepoint.fr\/pop-culture\/l-hotel-de-la-plage-les-bronzes-version-pension-de-famille-bretonne-20-07-2025-2594737_2920.php\" rel=\"nofollow noopener\" target=\"_blank\" data-ylk=\"slk:L&#039;H\u00f4tel de la plage;elm:context_link;itc:0;sec:content-canvas\">L&rsquo;H\u00f4tel de la plage<\/a>, dans un tout autre registre.<\/p>\n<p class=\"mb-4 text-lg md:leading-8 break-words\">D\u00e8s les premi\u00e8res minutes, \u00c9ric Rohmer dispose ses pions avec la minutie d&rsquo;un horloger. Marion, styliste parisienne fra\u00eechement divorc\u00e9e, d\u00e9barque en Normandie avec sa jeune cousine Pauline, quinze ans, regard clair et parole rare. Trois adultes vont rivaliser d&rsquo;\u00e9loquence pour justifier leurs philosophies amoureuses\u00a0: Pierre (formidable Pascal Greggory) d\u00e9fend la constance et l&rsquo;amour reposant sur la reconnaissance r\u00e9ciproque des valeurs\u00a0; Marion pr\u00f4ne la passion imm\u00e9diate\u00a0; Henri (F\u00e9odor Atkine, plus pervers que jamais), ethnologue et libertin, milite pour les plaisirs sans entraves. Chacun son credo, chacun ses contradictions.<\/p>\n<p>Les paroles et les actes<\/p>\n<p class=\"mb-4 text-lg md:leading-8 break-words\">\u00ab\u00a0Qui trop parloit, il se mesfait\u00a0\u00bb, pr\u00e9vient la citati [&#8230;] <a href=\"https:\/\/www.lepoint.fr\/pop-culture\/pauline-a-la-plage-le-film-qu-eric-rohmer-a-peaufine-pendant-24-ans-03-08-2025-2595645_2920.php\" rel=\"nofollow noopener\" target=\"_blank\" data-ylk=\"slk:Lire la suite;elm:context_link;itc:0;sec:content-canvas\" class=\"link \">Lire la suite<\/a><\/p>\n","protected":false},"excerpt":{"rendered":"Il faut une certaine audace pour transformer une plage de Normandie en salon du Faubourg Saint-Germain. \u00c9ric Rohmer&hellip;\n","protected":false},"author":2,"featured_media":293359,"comment_status":"","ping_status":"","sticky":false,"template":"","format":"standard","meta":{"footnotes":""},"categories":[1354],"tags":[43326,58,59,43325,1346,1011,27,1360,36338,38616],"class_list":{"0":"post-293358","1":"post","2":"type-post","3":"status-publish","4":"format-standard","5":"has-post-thumbnail","7":"category-films","8":"tag-bonne-idee","9":"tag-divertissement","10":"tag-entertainment","11":"tag-eric-rohmer","12":"tag-films","13":"tag-fr","14":"tag-france","15":"tag-movies","16":"tag-quentin-tarantino","17":"tag-quinze-ans"},"share_on_mastodon":{"url":"https:\/\/pubeurope.com\/@fr\/114964389178407671","error":""},"_links":{"self":[{"href":"https:\/\/www.europesays.com\/fr\/wp-json\/wp\/v2\/posts\/293358","targetHints":{"allow":["GET"]}}],"collection":[{"href":"https:\/\/www.europesays.com\/fr\/wp-json\/wp\/v2\/posts"}],"about":[{"href":"https:\/\/www.europesays.com\/fr\/wp-json\/wp\/v2\/types\/post"}],"author":[{"embeddable":true,"href":"https:\/\/www.europesays.com\/fr\/wp-json\/wp\/v2\/users\/2"}],"replies":[{"embeddable":true,"href":"https:\/\/www.europesays.com\/fr\/wp-json\/wp\/v2\/comments?post=293358"}],"version-history":[{"count":0,"href":"https:\/\/www.europesays.com\/fr\/wp-json\/wp\/v2\/posts\/293358\/revisions"}],"wp:featuredmedia":[{"embeddable":true,"href":"https:\/\/www.europesays.com\/fr\/wp-json\/wp\/v2\/media\/293359"}],"wp:attachment":[{"href":"https:\/\/www.europesays.com\/fr\/wp-json\/wp\/v2\/media?parent=293358"}],"wp:term":[{"taxonomy":"category","embeddable":true,"href":"https:\/\/www.europesays.com\/fr\/wp-json\/wp\/v2\/categories?post=293358"},{"taxonomy":"post_tag","embeddable":true,"href":"https:\/\/www.europesays.com\/fr\/wp-json\/wp\/v2\/tags?post=293358"}],"curies":[{"name":"wp","href":"https:\/\/api.w.org\/{rel}","templated":true}]}}