{"id":293378,"date":"2025-08-03T10:44:12","date_gmt":"2025-08-03T10:44:12","guid":{"rendered":"https:\/\/www.europesays.com\/fr\/293378\/"},"modified":"2025-08-03T10:44:12","modified_gmt":"2025-08-03T10:44:12","slug":"football-en-difficulte-dans-les-couloirs-lasse-attend-deux-defenseurs-rapidement","status":"publish","type":"post","link":"https:\/\/www.europesays.com\/fr\/293378\/","title":{"rendered":"Football. En difficult\u00e9 dans les couloirs, l&rsquo;ASSE attend deux d\u00e9fenseurs rapidement"},"content":{"rendered":"<p>Ce samedi, les Verts ont poursuivi leurs discussions avec deux lat\u00e9raux. Pour occuper les couloirs droit et gauche. Deux manques criants depuis de trop nombreux mois et d\u2019autant plus avec les d\u00e9parts de P\u00e9trot, Cornud, ainsi que la mise \u00e0 l\u2019\u00e9cart d\u2019Yvann Ma\u00e7on, en qu\u00eate d\u2019un nouveau club apr\u00e8s <a href=\"https:\/\/www.leprogres.fr\/sport\/2025\/07\/25\/yvann-macon-n-ira-pas-au-servette-fc-mais-l-asse-avance-sur-d-autres-pistes\" target=\"_blank\" rel=\"noopener\">l\u2019\u00e9chec des n\u00e9gociations avec le Servette FC<\/a>.<\/p>\n<p>  Le dossier Paul Joly en stand-by<\/p>\n<p>Alors que les dirigeants st\u00e9phanois esp\u00e9raient avancer sur l\u2019Auxerrois Paul Joly sur le flanc droit, le dossier aurait \u00e9t\u00e9 mis en stand-by. C\u2019est le Portugais Joao Ferreira qui tient d\u00e9sormais la corde comme cela a \u00e9t\u00e9 r\u00e9v\u00e9l\u00e9 par le journaliste de Sky Sports, Luca Bendoni. Ce lat\u00e9ral droit form\u00e9 au Benfica (Portugal) appartient \u00e0 Watford (Championship) et sort de deux pr\u00eats s\u00e9rieux \u00e0 l\u2019Udinese (37\u00a0matchs, S\u00e9rie A) puis \u00e0 Braga (32\u00a0matchs, D1 Portugal). Son arriv\u00e9e est imminente, tout comme celle de son potentiel pendant gauche\u00a0: Ebenezer Annan.<\/p>\n<p>\u00c9bruit\u00e9e par la presse serbe, sa signature est esp\u00e9r\u00e9e d\u2019ici lundi par une source proche du dossier. Pass\u00e9 sous les radars apr\u00e8s avoir r\u00e9alis\u00e9 sa post-formation \u00e0 Bologne, ce gaucher ghan\u00e9en a d\u00e9barqu\u00e9 \u00e0 l\u2019\u00c9toile Rouge de Belgrade il y a un an, avant d\u2019\u00eatre pr\u00eat\u00e9 durant les six premiers mois \u00e0 un club moins hupp\u00e9 (OFK\u00a0Beograd). \u00c0 son retour en d\u00e9but d\u2019ann\u00e9e, il s\u2019est directement impos\u00e9 dans le onze de l\u2019\u00c9toile Rouge. Sur le banc depuis la reprise du championnat en juillet, il n\u2019a disput\u00e9 que seize minutes avec son \u00e9quipe, mais a pris part \u00e0 la pr\u00e9paration.<\/p>\n","protected":false},"excerpt":{"rendered":"Ce samedi, les Verts ont poursuivi leurs discussions avec deux lat\u00e9raux. Pour occuper les couloirs droit et gauche.&hellip;\n","protected":false},"author":2,"featured_media":293379,"comment_status":"","ping_status":"","sticky":false,"template":"","format":"standard","meta":{"footnotes":""},"categories":[9653],"tags":[1111,11,4000,2430,7539,1777,674,107,63,1011,27,4002,3367,23100,12,25,4001,7538,517],"class_list":{"0":"post-293378","1":"post","2":"type-post","3":"status-publish","4":"format-standard","5":"has-post-thumbnail","7":"category-saint-etienne","8":"tag-actu","9":"tag-actualites","10":"tag-asse-as-saint-etienne-football","11":"tag-auvergne-rhone-alpes","12":"tag-edition-loire-sud","13":"tag-eu","14":"tag-europe","15":"tag-fil-info","16":"tag-football","17":"tag-fr","18":"tag-france","19":"tag-haute-loire","20":"tag-loire","21":"tag-mercato-football","22":"tag-news","23":"tag-republique-francaise","24":"tag-saint-etienne","25":"tag-saint-etienne-ville","26":"tag-sport"},"share_on_mastodon":{"url":"https:\/\/pubeurope.com\/@fr\/114964428449368826","error":""},"_links":{"self":[{"href":"https:\/\/www.europesays.com\/fr\/wp-json\/wp\/v2\/posts\/293378","targetHints":{"allow":["GET"]}}],"collection":[{"href":"https:\/\/www.europesays.com\/fr\/wp-json\/wp\/v2\/posts"}],"about":[{"href":"https:\/\/www.europesays.com\/fr\/wp-json\/wp\/v2\/types\/post"}],"author":[{"embeddable":true,"href":"https:\/\/www.europesays.com\/fr\/wp-json\/wp\/v2\/users\/2"}],"replies":[{"embeddable":true,"href":"https:\/\/www.europesays.com\/fr\/wp-json\/wp\/v2\/comments?post=293378"}],"version-history":[{"count":0,"href":"https:\/\/www.europesays.com\/fr\/wp-json\/wp\/v2\/posts\/293378\/revisions"}],"wp:featuredmedia":[{"embeddable":true,"href":"https:\/\/www.europesays.com\/fr\/wp-json\/wp\/v2\/media\/293379"}],"wp:attachment":[{"href":"https:\/\/www.europesays.com\/fr\/wp-json\/wp\/v2\/media?parent=293378"}],"wp:term":[{"taxonomy":"category","embeddable":true,"href":"https:\/\/www.europesays.com\/fr\/wp-json\/wp\/v2\/categories?post=293378"},{"taxonomy":"post_tag","embeddable":true,"href":"https:\/\/www.europesays.com\/fr\/wp-json\/wp\/v2\/tags?post=293378"}],"curies":[{"name":"wp","href":"https:\/\/api.w.org\/{rel}","templated":true}]}}