{"id":293384,"date":"2025-08-03T10:50:12","date_gmt":"2025-08-03T10:50:12","guid":{"rendered":"https:\/\/www.europesays.com\/fr\/293384\/"},"modified":"2025-08-03T10:50:12","modified_gmt":"2025-08-03T10:50:12","slug":"le-combat-du-prefet-et-du-directeur-du-sdis-34","status":"publish","type":"post","link":"https:\/\/www.europesays.com\/fr\/293384\/","title":{"rendered":"le combat du pr\u00e9fet et du directeur du Sdis 34"},"content":{"rendered":"<p>            Par<br \/>\n        <strong><br \/>\n            <a href=\"https:\/\/actu.fr\/auteur\/jm-aubert\" title=\"Consulter tous les articles de Jean-Marc Aubert\" target=\"_blank\" rel=\"noopener\">Jean-Marc Aubert<\/a><br \/>\n        <\/strong><\/p>\n<p>        Publi\u00e9 le<\/p>\n<p>            3 ao\u00fbt 2025 \u00e0 9h23        <\/p>\n<p><strong>M\u00e9tropolitain<\/strong> a r\u00e9v\u00e9l\u00e9, ce samedi 2 ao\u00fbt 2025, que les <strong>ambulances des sapeurs-pompiers de l\u2019H\u00e9rault<\/strong> \u00e9taient d\u00e9sormais intertitres d\u2019acc\u00e8s dans le service des urgences de l\u2019<strong>h\u00f4pital de B\u00e9ziers<\/strong>, ainsi que les ambulances priv\u00e9es, en raison d\u2019une surcharge de travail des m\u00e9decins et des soignants, en manque d(\u2018effectifs et d\u2019un afflux important de malades et de bless\u00e9s, en raison de vacanciers.<\/p>\n<p class=\" wall-content\">Le <strong>SNSPP-PATS 34<\/strong> et le <strong>Syndicat autonome<\/strong> -SA- du Sdis 34 d\u00e9noncent cette situation, qui a connu un pic inattendu le 9 juillet dernier avec plus de trois heures d\u2019attente. Le SNSPP-PATS a donc \u00e9crit le 19 juillet au <strong>contr\u00f4leur g\u00e9n\u00e9ral Eric Flor\u00e8s,<\/strong> directeur du Sdis 34 pour demander qu\u2019une solution rapide soit trouver pour que ces situations ne perdurent plus.<\/p>\n<p>    <a href=\"https:\/\/www.google.com\/maps\/embed?pb=!1m18!1m12!1m3!1d3977.6743497536704!2d3.2517531924698093!3d43.3403416748116!2m3!1f0!2f0!3f0!3m2!1i1024!2i768!4f13.1!3m3!1m2!1s0x12b10e21ea54e7f1%3A0x351455cdf7992049!2sCentre%20Hospitalier%20de%20B%C3%A9ziers!5e0!3m2!1sfr!2sfr!4v1754202285727!5m2!1sfr!2sfr\" title=\"Ouvrie le lien\" target=\"_blank\" rel=\"noopener\">Cliquez ici pour visualiser le contenu<\/a><\/p>\n<p>    <img   decoding=\"async\" loading=\"lazy\" src=\"https:\/\/www.europesays.com\/fr\/wp-content\/uploads\/2025\/08\/0-112-960x640.jpeg\" alt=\"Le pr\u00e9fet de l'H\u00e9rault, Fran\u00e7ois-Xavier Lauch a pr\u00e9sent\u00e9 ses priorit\u00e9s pour lutter contre la d\u00e9linquance \" width=\"960\" height=\"640\"\/><br \/>\n    Le pr\u00e9fet de l\u2019H\u00e9rault, Fran\u00e7ois-Xavier Lauch a pr\u00e9sent\u00e9 ses priorit\u00e9s pour lutter contre la d\u00e9linquance (\u00a9JMA \/ M\u00e9tropolitain)<\/p>\n<p class=\" wall-content\">Une r\u00e9alit\u00e9 qui est connue du <strong>pr\u00e9fet de l\u2019H\u00e9rault,<\/strong>\u00a0Fran\u00e7ois-Xavier Lauch, de l\u2019<strong>Agence r\u00e9gionale de sant\u00e9<\/strong> -ARS- d\u2019Occitanie et du directeur du Sdis, tous au chevet des urgences de l\u2019h\u00f4pital de B\u00e9ziers. \u00ab\u00a0\u00c9ric Flor\u00e8s a attir\u00e9 l\u2019attention du pr\u00e9fet depuis plusieurs mois sur ce sujet, bien avant le courrier du syndicat re\u00e7u le 19 juillet, et le repr\u00e9sentant de l\u2019\u00c9tat a rapidement r\u00e9uni, \u00e0 la mi-juin, tous les directeurs des h\u00f4pitaux, des cliniques et autres \u00e9tablissements de soins qui disposent d\u2019un agr\u00e9ment pour les urgences, en leur rappelant l\u2019obligation d\u2019accueillir les patients 24h sur 24. Il a \u00e9galement demand\u00e9 que soit mise en place la d\u00e9pose de proximit\u00e9 aupr\u00e8s des centres de soins les plus proches, pour les pathologies non graves et donc non urgentes\u00a0\u00bb, indique ce dimanche 3 ao\u00fbt 2025, le lieutenant-colonel J\u00e9r\u00f4me Bonnafoux, chef d\u2019\u00e9tat-major du Sdis de l\u2019H\u00e9rault.<\/p>\n<p>Vid\u00e9os : en ce moment sur Actu<\/p>\n<p class=\" wall-content\">L\u2019officier ajoute que, \u00ab\u00a0la direction du Sdis n\u2019a de cesse, lors des r\u00e9unions de s\u00e9curit\u00e9 en pr\u00e9fecture, et lors des r\u00e9unions du Comit\u00e9 d\u00e9partemental de l\u2019aide m\u00e9dicale urgente, de la permanence des soins et des transports sanitaires, le Codamups, d\u2019alerter sur le temps d\u2019attente aux urgences, dont la cons\u00e9quence premi\u00e8re est la d\u00e9sorganisation de la couverture op\u00e9rationnelle, car il faut recourir \u00e0 des renforts d\u2019autre casernes, quand les ambulances des sapeurs-pompiers d\u2019Agde et\/ou de B\u00e9ziers sont toutes bloqu\u00e9es dans le SAS des urgences pendant de longs moments\u00a0\u00bb.<\/p>\n<p class=\" wall-content\">Les <a href=\"https:\/\/actu.fr\/occitanie\/beziers_34032\/beziers-les-urgences-du-centre-hospitalier-saturees-fermees-deux-jours_56019966.html\" target=\"_blank\" rel=\"noopener\">urgences de l\u2019h\u00f4pital de B\u00e9ziers compl\u00e8tement satur\u00e9es<\/a> avaient \u00e9t\u00e9 ferm\u00e9es deux jours cons\u00e9cutifs qui por\u00e9c\u00e9daient un week-end en d\u00e9cembre 2022, le personnel n\u2019\u00e9tant plus en mesure de recueillir tous les patients amen\u00e9s en ambulance.<\/p>\n<p>    <img   decoding=\"async\" loading=\"lazy\" src=\"https:\/\/www.europesays.com\/fr\/wp-content\/uploads\/2025\/08\/capture-decran-2018-07-11-a-101843-960x640.png\" alt=\"Le contr\u00f4leur g\u00e9n\u00e9ral Eric Flores directeur du Sdis 34 a alert\u00e9 le pr\u00e9fet sur la situation des urgences  de B\u00e9ziers \" width=\"960\" height=\"640\"\/><br \/>\n    Le contr\u00f4leur g\u00e9n\u00e9ral Eric Flores directeur du Sdis 34 a alert\u00e9 le pr\u00e9fet sur la situation des urgences de B\u00e9ziers (\u00a9M\u00e9tropolitain)C\u2019est quoi le Codamups ?<\/p>\n<p class=\" wall-content\">Le <strong>Codamups<\/strong> est une instance consultative qui veille \u00e0 la qualit\u00e9 de la r\u00e9ponse d\u2019urgence, \u00e0 l\u2019organisation des soins ambulatoires et aux transports sanitaires.\u00a0Dans chaque d\u00e9partement, il veille \u00e0 la qualit\u00e9 de la distribution de l\u2019aide m\u00e9dicale urgente, \u00e0 l\u2019organisation de la permanence des soins et \u00e0 son ajustement aux besoins de la population dans le respect du cahier des charges r\u00e9gional.\u00a0Il s\u2019assure de la coop\u00e9ration des personnes physiques et morales participant \u00e0 l\u2019aide m\u00e9dicale urgente, au dispositif de la permanence des soins et aux transports sanitaires.<\/p>\n<p class=\" wall-content\">\u00ab\u00a0Cet article paru samedi dans <strong>M\u00e9tropolitain<\/strong>\u00a0rendant publique cette incroyable situation qui perdure devrait enfin faire bouger les choses, dans l\u2019organisation du service des urgences de l\u2019h\u00f4pital de B\u00e9ziers. Il faut que des mesures rapides soient prises, il est scandaleux que des ambulances, qu\u2019elles soient des pompiers ou priv\u00e9es charg\u00e9es de patients restent bloqu\u00e9es jusqu\u2019\u00e0 trois heures les unes derri\u00e8re les autres sur le parking, dans la rampe d\u2019acc\u00e8s jusqu\u2019au SAS des urgences, d\u2019autant que l\u2019\u00e9tat de certaines personnes prises en charge peut s\u2019aggraver \u00e0 tout moment, m\u00eame si les urgences vitales sont assur\u00e9es par le personnel m\u00e9dical\u00a0\u00bb, t\u00e9moigne un syndicaliste du Sdis 34.<\/p>\n<p>L\u2019ARS alert\u00e9e\u00a0<\/p>\n<p class=\" wall-content\">Cette fi\u00e8vre est mont\u00e9e d\u2019un cran ce samedi, face au refus de la direction de l\u2019h\u00f4pital de B\u00e9ziers d\u2019accueillir les ambulances des pompiers et priv\u00e9es aux urgences, dont on ignore ce dimanche matin si cet ordre perdure ou non : le <strong>Samu 34<\/strong>\u00a0bas\u00e9 au CHU de Montpellier qui intervient apr\u00e8s des appels re\u00e7us au 18\/112 et\/ou ou Centre 15 au Centre d\u00e9partemental des appels de l\u2019urgence -CDAU- \u00e0 Vailhauqu\u00e8s, a une nouvelle fois alert\u00e9 l\u2019ARS pour qu\u2019une solution soit rapidement trouv\u00e9e. Le pr\u00e9fet de l\u2019H\u00e9rault a du (encore) taper du poing sur la table pour \u00eatre entendu et pour mettre fin \u00e0 cette pol\u00e9mique, qui n\u2019a pas lieu d\u2019\u00eatre dans le domaine de sant\u00e9 publique.<\/p>\n<p class=\" wall-content\">Suivez toute l\u2019actualit\u00e9 de vos villes et m\u00e9dias favoris en vous inscrivant \u00e0 <a href=\"https:\/\/moncompte.actu.fr\" title=\"D\u00e9couvez Mon Actu\" rel=\"nofollow noopener\" data-trk=\"{&quot;cta&quot;:{&quot;action&quot;:&quot;https:\\\/\\\/moncompte.actu.fr&quot;,&quot;category&quot;:&quot;mon compte&quot;,&quot;from&quot;:&quot;article footer&quot;,&quot;name&quot;:&quot;Mon actu&quot;,&quot;type&quot;:&quot;cta&quot;}}\" target=\"_blank\">Mon Actu<\/a>.<\/p>\n<ul class=\"ac-article-tag wall-content\">\n<li><a href=\"https:\/\/actu.fr\/tag\/chu-de-montpellier\" data-trk=\"{&quot;cta&quot;:{&quot;action&quot;:&quot;CHU de Montpellier&quot;,&quot;category&quot;:&quot;tag&quot;,&quot;from&quot;:&quot;article footer&quot;,&quot;name&quot;:&quot;CHU de Montpellier&quot;,&quot;type&quot;:&quot;cta&quot;}}\" target=\"_blank\" rel=\"noopener\">#CHU de Montpellier<\/a><\/li>\n<li><a href=\"https:\/\/actu.fr\/tag\/pompiers\" data-trk=\"{&quot;cta&quot;:{&quot;action&quot;:&quot;Pompiers&quot;,&quot;category&quot;:&quot;tag&quot;,&quot;from&quot;:&quot;article footer&quot;,&quot;name&quot;:&quot;Pompiers&quot;,&quot;type&quot;:&quot;cta&quot;}}\" target=\"_blank\" rel=\"noopener\">#Pompiers<\/a><\/li>\n<\/ul>\n","protected":false},"excerpt":{"rendered":"Par Jean-Marc Aubert Publi\u00e9 le 3 ao\u00fbt 2025 \u00e0 9h23 M\u00e9tropolitain a r\u00e9v\u00e9l\u00e9, ce samedi 2 ao\u00fbt 2025,&hellip;\n","protected":false},"author":2,"featured_media":293385,"comment_status":"","ping_status":"","sticky":false,"template":"","format":"standard","meta":{"footnotes":""},"categories":[9599],"tags":[1111,11,15154,1777,674,118,1011,27,2208,12,2680,1311,25],"class_list":{"0":"post-293384","1":"post","2":"type-post","3":"status-publish","4":"format-standard","5":"has-post-thumbnail","7":"category-montpellier","8":"tag-actu","9":"tag-actualites","10":"tag-chu-de-montpellier","11":"tag-eu","12":"tag-europe","13":"tag-faits-divers","14":"tag-fr","15":"tag-france","16":"tag-montpellier","17":"tag-news","18":"tag-occitanie","19":"tag-pompiers","20":"tag-republique-francaise"},"share_on_mastodon":{"url":"https:\/\/pubeurope.com\/@fr\/114964452243650583","error":""},"_links":{"self":[{"href":"https:\/\/www.europesays.com\/fr\/wp-json\/wp\/v2\/posts\/293384","targetHints":{"allow":["GET"]}}],"collection":[{"href":"https:\/\/www.europesays.com\/fr\/wp-json\/wp\/v2\/posts"}],"about":[{"href":"https:\/\/www.europesays.com\/fr\/wp-json\/wp\/v2\/types\/post"}],"author":[{"embeddable":true,"href":"https:\/\/www.europesays.com\/fr\/wp-json\/wp\/v2\/users\/2"}],"replies":[{"embeddable":true,"href":"https:\/\/www.europesays.com\/fr\/wp-json\/wp\/v2\/comments?post=293384"}],"version-history":[{"count":0,"href":"https:\/\/www.europesays.com\/fr\/wp-json\/wp\/v2\/posts\/293384\/revisions"}],"wp:featuredmedia":[{"embeddable":true,"href":"https:\/\/www.europesays.com\/fr\/wp-json\/wp\/v2\/media\/293385"}],"wp:attachment":[{"href":"https:\/\/www.europesays.com\/fr\/wp-json\/wp\/v2\/media?parent=293384"}],"wp:term":[{"taxonomy":"category","embeddable":true,"href":"https:\/\/www.europesays.com\/fr\/wp-json\/wp\/v2\/categories?post=293384"},{"taxonomy":"post_tag","embeddable":true,"href":"https:\/\/www.europesays.com\/fr\/wp-json\/wp\/v2\/tags?post=293384"}],"curies":[{"name":"wp","href":"https:\/\/api.w.org\/{rel}","templated":true}]}}