{"id":293388,"date":"2025-08-03T10:52:21","date_gmt":"2025-08-03T10:52:21","guid":{"rendered":"https:\/\/www.europesays.com\/fr\/293388\/"},"modified":"2025-08-03T10:52:21","modified_gmt":"2025-08-03T10:52:21","slug":"en-images-decouvrez-la-piscine-du-plateau-est-de-rouen-avant-son-ouverture","status":"publish","type":"post","link":"https:\/\/www.europesays.com\/fr\/293388\/","title":{"rendered":"EN IMAGES. D\u00e9couvrez la piscine du plateau Est de Rouen, avant son ouverture"},"content":{"rendered":"<p>            Par<br \/>\n        <strong><br \/>\n            <a href=\"https:\/\/actu.fr\/auteur\/laredaction\" title=\"Consulter tous les articles de R\u00e9daction Normandie\" target=\"_blank\" rel=\"noopener\">R\u00e9daction Normandie<\/a><br \/>\n        <\/strong><\/p>\n<p>        Publi\u00e9 le<\/p>\n<p>            3 ao\u00fbt 2025 \u00e0 11h58        <\/p>\n<p>Oui, on en a parl\u00e9 ! Oui, certains nous ont accus\u00e9s d\u2019en faire un feuilleton ! Oui, les gens avaient le droit de savoir ce qui se tramait derri\u00e8re les grilles de ce b\u00e2timent qui aurait d\u00fb ouvrir il y a trois ans. Ce b\u00e2timent, <a href=\"https:\/\/actu.fr\/normandie\/belbeuf_76069\/enfilez-vos-maillots-la-date-douverture-est-officiellement-annoncee_62969626.html\" target=\"_blank\" rel=\"noopener\">c\u2019est la piscine du plateau Est de Rouen<\/a>, qui <strong>va (enfin) ouvrir ses portes, le 4 ao\u00fbt<\/strong> <strong>2025<\/strong>. Et on a pu la visiter en avant-premi\u00e8re. Suivez le guide !<\/p>\n<p>    <img   decoding=\"async\" loading=\"lazy\" src=\"https:\/\/www.europesays.com\/fr\/wp-content\/uploads\/2025\/08\/visite-presse-o-cape-belbeuf-2025-1-960x640.jpg\" alt=\"Les portes vont s\u2019ouvrir le lundi 4 ao\u00fbt 2025, \u00e0 14h.\" width=\"960\" height=\"640\"\/><br \/>\n    Les portes vont s\u2019ouvrir le lundi 4 ao\u00fbt 2025, \u00e0 14h. (\u00a9Le Bulletin)Enfin l\u2019ouverture pour la piscine !<\/p>\n<p class=\" wall-content\">Alors qu\u2019il ne briguera pas un nouveau mandat lors des municipales 2026, le maire de Belbeuf, Jean-Guy Lecouteux se dit heureux.<\/p>\n<blockquote class=\"ac-article-quote wall-content\">\n<p>J&rsquo;en veux seulement \u00e0 l&rsquo;ANSES (Agence nationale de s\u00e9curit\u00e9 sanitaire de l&rsquo;alimentation, de l&rsquo;environnement et du travail) qui a mis trois ans \u00e0 rendre une d\u00e9cision et qui n&rsquo;a m\u00eame pas eu le respect, apr\u00e8s le rapport, de nous envoyer un courrier personnalis\u00e9.\n<\/p>\n<p>    <strong> Jean-Guy Lecouteux<\/strong><br \/>\n        Maire de Belbeuf    <\/p><\/blockquote>\n<p>    <img   decoding=\"async\" loading=\"lazy\" src=\"https:\/\/www.europesays.com\/fr\/wp-content\/uploads\/2025\/08\/visite-presse-o-cape-belbeuf-2025-20-960x640.jpg\" alt=\"Le directeur Scyllon Jordany (\u00e0 gauche) a \u00e9t\u00e9 accueilli par les maires Jean-Guy Lecouteux et Bruno Guilbert (au centre).\" width=\"960\" height=\"640\"\/><br \/>\n    Le directeur Scyllon Jordany (\u00e0 gauche) a \u00e9t\u00e9 accueilli par les maires Jean-Guy Lecouteux et Bruno Guilbert (au centre). (\u00a9Le Bulletin)Un investissement de 19 millions d\u2019euros<\/p>\n<p class=\" wall-content\">Mais aujourd\u2019hui, tout cela est derri\u00e8re les \u00e9lus : Apr\u00e8s 19 millions d\u2019investissements dont 6 millions subventionn\u00e9s (M\u00e9tropole Rouen Normandie : 2 millions d\u2019euros \/ R\u00e9gion Normandie : 1,5 million d\u2019euros \/ D\u00e9partement de la Seine-Maritime : 1,2 million d\u2019euros \/ \u00c9tat : 1 million d\u2019euros \/ ADEME : 260 000 euros) et 1 million d\u2019euros suppl\u00e9mentaire pour remplacer la fameuse filtration biomin\u00e9rale interdite, un seul mot est \u00e0 retenir quand on vous ouvre les portes : superbe ! Ainsi, d\u00e8s le lundi 4 ao\u00fbt \u00e0 14h, le centre aqualudique O\u2019Cape \u00e0 Belbeuf, avec une capacit\u00e9 d\u2019accueil dans tout le b\u00e2timent de 1 100 personnes, \u00ab r\u00e9pondra \u00e0 tous les besoins des amateurs d\u2019activit\u00e9s aqualudiques \u00bb, avec des \u00e9quipements et des services de qualit\u00e9.<\/p>\n<p>Objectif : 220 000 entr\u00e9es en ann\u00e9e pleine<\/p>\n<p class=\" wall-content\">L\u2019\u00e9tablissement sera dirig\u00e9 par Scyllon Jordany, fort de cinq ann\u00e9es d\u2019exp\u00e9rience dans le groupe R\u00e9cr\u00e9a, au sein duquel il a \u00e9t\u00e9 directeur-adjoint d\u2019Euroc\u00e9ane, \u00e0 Mont-Saint-Aignan.<\/p>\n<blockquote class=\"ac-article-quote wall-content\">\n<p>L&rsquo;ouverture d&rsquo;un nouveau centre aquatique est un joli challenge. Je suis assez excit\u00e9 avec une bonne dose de stress avec tous ces pr\u00e9paratifs pour accueillir au mieux les premiers clients. Il faut penser \u00e0 tout. Je m&rsquo;attends \u00e0 avoir beaucoup de monde imm\u00e9diatement. C&rsquo;est pourquoi, nous avons recrut\u00e9 une trentaine de salari\u00e9s dont huit ma\u00eetres-nageurs. Quelques-uns sont des habitants du plateau Est. J&rsquo;ai vraiment h\u00e2te d&rsquo;\u00eatre en exploitation. <\/p>\n<p>    <strong>Scyllon Jordany<\/strong><br \/>\n        Directeur du centre aquatique    <\/p><\/blockquote>\n<p>    <img   decoding=\"async\" loading=\"lazy\" src=\"https:\/\/www.europesays.com\/fr\/wp-content\/uploads\/2025\/08\/visite-presse-o-cape-belbeuf-2025-4-960x640.jpg\" alt=\"Les vestiaires sont dot\u00e9s de s\u00e8ches cheveux modernes.\" width=\"960\" height=\"640\"\/><br \/>\n    Les vestiaires sont dot\u00e9s de s\u00e8ches cheveux modernes. (\u00a9Le Bulletin)Des \u00e9quipements dernier cri<\/p>\n<p class=\" wall-content\">Et pour atteindre les 220 000 entr\u00e9es en ann\u00e9e pleine, les 31 000 habitants des dix communes engag\u00e9es pourront b\u00e9n\u00e9ficier tout de suite d\u2019un accueil chaleureux o\u00f9 il sera possible d\u2019acheter des maillots de bain, des bonnets et des lunettes. De vestiaires avec des s\u00e8che-cheveux et pr\u00e8s de 1 100 casiers de derni\u00e8re g\u00e9n\u00e9ration seront \u00e9galement \u00e0 disposition du public.<\/p>\n<p>    <img   decoding=\"async\" loading=\"lazy\" src=\"https:\/\/www.europesays.com\/fr\/wp-content\/uploads\/2025\/08\/visite-presse-o-cape-belbeuf-2025-10-960x640.jpg\" alt=\"Les petits auront une belle pataugeoire.\" width=\"960\" height=\"640\"\/><br \/>\n    Les petits auront une belle pataugeoire. (\u00a9Le Bulletin)Bassin ludique, pataugeoire, grand bassin, toboggans\u2026<\/p>\n<p class=\" wall-content\">Une fois sous la halle, ils auront acc\u00e8s au bassin ludique profond d\u20191m20, \u00e0 la pataugeoire, au grand bassin avec ses six couloirs de 25 m, aux trois toboggans du Pentagliss et \u00e0 l\u2019espace ext\u00e9rieur pour une bronzette sur les 400 m2 de plages min\u00e9ralis\u00e9es et les 1 400 m2 du solarium v\u00e9g\u00e9talis\u00e9.<\/p>\n<p>    <img   decoding=\"async\" loading=\"lazy\" src=\"https:\/\/www.europesays.com\/fr\/wp-content\/uploads\/2025\/08\/visite-presse-o-cape-belbeuf-2025-24-960x640.jpg\" alt=\"D\u00e8s le 13 septembre, les clients auront acc\u00e8s au jacuzzi.\" width=\"960\" height=\"640\"\/><br \/>\n    D\u00e8s le 13 septembre, les clients auront acc\u00e8s au jacuzzi. (\u00a9Le Bulletin)Le site sera ouvert \u00e0 100% d\u00e8s le 13 septembre<\/p>\n<p class=\" wall-content\">\u00c7a, c\u2019est dans un premier temps. Car 100% de O\u2019Cape ne sera ouvert qu\u2019\u00e0 partir du samedi 13 septembre, \u00ab notamment, les remises en forme s\u00e8che et humide \u00e0 l\u2019\u00e9tage avec le hammam, le jacuzzi, le sauna, les salles fitness, d\u00e9tente, cardio et le bassin de relaxation \u00bb, pr\u00e9cisent les responsables.<\/p>\n<p>    <img   decoding=\"async\" loading=\"lazy\" src=\"https:\/\/www.europesays.com\/fr\/wp-content\/uploads\/2025\/08\/visite-presse-o-cape-belbeuf-2025-5-960x640.jpg\" alt=\"Les nageurs pourront ranger les affaires dans pr\u00e8s de 1 100 casiers.\" width=\"960\" height=\"640\"\/><br \/>\n    Les nageurs pourront ranger les affaires dans pr\u00e8s de 1 100 casiers. (\u00a9Le Bulletin)Cr\u00e9neaux \u00e9coliers d\u00e8s le 1er octobre<\/p>\n<p class=\" wall-content\">Les \u00e9coliers, eux, arriveront \u00e0 partir du 1er octobre. Toutes les classes de la grande section de maternelle au CM2 iront \u00e0 la piscine. Il restera aussi de la place pour d\u2019autres communes. \u00ab Pour les associations, nous verrons au cas par cas, car il n\u2019en existe pas encore \u00bb, a indiqu\u00e9 Bruno Guilbert, maire de Franqueville-Saint-Pierre.<\/p>\n<p>    <img   decoding=\"async\" loading=\"lazy\" src=\"https:\/\/www.europesays.com\/fr\/wp-content\/uploads\/2025\/08\/visite-presse-o-cape-belbeuf-2025-15-960x640.jpg\" alt=\"Les trois toboggans devraient avoir du succ\u00e8s !\" width=\"960\" height=\"640\"\/><br \/>\n    Les trois toboggans devraient avoir du succ\u00e8s ! (\u00a9Le Bulletin)Portes ouvertes du 5 au 7 septembre<\/p>\n<p class=\" wall-content\">Bien entendu, le gestionnaire pr\u00e9voit, lui aussi, des animations comme la soir\u00e9e bien-\u00eatre, l\u2019aqua-cin\u00e9 ou encore l\u2019accueil de comp\u00e9titions au niveau r\u00e9gional. L\u2019inauguration officielle de O\u2019Cape se fera le 10 septembre, \u00e0 15h et des journ\u00e9es portes ouvertes sont organis\u00e9es du vendredi 5 au dimanche 7 septembre.<\/p>\n<p>    <img   decoding=\"async\" loading=\"lazy\" src=\"https:\/\/www.europesays.com\/fr\/wp-content\/uploads\/2025\/08\/visite-presse-o-cape-belbeuf-2025-18-960x640.jpg\" alt=\"Le grand bassin pourra accueillir des comp\u00e9titions de niveau r\u00e9gional.\" width=\"960\" height=\"640\"\/><br \/>\n    Le grand bassin pourra accueillir des comp\u00e9titions de niveau r\u00e9gional. (\u00a9Le Bulletin)Cent-dix places de stationnement<\/p>\n<p class=\" wall-content\">En attendant, vous pouvez donc acc\u00e9der facilement \u00e0 cette piscine si attendue gr\u00e2ce aux 110 places de stationnement enherb\u00e9es, le parking du lyc\u00e9e Galil\u00e9e \u00e0 quelque 200 m\u00e8tres, \u00e0 v\u00e9lo par les pistes cyclables ou encore par les lignes du R\u00e9seau Astuces F5 et 14 (Belbeuf-Darn\u00e9tal).<\/p>\n<p>    <img   decoding=\"async\" loading=\"lazy\" src=\"https:\/\/www.europesays.com\/fr\/wp-content\/uploads\/2025\/08\/visite-presse-o-cape-belbeuf-2025-25-960x640.jpg\" alt=\"Il sera possible de faire bronzette sur les 1 400 m2 sur le solarium v\u00e9g\u00e9talis\u00e9.\" width=\"960\" height=\"640\"\/><br \/>\n    Il sera possible de faire bronzette sur les 1 400 m2 sur le solarium v\u00e9g\u00e9talis\u00e9. (\u00a9Le Bulletin)Tarifs modul\u00e9s en fonction de votre lieu de r\u00e9sidence<\/p>\n<p class=\" wall-content\">N\u2019oubliez pas que les tarifs sont modul\u00e9s en fonction de votre lieu de r\u00e9sidence. Les habitants des 10 communes du SICAPER doivent pr\u00e9senter un justificatif et pour les autres, c\u2019est plein pot (tarifs adultes : 6,50 euros \/ 4,40 euros \u2013 tarifs enfants :\u00a0 5,50 euros \/ 3,70 euros \u2013 Formules Libert\u00e9 illimit\u00e9e : 54 euros par mois (2 mois minimum) \/ 36 euros).<\/p>\n<p>    <img   decoding=\"async\" loading=\"lazy\" src=\"https:\/\/www.europesays.com\/fr\/wp-content\/uploads\/2025\/08\/visite-presse-o-cape-belbeuf-2025-28-960x640.jpg\" alt=\"Apr\u00e8s trois ans d\u2019attente, O\u2019Cape s\u2019attend \u00e0 recevoir \u00e9norm\u00e9ment de monde d\u00e8s le premier jour.\" width=\"960\" height=\"640\"\/><br \/>\n    Apr\u00e8s trois ans d\u2019attente, O\u2019Cape s\u2019attend \u00e0 recevoir \u00e9norm\u00e9ment de monde d\u00e8s le premier jour. (\u00a9Le Bulletin)<strong>Infos pratiques<\/strong><br \/>\nO\u2019Cape, 1331 route de Franqueville 76240 Belbeuf :\u00a0<a href=\"https:\/\/www.o-cape.fr\/\" target=\"_blank\" rel=\"noopener\"> www.o-cape.fr<\/a>Suivez l\u2019actualit\u00e9 de Rouen <a href=\"https:\/\/www.whatsapp.com\/channel\/0029VaKfnf99hXF2ddApFB1D\" target=\"_blank\" rel=\"noopener\">sur notre cha\u00eene WhatsApp<\/a> et <a href=\"https:\/\/www.tiktok.com\/@76actu.fr?lang=fr\" target=\"_blank\" rel=\"noopener\">sur notre compte TikTok<\/a><\/p>\n<p class=\" wall-content\">Suivez toute l\u2019actualit\u00e9 de vos villes et m\u00e9dias favoris en vous inscrivant \u00e0 <a href=\"https:\/\/moncompte.actu.fr\" title=\"D\u00e9couvez Mon Actu\" rel=\"nofollow noopener\" data-trk=\"{&quot;cta&quot;:{&quot;action&quot;:&quot;https:\\\/\\\/moncompte.actu.fr&quot;,&quot;category&quot;:&quot;mon compte&quot;,&quot;from&quot;:&quot;article footer&quot;,&quot;name&quot;:&quot;Mon actu&quot;,&quot;type&quot;:&quot;cta&quot;}}\" target=\"_blank\">Mon Actu<\/a>.<\/p>\n<p>                    <script async src=\"\/\/www.tiktok.com\/embed.js\"><\/script><\/p>\n","protected":false},"excerpt":{"rendered":"Par R\u00e9daction Normandie Publi\u00e9 le 3 ao\u00fbt 2025 \u00e0 11h58 Oui, on en a parl\u00e9 ! Oui, certains&hellip;\n","protected":false},"author":2,"featured_media":293389,"comment_status":"","ping_status":"","sticky":false,"template":"","format":"standard","meta":{"footnotes":""},"categories":[9587],"tags":[1111,11,1777,674,1011,27,1652,12,5161,31081,25,9590],"class_list":{"0":"post-293388","1":"post","2":"type-post","3":"status-publish","4":"format-standard","5":"has-post-thumbnail","7":"category-rouen","8":"tag-actu","9":"tag-actualites","10":"tag-eu","11":"tag-europe","12":"tag-fr","13":"tag-france","14":"tag-loisirs-culture","15":"tag-news","16":"tag-normandie","17":"tag-plateau-est-rouen","18":"tag-republique-francaise","19":"tag-rouen"},"share_on_mastodon":{"url":"https:\/\/pubeurope.com\/@fr\/114964460270542613","error":""},"_links":{"self":[{"href":"https:\/\/www.europesays.com\/fr\/wp-json\/wp\/v2\/posts\/293388","targetHints":{"allow":["GET"]}}],"collection":[{"href":"https:\/\/www.europesays.com\/fr\/wp-json\/wp\/v2\/posts"}],"about":[{"href":"https:\/\/www.europesays.com\/fr\/wp-json\/wp\/v2\/types\/post"}],"author":[{"embeddable":true,"href":"https:\/\/www.europesays.com\/fr\/wp-json\/wp\/v2\/users\/2"}],"replies":[{"embeddable":true,"href":"https:\/\/www.europesays.com\/fr\/wp-json\/wp\/v2\/comments?post=293388"}],"version-history":[{"count":0,"href":"https:\/\/www.europesays.com\/fr\/wp-json\/wp\/v2\/posts\/293388\/revisions"}],"wp:featuredmedia":[{"embeddable":true,"href":"https:\/\/www.europesays.com\/fr\/wp-json\/wp\/v2\/media\/293389"}],"wp:attachment":[{"href":"https:\/\/www.europesays.com\/fr\/wp-json\/wp\/v2\/media?parent=293388"}],"wp:term":[{"taxonomy":"category","embeddable":true,"href":"https:\/\/www.europesays.com\/fr\/wp-json\/wp\/v2\/categories?post=293388"},{"taxonomy":"post_tag","embeddable":true,"href":"https:\/\/www.europesays.com\/fr\/wp-json\/wp\/v2\/tags?post=293388"}],"curies":[{"name":"wp","href":"https:\/\/api.w.org\/{rel}","templated":true}]}}