{"id":293392,"date":"2025-08-03T10:58:10","date_gmt":"2025-08-03T10:58:10","guid":{"rendered":"https:\/\/www.europesays.com\/fr\/293392\/"},"modified":"2025-08-03T10:58:10","modified_gmt":"2025-08-03T10:58:10","slug":"a-rennes-ce-restaurant-emblematique-du-mail-francois-mitterrand-change-de-main-et-de-concept","status":"publish","type":"post","link":"https:\/\/www.europesays.com\/fr\/293392\/","title":{"rendered":"\u00c0 Rennes, ce restaurant embl\u00e9matique du mail Fran\u00e7ois-Mitterrand change de main et de concept"},"content":{"rendered":"<p>            Par<br \/>\n        <strong><br \/>\n            <a href=\"https:\/\/actu.fr\/auteur\/brian-legoff\" title=\"Consulter tous les articles de Brian Le Goff\" target=\"_blank\" rel=\"noopener\">Brian Le Goff<\/a><br \/>\n        <\/strong><\/p>\n<p>        Publi\u00e9 le<\/p>\n<p>            3 ao\u00fbt 2025 \u00e0 12h06        <\/p>\n<p><strong>Ouvert en 2021,<\/strong> Canal 99 s\u2019est impos\u00e9 en quelques ann\u00e9es dans le paysage rennais, notamment gr\u00e2ce \u00e0 <strong>l\u2019allure originale du b\u00e2timent<\/strong> dans lequel il est install\u00e9, <strong>au bout du mail Fran\u00e7ois-Mitterrand,<\/strong> \u00e0 l\u2019ouest du centre-ville de <a href=\"https:\/\/actu.fr\/rennes\/\" target=\"_blank\" rel=\"noopener\">Rennes<\/a>. Et, en ce mois d\u2019ao\u00fbt\u00a02025, le bar \u00e0 cocktails et restaurant vit ses <strong>derniers jours d\u2019ouverture<\/strong>.<\/p>\n<p class=\" wall-content\">En effet, <strong>dans une publication sur Instagram,<\/strong> ses g\u00e9rants ont annonc\u00e9<strong> \u00ab\u2009c\u00e9der la toque\u2009\u00bb<\/strong>. Jusqu\u2019alors dirig\u00e9 par Yves Lucas, le restaurant change de main et est<strong> repris par un couple compos\u00e9 d\u2019une bretonne et d\u2019un italien<\/strong>, Audrey et Grazianno. Il <strong>fermera ses portes le 17\u00a0ao\u00fbt<\/strong>\u00a0afin de r\u00e9aliser des travaux de r\u00e9am\u00e9nagement.<\/p>\n<p class=\" wall-content\"><a href=\"https:\/\/www.instagram.com\/p\/DMihFIMN_fJ\/embed\" title=\"Ouvrir le lien sur Instagram\" target=\"_blank\" rel=\"noopener\">Visualiser le contenu sur Instagram<\/a><\/p>\n<p>Un restaurant-bar italien \u00e0 la place<\/p>\n<p class=\" wall-content\"><strong>\u00c0 la mi-septembre,<\/strong> le lieu rouvrira avec une nouvelle d\u00e9coration et un nouveau concept s\u2019inspirant de la culture du couple de repreneurs, et particuli\u00e8rement de Grazianno. \u00c0 la rentr\u00e9e, Canal 99<strong> change de nom<\/strong> \u2013 il sera d\u00e9voil\u00e9 bient\u00f4t \u2013 et devient un restaurant-bar italien.<\/p>\n<blockquote class=\"ac-article-quote wall-content\">\n<p>Mais plus qu&rsquo;un restaurant italien classique, ce sera un lieu vivant, chaleureux et pluriel, pens\u00e9 pour \u00e9voluer tout au long de la journ\u00e9e. Un endroit o\u00f9 l&rsquo;amour du bien manger rencontre l&rsquo;art de vivre \u00e0 l&rsquo;italienne.<\/p>\n<p>    <strong>Canal 99<\/strong><br \/>\n        Aupr\u00e8s d&rsquo;actu Rennes    <\/p><\/blockquote>\n<p class=\" wall-content\">L\u2019ambition est <strong>d\u2019exploiter au mieux chaque espace<\/strong> et de faire vivre davantage l\u2019\u00e9tablissement du matin jusqu\u2019au soir. <strong>\u00ab\u2009Chaque \u00e9tage aura son ambiance\u2009\u00bb<\/strong>, indique Canal 99 \u00e0 actu Rennes.<\/p>\n<p class=\" wall-content\">Ce sera un restaurant italien qui<strong> ne proposera pas de pizzas,<\/strong> nous annonce-t-on d\u00e9j\u00e0. \u00ab\u2009Grazianno proposera une cuisine italienne venue de sa famille et de la gastronomie qu\u2019il conna\u00eet.\u2009\u00bb<\/p>\n<p class=\" wall-content\">Les <strong>r\u00e9servations sont d\u00e9j\u00e0 possibles<\/strong> pour la r\u00e9ouverture.<\/p>\n<p class=\" wall-content\">Suivez toute l\u2019actualit\u00e9 de vos villes et m\u00e9dias favoris en vous inscrivant \u00e0 <a href=\"https:\/\/moncompte.actu.fr\" title=\"D\u00e9couvez Mon Actu\" rel=\"nofollow noopener\" data-trk=\"{&quot;cta&quot;:{&quot;action&quot;:&quot;https:\\\/\\\/moncompte.actu.fr&quot;,&quot;category&quot;:&quot;mon compte&quot;,&quot;from&quot;:&quot;article footer&quot;,&quot;name&quot;:&quot;Mon actu&quot;,&quot;type&quot;:&quot;cta&quot;}}\" target=\"_blank\">Mon Actu<\/a>.<\/p>\n<ul class=\"ac-article-tag wall-content\">\n<li><a href=\"https:\/\/actu.fr\/tag\/commerce\" data-trk=\"{&quot;cta&quot;:{&quot;action&quot;:&quot;Commerce&quot;,&quot;category&quot;:&quot;tag&quot;,&quot;from&quot;:&quot;article footer&quot;,&quot;name&quot;:&quot;Commerce&quot;,&quot;type&quot;:&quot;cta&quot;}}\" target=\"_blank\" rel=\"noopener\">#Commerce<\/a><\/li>\n<li><a href=\"https:\/\/actu.fr\/tag\/restos-de-rennes\" data-trk=\"{&quot;cta&quot;:{&quot;action&quot;:&quot;Restos de Rennes&quot;,&quot;category&quot;:&quot;tag&quot;,&quot;from&quot;:&quot;article footer&quot;,&quot;name&quot;:&quot;Restos de Rennes&quot;,&quot;type&quot;:&quot;cta&quot;}}\" target=\"_blank\" rel=\"noopener\">#Restos de Rennes<\/a><\/li>\n<\/ul>\n<p>                    <script async src=\"\/\/www.instagram.com\/embed.js\"><\/script><\/p>\n","protected":false},"excerpt":{"rendered":"Par Brian Le Goff Publi\u00e9 le 3 ao\u00fbt 2025 \u00e0 12h06 Ouvert en 2021, Canal 99 s\u2019est impos\u00e9&hellip;\n","protected":false},"author":2,"featured_media":293393,"comment_status":"","ping_status":"","sticky":false,"template":"","format":"standard","meta":{"footnotes":""},"categories":[2821],"tags":[1111,11,829,215,33,1777,674,1011,27,12,584,25,10619],"class_list":{"0":"post-293392","1":"post","2":"type-post","3":"status-publish","4":"format-standard","5":"has-post-thumbnail","7":"category-rennes","8":"tag-actu","9":"tag-actualites","10":"tag-bretagne","11":"tag-commerce","12":"tag-economie","13":"tag-eu","14":"tag-europe","15":"tag-fr","16":"tag-france","17":"tag-news","18":"tag-rennes","19":"tag-republique-francaise","20":"tag-restos-de-rennes"},"share_on_mastodon":{"url":"https:\/\/pubeurope.com\/@fr\/114964483543196130","error":""},"_links":{"self":[{"href":"https:\/\/www.europesays.com\/fr\/wp-json\/wp\/v2\/posts\/293392","targetHints":{"allow":["GET"]}}],"collection":[{"href":"https:\/\/www.europesays.com\/fr\/wp-json\/wp\/v2\/posts"}],"about":[{"href":"https:\/\/www.europesays.com\/fr\/wp-json\/wp\/v2\/types\/post"}],"author":[{"embeddable":true,"href":"https:\/\/www.europesays.com\/fr\/wp-json\/wp\/v2\/users\/2"}],"replies":[{"embeddable":true,"href":"https:\/\/www.europesays.com\/fr\/wp-json\/wp\/v2\/comments?post=293392"}],"version-history":[{"count":0,"href":"https:\/\/www.europesays.com\/fr\/wp-json\/wp\/v2\/posts\/293392\/revisions"}],"wp:featuredmedia":[{"embeddable":true,"href":"https:\/\/www.europesays.com\/fr\/wp-json\/wp\/v2\/media\/293393"}],"wp:attachment":[{"href":"https:\/\/www.europesays.com\/fr\/wp-json\/wp\/v2\/media?parent=293392"}],"wp:term":[{"taxonomy":"category","embeddable":true,"href":"https:\/\/www.europesays.com\/fr\/wp-json\/wp\/v2\/categories?post=293392"},{"taxonomy":"post_tag","embeddable":true,"href":"https:\/\/www.europesays.com\/fr\/wp-json\/wp\/v2\/tags?post=293392"}],"curies":[{"name":"wp","href":"https:\/\/api.w.org\/{rel}","templated":true}]}}