{"id":293394,"date":"2025-08-03T10:59:10","date_gmt":"2025-08-03T10:59:10","guid":{"rendered":"https:\/\/www.europesays.com\/fr\/293394\/"},"modified":"2025-08-03T10:59:10","modified_gmt":"2025-08-03T10:59:10","slug":"81-ans-apres-sa-liberation-rennes-poursuit-son-devoir-de-memoire","status":"publish","type":"post","link":"https:\/\/www.europesays.com\/fr\/293394\/","title":{"rendered":"81\u00a0ans apr\u00e8s sa lib\u00e9ration, Rennes poursuit son devoir de m\u00e9moire"},"content":{"rendered":"<p>Ce lundi 4\u00a0ao\u00fbt 2025, <a href=\"https:\/\/rennes.maville.com\/info\/info-locale\/\" target=\"_blank\" rel=\"nofollow noopener\">Rennes<\/a> (Ille-et-Vilaine) c\u00e9l\u00e8bre le 81e anniversaire de la lib\u00e9ration de la ville. \u00c0 cette occasion, une comm\u00e9moration aura lieu d\u00e8s 11\u00a0h \u00e0 la <a href=\"https:\/\/rennes.maville.com\/actu\/actudet_-en-images.-pres-de-rennes-qui-etaient-les-76-fusilles-de-la-maltiere-_7-5357720_actu.Htm\" target=\"_blank\" rel=\"nofollow noopener\">butte des fusill\u00e9s de la Malti\u00e8re<\/a> \u00e0 Saint-Jacques-de-la-Lande. Puis, anciens combattants, porte-drapeaux, personnalit\u00e9s militaires et civiles d\u00e9poseront des gerbes \u00e0 11\u00a0h\u00a030 au m\u00e9morial des Martyrs de la R\u00e9sistance et de la D\u00e9portation \u00e0 Rennes.<\/p>\n<p>Ouverture d\u2019un chemin m\u00e9moriel \u00e0 Rennes<\/p>\n<p>Un parcours de m\u00e9moire de quatre kilom\u00e8tres (1\u00a0h\u00a030) ouvrira \u00e9galement pour la premi\u00e8re fois d\u00e8s aujourd\u2019hui \u00e0 Rennes. Au d\u00e9part de la place du Colombier, le chemin balis\u00e9 de panneaux explicatifs comporte 13\u00a0\u00e9tapes.\u00a0Des lieux de m\u00e9moires li\u00e9s \u00e0 la r\u00e9sistance et \u00e0 la d\u00e9portation de Bretilliens et Bretilliennes durant la\u00a0Seconde Guerre mondiale.<\/p>\n<p>Il traverse notamment le m\u00e9morial des Martyrs de la R\u00e9sistance et de la D\u00e9portation, le parc des munitionnettes, en hommage aux\u00a0femmes \u00ab\u00a0munitionnettes\u00a0\u00bb, qui ont fabriqu\u00e9 des armes et munitions. Ou encore, une gu\u00e9rite originaire de la place de Baud, sur le chemin de la butte des fusill\u00e9s de la Malti\u00e8re, qui signifiait\u00a0l\u2019occupation nazie. Le parcours s\u2019ach\u00e8ve sur la butte de la Malti\u00e8re, o\u00f9 79\u00a0r\u00e9sistants ont \u00e9t\u00e9 fusill\u00e9s entre 1940 et 1944.<\/p>\n<p>Parcours gratuit, \u00e0 retrouver en PDF sur le site de <a href=\"https:\/\/ici.rennes.fr\/actualites\/2025-07-28-un-chemin-de-memoire-pour-ne-pas-oublier-la-seconde-guerre-mondiale\/\" target=\"_blank\" rel=\"nofollow noopener\">Rennes ville et m\u00e9tropole<\/a>.<\/p>\n<p>\u00a0<\/p>\n","protected":false},"excerpt":{"rendered":"Ce lundi 4\u00a0ao\u00fbt 2025, Rennes (Ille-et-Vilaine) c\u00e9l\u00e8bre le 81e anniversaire de la lib\u00e9ration de la ville. \u00c0 cette&hellip;\n","protected":false},"author":2,"featured_media":293395,"comment_status":"","ping_status":"","sticky":false,"template":"","format":"standard","meta":{"footnotes":""},"categories":[2821],"tags":[43330,1111,11,1764,829,1777,674,1011,27,9985,280,12,2406,584,25],"class_list":{"0":"post-293394","1":"post","2":"type-post","3":"status-publish","4":"format-standard","5":"has-post-thumbnail","7":"category-rennes","8":"tag-43330","9":"tag-actu","10":"tag-actualites","11":"tag-ans","12":"tag-bretagne","13":"tag-eu","14":"tag-europe","15":"tag-fr","16":"tag-france","17":"tag-liberation","18":"tag-memoire","19":"tag-news","20":"tag-poursuit","21":"tag-rennes","22":"tag-republique-francaise"},"share_on_mastodon":{"url":"https:\/\/pubeurope.com\/@fr\/114964487405409079","error":""},"_links":{"self":[{"href":"https:\/\/www.europesays.com\/fr\/wp-json\/wp\/v2\/posts\/293394","targetHints":{"allow":["GET"]}}],"collection":[{"href":"https:\/\/www.europesays.com\/fr\/wp-json\/wp\/v2\/posts"}],"about":[{"href":"https:\/\/www.europesays.com\/fr\/wp-json\/wp\/v2\/types\/post"}],"author":[{"embeddable":true,"href":"https:\/\/www.europesays.com\/fr\/wp-json\/wp\/v2\/users\/2"}],"replies":[{"embeddable":true,"href":"https:\/\/www.europesays.com\/fr\/wp-json\/wp\/v2\/comments?post=293394"}],"version-history":[{"count":0,"href":"https:\/\/www.europesays.com\/fr\/wp-json\/wp\/v2\/posts\/293394\/revisions"}],"wp:featuredmedia":[{"embeddable":true,"href":"https:\/\/www.europesays.com\/fr\/wp-json\/wp\/v2\/media\/293395"}],"wp:attachment":[{"href":"https:\/\/www.europesays.com\/fr\/wp-json\/wp\/v2\/media?parent=293394"}],"wp:term":[{"taxonomy":"category","embeddable":true,"href":"https:\/\/www.europesays.com\/fr\/wp-json\/wp\/v2\/categories?post=293394"},{"taxonomy":"post_tag","embeddable":true,"href":"https:\/\/www.europesays.com\/fr\/wp-json\/wp\/v2\/tags?post=293394"}],"curies":[{"name":"wp","href":"https:\/\/api.w.org\/{rel}","templated":true}]}}