{"id":29340,"date":"2025-04-16T13:58:32","date_gmt":"2025-04-16T13:58:32","guid":{"rendered":"https:\/\/www.europesays.com\/fr\/29340\/"},"modified":"2025-04-16T13:58:32","modified_gmt":"2025-04-16T13:58:32","slug":"les-aventures-de-la-jeune-george-sand-sur-france-2","status":"publish","type":"post","link":"https:\/\/www.europesays.com\/fr\/29340\/","title":{"rendered":"les aventures de la jeune George Sand sur France 2 ?"},"content":{"rendered":"<p>    Nine d\u2019Urso dans Les aventures de la jeune George Sand sur France 2.<br \/>\n                Jean-Philippe BALTEL &#8211; France t\u00e9l\u00e9visions &#8211; Si\u00e8cle productions<\/p>\n<p>Les audiences du lundi 14 avril 2025 pour les programmes diffus\u00e9s en premi\u00e8re partie de soir\u00e9e.<\/p>\n<p class=\"fig-paragraph\">Vacances scolaires obligent, c\u2019est le film Ast\u00e9rix aux Jeux olympiques qui a remport\u00e9 le duel des audiences ce lundi 14 avril 2025. Le long m\u00e9trage, avec\u00a0<a href=\"https:\/\/www.lefigaro.fr\/tag\/clovis-cornillac\" target=\"_blank\" rel=\"noopener nofollow\" data-gtm-custom-categorie=\"navigation\" data-gtm-custom-action=\"crossclick\" data-gtm-custom-label=\"Contextuel\" data-gtm-event=\"customEventSPE\">Clovis Cornillac<\/a>\u00a0et\u00a0<a href=\"https:\/\/www.lefigaro.fr\/tag\/gerard-depardieu\" target=\"_blank\" rel=\"noopener nofollow\" data-gtm-custom-categorie=\"navigation\" data-gtm-custom-action=\"crossclick\" data-gtm-custom-label=\"Contextuel\" data-gtm-event=\"customEventSPE\">G\u00e9rard Depardieu<\/a>, qui y campent les deux h\u00e9ros, et r\u00e9alis\u00e9 par Fr\u00e9d\u00e9ric Forestier et Thomas Langmann a amus\u00e9 3,18 millions de t\u00e9l\u00e9spectateurs repr\u00e9sentant, selon M\u00e9diam\u00e9trie, 19,6 % du public.\u00a0<br \/>\u00c0 noter que la derni\u00e8re diffusion de ce film sorti en 2008 avait conquis 3,99 millions de Fran\u00e7ais (20,5 % du public) en f\u00e9vrier 2023.<\/p>\n<p class=\"fig-paragraph\">France 2 arrive sur la deuxi\u00e8me marche du podium avec le lancement de la mini-s\u00e9rie La rebelle\u00a0: les aventures de la jeune George Sand. 3,12 millions de t\u00e9l\u00e9spectateurs ont suivi l\u2019\u00e9pop\u00e9e port\u00e9e par Nine d\u2019Urso soit 17,6 % du public. Un tr\u00e8s beau score en comparaison de celui enregistr\u00e9 lors de la diffusion de la derni\u00e8re fiction historique de la cha\u00eene Fortune de France qui avait \u00e9t\u00e9 suivie par 2,32 millions de personnes (12 % des Fran\u00e7ais) en septembre 2024.<\/p>\n<p class=\"fig-body-link\">\n            \u00c0 lire aussi<br \/>\n        <a class=\"fig-body-link__link\" href=\"http:\/\/tvmag.lefigaro.fr\/programme-tv\/ce-soir-tele\/etre-une-femme-c-est-toujours-plus-complique-nine-d-urso-apporte-son-soutien-a-la-cause-feministe-20250411\" target=\"_blank\" data-fig-type=\"Article\" rel=\"noopener nofollow\" data-gtm-custom-categorie=\"navigation\" data-gtm-custom-action=\"crossclick\" data-gtm-custom-label=\"Contextuel\" data-gtm-event=\"customEventSPE\" data-fig-domain=\"TVMAG\">\u00ab\u00catre une femme, c\u2019est toujours plus compliqu\u00e9\u00bb\u00a0: Nine d\u2019Urso apporte son soutien \u00e0 la cause f\u00e9ministe<br \/>\n    <\/a>\n<\/p>\n<p class=\"fig-paragraph\">M6 termine en troisi\u00e8me position de la soir\u00e9e avec la suite des \u00e9pisodes in\u00e9dits de la saison 9 de\u00a0<a href=\"https:\/\/www.lefigaro.fr\/tag\/maries-au-premier-regard\" target=\"_blank\" rel=\"noopener nofollow\" data-gtm-custom-categorie=\"navigation\" data-gtm-custom-action=\"crossclick\" data-gtm-custom-label=\"Contextuel\" data-gtm-event=\"customEventSPE\">\u00abMari\u00e9s au premier regard\u00bb<\/a>. 2,13 millions de personnes ont suivi les aventures romantiques et romanesques de l\u2019\u00e9mission de dating soit 11,3 % du public. Un score quasiment \u00e9quivalent \u00e0 celui enregistr\u00e9 la semaine pr\u00e9c\u00e9dente qui \u00e9tait de 2,09 millions de t\u00e9l\u00e9spectateurs (11,4 % des Fran\u00e7ais).<\/p>\n<p class=\"fig-paragraph\">France 3 se place quatri\u00e8me avec le film Les vieux fourneaux 2\u00a0: bons pour l\u2019asile, r\u00e9alis\u00e9 par Christophe Duthuron avec\u00a0<a href=\"https:\/\/www.lefigaro.fr\/tag\/pierre-richard\" target=\"_blank\" rel=\"noopener nofollow\" data-gtm-custom-categorie=\"navigation\" data-gtm-custom-action=\"crossclick\" data-gtm-custom-label=\"Contextuel\" data-gtm-event=\"customEventSPE\">Pierre Richard<\/a>\u00a0et\u00a0<a href=\"https:\/\/www.lefigaro.fr\/tag\/eddy-mitchell\" target=\"_blank\" rel=\"noopener nofollow\" data-gtm-custom-categorie=\"navigation\" data-gtm-custom-action=\"crossclick\" data-gtm-custom-label=\"Contextuel\" data-gtm-event=\"customEventSPE\">Eddy Mitchell<\/a>. Les deux com\u00e9diens, accompagn\u00e9s de Bernard Le Coq, ont amus\u00e9 2,02 millions de personnes repr\u00e9sentant 11,2 % du public.<\/p>\n<p class=\"fig-tv-audience__title\">Audiences de 1\u00e8re partie de soir\u00e9e du lundi 14 avril<\/p>\n<tr>\n<td class=\"fig-tv-audience__position\">1<\/td>\n<td class=\"fig-tv-audience__channel-container\">\n                        <a class=\"fig-channel-media fig-channel-media--no-margin\" href=\"https:\/\/tvmag.lefigaro.fr\/programme-tv\/chaine\/192\/tous-les-programmes-de-tf1\" title=\"Programme TV TF1\" rel=\"nofollow noopener\" target=\"_blank\"><br \/>\n        <img   alt=\"Programme TV TF1\" class=\"fig-img\"\/><\/p>\n<p>    <\/a><\/p>\n<\/td>\n<td class=\"fig-tv-audience__data\">\n                    <a href=\"https:\/\/tvmag.lefigaro.fr\/programme-tv\/programme\/asterix-aux-jeux-olympiques-f342697214\" class=\"fig-tv-audience__program-title\" rel=\"nofollow noopener\" target=\"_blank\"><br \/>\n                        Ast\u00e9rix aux Jeux olympiques<br \/>\n                    <\/a><\/p>\n<p>                        3\u202f182\u202f000 t\u00e9l\u00e9spectateurs<\/p>\n<p>                    19,6\u00a0%<\/p>\n<\/td>\n<\/tr>\n<tr>\n<td class=\"fig-tv-audience__position\">2<\/td>\n<td class=\"fig-tv-audience__channel-container\">\n                        <a class=\"fig-channel-media fig-channel-media--no-margin\" href=\"https:\/\/tvmag.lefigaro.fr\/programme-tv\/chaine\/4\/tous-les-programmes-de-france-2\" title=\"Programme TV France 2\" rel=\"nofollow noopener\" target=\"_blank\"><br \/>\n        <img   alt=\"Programme TV France 2\" class=\"fig-img\"\/><\/p>\n<p>    <\/a><\/p>\n<\/td>\n<td class=\"fig-tv-audience__data\">\n                    <a href=\"https:\/\/tvmag.lefigaro.fr\/programme-tv\/programme\/la-rebelle-les-aventures-de-la-jeune-george-sand-f1814199027\" class=\"fig-tv-audience__program-title\" rel=\"nofollow noopener\" target=\"_blank\"><br \/>\n                        La rebelle\u00a0: Les aventures de la jeune George Sand<br \/>\n                    <\/a><\/p>\n<p>                        3\u202f286\u202f000 t\u00e9l\u00e9spectateurs<\/p>\n<p>                    17,3\u00a0%<\/p>\n<\/td>\n<\/tr>\n<tr>\n<td class=\"fig-tv-audience__position\">3<\/td>\n<td class=\"fig-tv-audience__channel-container\">\n                        <a class=\"fig-channel-media fig-channel-media--no-margin\" href=\"https:\/\/tvmag.lefigaro.fr\/programme-tv\/chaine\/118\/tous-les-programmes-de-m6\" title=\"Programme TV M6\" rel=\"nofollow noopener\" target=\"_blank\"><br \/>\n        <img   alt=\"Programme TV M6\" class=\"fig-img\"\/><\/p>\n<p>    <\/a><\/p>\n<\/td>\n<td class=\"fig-tv-audience__data\">\n                    <a href=\"https:\/\/tvmag.lefigaro.fr\/programme-tv\/programme\/maries-au-premier-regard-f366550816\" class=\"fig-tv-audience__program-title\" rel=\"nofollow noopener\" target=\"_blank\"><br \/>\n                        Mari\u00e9s au premier regard<br \/>\n                    <\/a><\/p>\n<p>                        2\u202f132\u202f000 t\u00e9l\u00e9spectateurs<\/p>\n<p>                    11,3\u00a0%<\/p>\n<\/td>\n<\/tr>\n<tr>\n<td class=\"fig-tv-audience__position\">4<\/td>\n<td class=\"fig-tv-audience__channel-container\">\n                        <a class=\"fig-channel-media fig-channel-media--no-margin\" href=\"https:\/\/tvmag.lefigaro.fr\/programme-tv\/chaine\/80\/tous-les-programmes-de-france-3\" title=\"Programme TV France 3\" rel=\"nofollow noopener\" target=\"_blank\"><br \/>\n        <img   alt=\"Programme TV France 3\" class=\"fig-img\"\/><\/p>\n<p>    <\/a><\/p>\n<\/td>\n<td class=\"fig-tv-audience__data\">\n                    <a href=\"https:\/\/tvmag.lefigaro.fr\/programme-tv\/programme\/les-vieux-fourneaux-2-bons-pour-l-asile-f1507795580\" class=\"fig-tv-audience__program-title\" rel=\"nofollow noopener\" target=\"_blank\"><br \/>\n                        Les Vieux Fourneaux 2\u00a0: bons pour l&rsquo;asile<br \/>\n                    <\/a><\/p>\n<p>                        2\u202f023\u202f000 t\u00e9l\u00e9spectateurs<\/p>\n<p>                    11,2\u00a0%<\/p>\n<\/td>\n<\/tr>\n<tr>\n<td class=\"fig-tv-audience__position\">5<\/td>\n<td class=\"fig-tv-audience__channel-container\">\n                        <a class=\"fig-channel-media fig-channel-media--no-margin\" href=\"https:\/\/tvmag.lefigaro.fr\/programme-tv\/chaine\/195\/tous-les-programmes-de-tmc\" title=\"Programme TV TMC\" rel=\"nofollow noopener\" target=\"_blank\"><br \/>\n        <img   alt=\"Programme TV TMC\" class=\"fig-img\"\/><\/p>\n<p>    <\/a><\/p>\n<\/td>\n<td class=\"fig-tv-audience__data\">\n                    <a href=\"https:\/\/tvmag.lefigaro.fr\/programme-tv\/programme\/star-wars-episode-vii-le-reveil-de-la-force-f732056704\" class=\"fig-tv-audience__program-title\" rel=\"nofollow noopener\" target=\"_blank\"><br \/>\n                        Star Wars Episode VII\u00a0: Le r\u00e9veil de la force<br \/>\n                    <\/a><\/p>\n<p>                        816\u202f000 t\u00e9l\u00e9spectateurs<\/p>\n<p>                    5,8\u00a0%<\/p>\n<\/td>\n<\/tr>\n<tr aria-hidden=\"true\">\n<td class=\"fig-tv-audience__position\">6<\/td>\n<td class=\"fig-tv-audience__channel-container\">\n                        <a class=\"fig-channel-media fig-channel-media--no-margin\" href=\"https:\/\/tvmag.lefigaro.fr\/programme-tv\/chaine\/47\/tous-les-programmes-de-france-5\" title=\"Programme TV France 5\" rel=\"nofollow noopener\" target=\"_blank\"><br \/>\n        <img   alt=\"Programme TV France 5\" class=\"fig-img\"\/><\/p>\n<p>    <\/a><\/p>\n<\/td>\n<td class=\"fig-tv-audience__data\">\n                    <a href=\"https:\/\/tvmag.lefigaro.fr\/programme-tv\/programme\/sur-le-front-f233764972\" class=\"fig-tv-audience__program-title\" rel=\"nofollow noopener\" target=\"_blank\"><br \/>\n                        Sur le front<br \/>\n                    <\/a><\/p>\n<p>                        737\u202f000 t\u00e9l\u00e9spectateurs<\/p>\n<p>                    3,9\u00a0%<\/p>\n<\/td>\n<\/tr>\n<tr aria-hidden=\"true\">\n<td class=\"fig-tv-audience__position\">7<\/td>\n<td class=\"fig-tv-audience__channel-container\">\n                        <a class=\"fig-channel-media fig-channel-media--no-margin\" href=\"https:\/\/tvmag.lefigaro.fr\/programme-tv\/chaine\/119\/tous-les-programmes-de-w9\" title=\"Programme TV W9\" rel=\"nofollow noopener\" target=\"_blank\"><br \/>\n        <img   alt=\"Programme TV W9\" class=\"fig-img\"\/><\/p>\n<p>    <\/a><\/p>\n<\/td>\n<td class=\"fig-tv-audience__data\">\n                    <a href=\"https:\/\/tvmag.lefigaro.fr\/programme-tv\/programme\/le-flic-de-beverly-hills-3-f1542630873\" class=\"fig-tv-audience__program-title\" rel=\"nofollow noopener\" target=\"_blank\"><br \/>\n                        Le flic de Beverly Hills 3<br \/>\n                    <\/a><\/p>\n<p>                        649\u202f000 t\u00e9l\u00e9spectateurs<\/p>\n<p>                    3,8\u00a0%<\/p>\n<\/td>\n<\/tr>\n<tr aria-hidden=\"true\">\n<td class=\"fig-tv-audience__position\">8<\/td>\n<td class=\"fig-tv-audience__channel-container\">\n                        <a class=\"fig-channel-media fig-channel-media--no-margin\" href=\"https:\/\/tvmag.lefigaro.fr\/programme-tv\/chaine\/111\/tous-les-programmes-de-arte\" title=\"Programme TV Arte\" rel=\"nofollow noopener\" target=\"_blank\"><br \/>\n        <img   alt=\"Programme TV Arte\" class=\"fig-img\"\/><\/p>\n<p>    <\/a><\/p>\n<\/td>\n<td class=\"fig-tv-audience__data\">\n                    <a href=\"https:\/\/tvmag.lefigaro.fr\/programme-tv\/programme\/les-liaisons-dangereuses-f319147293\" class=\"fig-tv-audience__program-title\" rel=\"nofollow noopener\" target=\"_blank\"><br \/>\n                        Les liaisons dangereuses<br \/>\n                    <\/a><\/p>\n<p>                        459\u202f000 t\u00e9l\u00e9spectateurs<\/p>\n<p>                    2,6\u00a0%<\/p>\n<\/td>\n<\/tr>\n<tr aria-hidden=\"true\">\n<td class=\"fig-tv-audience__position\">9<\/td>\n<td class=\"fig-tv-audience__channel-container\">\n                        <a class=\"fig-channel-media fig-channel-media--no-margin\" href=\"https:\/\/tvmag.lefigaro.fr\/programme-tv\/chaine\/1399\/tous-les-programmes-de-cherie-25\" title=\"Programme TV Ch\u00e9rie 25\" rel=\"nofollow noopener\" target=\"_blank\"><br \/>\n        <img   alt=\"Programme TV Ch\u00e9rie 25\" class=\"fig-img\"\/><\/p>\n<p>    <\/a><\/p>\n<\/td>\n<td class=\"fig-tv-audience__data\">\n                    <a href=\"https:\/\/tvmag.lefigaro.fr\/programme-tv\/programme\/crimes-f1812067678\" class=\"fig-tv-audience__program-title\" rel=\"nofollow noopener\" target=\"_blank\"><br \/>\n                        Crimes<br \/>\n                    <\/a><\/p>\n<p>                        448\u202f000 t\u00e9l\u00e9spectateurs<\/p>\n<p>                    2,5\u00a0%<\/p>\n<\/td>\n<\/tr>\n<tr aria-hidden=\"true\">\n<td class=\"fig-tv-audience__position\">10<\/td>\n<td class=\"fig-tv-audience__channel-container\">\n                        <a class=\"fig-channel-media fig-channel-media--no-margin\" href=\"https:\/\/tvmag.lefigaro.fr\/programme-tv\/chaine\/446\/tous-les-programmes-de-tfx\" title=\"Programme TV TFX\" rel=\"nofollow noopener\" target=\"_blank\"><br \/>\n        <img   alt=\"Programme TV TFX\" class=\"fig-img\"\/><\/p>\n<p>    <\/a><\/p>\n<\/td>\n<td class=\"fig-tv-audience__data\">\n                    <a href=\"https:\/\/tvmag.lefigaro.fr\/programme-tv\/programme\/appels-d-urgence-f1893613602\" class=\"fig-tv-audience__program-title\" rel=\"nofollow noopener\" target=\"_blank\"><br \/>\n                        Appels d&rsquo;urgence<br \/>\n                    <\/a><\/p>\n<p>                        419\u202f000 t\u00e9l\u00e9spectateurs<\/p>\n<p>                    2,3\u00a0%<\/p>\n<\/td>\n<\/tr>\n<tr aria-hidden=\"true\">\n<td class=\"fig-tv-audience__position\">11<\/td>\n<td class=\"fig-tv-audience__channel-container\">\n                        <a class=\"fig-channel-media fig-channel-media--no-margin\" href=\"https:\/\/tvmag.lefigaro.fr\/programme-tv\/chaine\/1404\/tous-les-programmes-de-tf1-series-films\" title=\"Programme TV TF1 S\u00e9ries Films\" rel=\"nofollow noopener\" target=\"_blank\"><br \/>\n        <img   alt=\"Programme TV TF1 S\u00e9ries Films\" class=\"fig-img\"\/><\/p>\n<p>    <\/a><\/p>\n<\/td>\n<td class=\"fig-tv-audience__data\">\n                    <a href=\"https:\/\/tvmag.lefigaro.fr\/programme-tv\/programme\/marion-f1807758695\" class=\"fig-tv-audience__program-title\" rel=\"nofollow noopener\" target=\"_blank\"><br \/>\n                        Marion<br \/>\n                    <\/a><\/p>\n<p>                        374\u202f000 t\u00e9l\u00e9spectateurs<\/p>\n<p>                    2\u00a0%<\/p>\n<\/td>\n<\/tr>\n<tr aria-hidden=\"true\">\n<td class=\"fig-tv-audience__position\">12<\/td>\n<td class=\"fig-tv-audience__channel-container\">\n                        <a class=\"fig-channel-media fig-channel-media--no-margin\" href=\"https:\/\/tvmag.lefigaro.fr\/programme-tv\/chaine\/1400\/tous-les-programmes-de-rmc-decouverte\" title=\"Programme TV RMC D\u00e9couverte\" rel=\"nofollow noopener\" target=\"_blank\"><br \/>\n        <img   alt=\"Programme TV RMC D\u00e9couverte\" class=\"fig-img\"\/><\/p>\n<p>    <\/a><\/p>\n<\/td>\n<td class=\"fig-tv-audience__data\">\n                    <a href=\"https:\/\/tvmag.lefigaro.fr\/programme-tv\/programme\/vintage-mecanic-f672644978\" class=\"fig-tv-audience__program-title\" rel=\"nofollow noopener\" target=\"_blank\"><br \/>\n                        Vintage Mecanic<br \/>\n                    <\/a><\/p>\n<p>                        241\u202f000 t\u00e9l\u00e9spectateurs<\/p>\n<p>                    1,4\u00a0%<\/p>\n<\/td>\n<\/tr>\n<tr aria-hidden=\"true\">\n<td class=\"fig-tv-audience__position\">13<\/td>\n<td class=\"fig-tv-audience__channel-container\">\n                        <a class=\"fig-channel-media fig-channel-media--no-margin\" href=\"https:\/\/tvmag.lefigaro.fr\/programme-tv\/chaine\/1402\/tous-les-programmes-de-rmc-story\" title=\"Programme TV RMC Story\" rel=\"nofollow noopener\" target=\"_blank\"><br \/>\n        <img   alt=\"Programme TV RMC Story\" class=\"fig-img\"\/><\/p>\n<p>    <\/a><\/p>\n<\/td>\n<td class=\"fig-tv-audience__data\">\n                    <a href=\"https:\/\/tvmag.lefigaro.fr\/programme-tv\/programme\/bigfoot-mythe-ou-realite-f510362235\" class=\"fig-tv-audience__program-title\" rel=\"nofollow noopener\" target=\"_blank\"><br \/>\n                        Bigfoot\u00a0: mythe ou r\u00e9alit\u00e9\u00a0?<br \/>\n                    <\/a><\/p>\n<p>                        240\u202f000 t\u00e9l\u00e9spectateurs<\/p>\n<p>                    1,3\u00a0%<\/p>\n<\/td>\n<\/tr>\n<tr aria-hidden=\"true\">\n<td class=\"fig-tv-audience__position\">14<\/td>\n<td class=\"fig-tv-audience__channel-container\">\n                        <a class=\"fig-channel-media fig-channel-media--no-margin\" href=\"https:\/\/tvmag.lefigaro.fr\/programme-tv\/chaine\/1403\/tous-les-programmes-de-6ter\" title=\"Programme TV 6ter\" rel=\"nofollow noopener\" target=\"_blank\"><br \/>\n        <img   alt=\"Programme TV 6ter\" class=\"fig-img\"\/><\/p>\n<p>    <\/a><\/p>\n<\/td>\n<td class=\"fig-tv-audience__data\">\n                    <a href=\"https:\/\/tvmag.lefigaro.fr\/programme-tv\/programme\/kaamelott-f1019119112\" class=\"fig-tv-audience__program-title\" rel=\"nofollow noopener\" target=\"_blank\"><br \/>\n                        Kaamelott<br \/>\n                    <\/a><\/p>\n<p>                        195\u202f000 t\u00e9l\u00e9spectateurs<\/p>\n<p>                    1,2\u00a0%<\/p>\n<\/td>\n<\/tr>\n<tr aria-hidden=\"true\">\n<td class=\"fig-tv-audience__position\">15<\/td>\n<td class=\"fig-tv-audience__channel-container\">\n                        <a class=\"fig-channel-media fig-channel-media--no-margin\" href=\"https:\/\/tvmag.lefigaro.fr\/programme-tv\/chaine\/482\/tous-les-programmes-de-gulli\" title=\"Programme TV Gulli\" rel=\"nofollow noopener\" target=\"_blank\"><br \/>\n        <img   alt=\"Programme TV Gulli\" class=\"fig-img\"\/><\/p>\n<p>    <\/a><\/p>\n<\/td>\n<td class=\"fig-tv-audience__data\">\n                    <a href=\"https:\/\/tvmag.lefigaro.fr\/programme-tv\/programme\/tad-l-explorateur-et-la-table-d-emeraude-f1535630587\" class=\"fig-tv-audience__program-title\" rel=\"nofollow noopener\" target=\"_blank\"><br \/>\n                        Tad l&rsquo;explorateur et la table d&rsquo;\u00e9meraude<br \/>\n                    <\/a><\/p>\n<p>                        206\u202f000 t\u00e9l\u00e9spectateurs<\/p>\n<p>                    1,1\u00a0%<\/p>\n<\/td>\n<\/tr>\n<tr aria-hidden=\"true\">\n<td class=\"fig-tv-audience__position\">16<\/td>\n<td class=\"fig-tv-audience__channel-container\">\n                        <a class=\"fig-channel-media fig-channel-media--no-margin\" href=\"https:\/\/tvmag.lefigaro.fr\/programme-tv\/chaine\/458\/tous-les-programmes-de-cstar\" title=\"Programme TV CSTAR\" rel=\"nofollow noopener\" target=\"_blank\"><br \/>\n        <img   alt=\"Programme TV CSTAR\" class=\"fig-img\"\/><\/p>\n<p>    <\/a><\/p>\n<\/td>\n<td class=\"fig-tv-audience__data\">\n                    <a href=\"https:\/\/tvmag.lefigaro.fr\/programme-tv\/programme\/berengere-krief-amour-f1993379308\" class=\"fig-tv-audience__program-title\" rel=\"nofollow noopener\" target=\"_blank\"><br \/>\n                        B\u00e9reng\u00e8re Krief\u00a0: Amour<br \/>\n                    <\/a><\/p>\n<p>                        141\u202f000 t\u00e9l\u00e9spectateurs<\/p>\n<p>                    0,8\u00a0%<\/p>\n<\/td>\n<\/tr>\n<p>            Voir plus<\/p>\n","protected":false},"excerpt":{"rendered":"Nine d\u2019Urso dans Les aventures de la jeune George Sand sur France 2. Jean-Philippe BALTEL &#8211; France t\u00e9l\u00e9visions&hellip;\n","protected":false},"author":2,"featured_media":29341,"comment_status":"","ping_status":"","sticky":false,"template":"","format":"standard","meta":{"footnotes":""},"categories":[8],"tags":[2376,2374,2369,2370,2371,2372,2367,2378,2377,2373,58,59,1011,27,594,2375,503,502,199,2368],"class_list":{"0":"post-29340","1":"post","2":"type-post","3":"status-publish","4":"format-standard","5":"has-post-thumbnail","7":"category-divertissement","8":"tag-analyse-audience-tv","9":"tag-audience-programme-tv","10":"tag-audience-tv","11":"tag-audience-tv-hier","12":"tag-audience-tv-hier-soir","13":"tag-audience-tv-jour-par-jour","14":"tag-audiences","15":"tag-audiences-television","16":"tag-audiences-tv","17":"tag-audimat","18":"tag-divertissement","19":"tag-entertainment","20":"tag-fr","21":"tag-france","22":"tag-france-2","23":"tag-meilleure-audience-tv","24":"tag-programme-tele","25":"tag-programme-tv","26":"tag-tf1","27":"tag-tv-ce-soir"},"share_on_mastodon":{"url":"https:\/\/pubeurope.com\/@fr\/114347999452122602","error":""},"_links":{"self":[{"href":"https:\/\/www.europesays.com\/fr\/wp-json\/wp\/v2\/posts\/29340","targetHints":{"allow":["GET"]}}],"collection":[{"href":"https:\/\/www.europesays.com\/fr\/wp-json\/wp\/v2\/posts"}],"about":[{"href":"https:\/\/www.europesays.com\/fr\/wp-json\/wp\/v2\/types\/post"}],"author":[{"embeddable":true,"href":"https:\/\/www.europesays.com\/fr\/wp-json\/wp\/v2\/users\/2"}],"replies":[{"embeddable":true,"href":"https:\/\/www.europesays.com\/fr\/wp-json\/wp\/v2\/comments?post=29340"}],"version-history":[{"count":0,"href":"https:\/\/www.europesays.com\/fr\/wp-json\/wp\/v2\/posts\/29340\/revisions"}],"wp:featuredmedia":[{"embeddable":true,"href":"https:\/\/www.europesays.com\/fr\/wp-json\/wp\/v2\/media\/29341"}],"wp:attachment":[{"href":"https:\/\/www.europesays.com\/fr\/wp-json\/wp\/v2\/media?parent=29340"}],"wp:term":[{"taxonomy":"category","embeddable":true,"href":"https:\/\/www.europesays.com\/fr\/wp-json\/wp\/v2\/categories?post=29340"},{"taxonomy":"post_tag","embeddable":true,"href":"https:\/\/www.europesays.com\/fr\/wp-json\/wp\/v2\/tags?post=29340"}],"curies":[{"name":"wp","href":"https:\/\/api.w.org\/{rel}","templated":true}]}}