{"id":293401,"date":"2025-08-03T11:04:11","date_gmt":"2025-08-03T11:04:11","guid":{"rendered":"https:\/\/www.europesays.com\/fr\/293401\/"},"modified":"2025-08-03T11:04:11","modified_gmt":"2025-08-03T11:04:11","slug":"pres-de-nantes-ils-sont-proprietaires-de-leur-maison-mais-pas-du-terrain","status":"publish","type":"post","link":"https:\/\/www.europesays.com\/fr\/293401\/","title":{"rendered":"Pr\u00e8s de Nantes. Ils sont propri\u00e9taires de leur maison mais pas du terrain"},"content":{"rendered":"<p>            Par<br \/>\n        <strong><br \/>\n            <a href=\"https:\/\/actu.fr\/auteur\/journaliste-sm\" title=\"Consulter tous les articles de R\u00e9daction Clisson\" target=\"_blank\" rel=\"noopener\">R\u00e9daction Clisson<\/a><br \/>\n        <\/strong><\/p>\n<p>        Publi\u00e9 le<\/p>\n<p>            3 ao\u00fbt 2025 \u00e0 11h46        <\/p>\n<p>Les six <a href=\"https:\/\/actu.fr\/pays-de-la-loire\/vertou_44215\/pres-de-nantes-des-maisons-de-centre-ville-avec-jardin-vendues-a-moins-de-300-000-euros_61437869.html\" target=\"_blank\" rel=\"noopener\">maisons individuelles de la r\u00e9sidence M\u00e9lodie<\/a> situ\u00e9es route de la Fontanelle \u00e0 Beautour, pr\u00e8s du terminus <b>du busway \u00e0 Vertou<\/b>, ont \u00e9t\u00e9 inaugur\u00e9es apr\u00e8s un peu plus d\u2019un an de travaux. Ces maisons de 100\u00a0m2 sur deux niveaux ont \u00e9t\u00e9 con\u00e7ues par le cabinet Mille Architectes repr\u00e9sent\u00e9 par Fran\u00e7ois Lannou.<\/p>\n<p>Maison en ossature bois<\/p>\n<blockquote class=\"ac-article-quote wall-content\">\n<p>Elles sont construites en ossature et bardage bois, offrant ainsi un confort thermique naturel au logement. Elles b\u00e9n\u00e9ficient toutes d\u2019une bonne exposition et chacune s\u2019ouvre sur un petit jardin privatif de 100\u00a0m2. Pour le confort d\u2019usage, elles disposent d\u2019un rangement ext\u00e9rieur g\u00e9n\u00e9reux. Les stationnements sont mutualis\u00e9s sous forme d\u2019une placette afin de lib\u00e9rer le reste de l\u2019\u00eelot de la pr\u00e9sence des voitures et de laisser place \u00e0 la v\u00e9g\u00e9tation.<\/p>\n<p>Le cabinet d\u2019architectes<\/p><\/blockquote>\n<p class=\" wall-content\">Il a ajout\u00e9 que le projet a su pr\u00e9server un environnement v\u00e9g\u00e9tal existant, dont un lin\u00e9aire d\u2019arbres.<\/p>\n<p class=\" wall-content\">Pour marquer cette pr\u00e9occupation, <b>des nichoirs \u00e0 oiseaux<\/b> ont \u00e9t\u00e9 plac\u00e9s dans les arbres et un h\u00f4tel \u00e0 insectes a \u00e9t\u00e9 install\u00e9.<\/p>\n<p class=\" wall-content\">Recouvert d\u2019un drap, celui-ci a d\u2019ailleurs \u00e9t\u00e9 d\u00e9voil\u00e9 en guise d\u2019inauguration.<\/p>\n<p>Une acquisition \u00e0 290\u2009000\u00a0\u20ac<\/p>\n<p class=\" wall-content\">La r\u00e9sidence M\u00e9lodie est le fruit d\u2019une collaboration constructive avec la ville\u00a0et les services de Nantes M\u00e9tropole.<\/p>\n<p class=\" wall-content\">Elle a permis la r\u00e9alisation de cette op\u00e9ration en bail r\u00e9el solidaire qui permet de <b>dissocier le co\u00fbt du foncier de celui du b\u00e2ti<\/b>.<\/p>\n<p class=\" wall-content\">Ainsi les acqu\u00e9reurs sont propri\u00e9taires de leur maison, mais pas du terrain, ce qui rend l\u2019investissement plus abordable pour eux.<\/p>\n<p class=\" wall-content\">Ainsi, cela a permis \u00e0 6\u00a0familles d\u2019acqu\u00e9rir leur maison avec jardin pour un budget d\u2019environ 290\u2009000\u00a0\u20ac.<\/p>\n<p class=\" wall-content\">Parmi les heureux propri\u00e9taires figurent Sylvain Guillard et sa compagne Fatoumata.<\/p>\n<p>    <img   decoding=\"async\" loading=\"lazy\" class=\"size-large\" src=\"https:\/\/www.europesays.com\/fr\/wp-content\/uploads\/2025\/08\/bede5cc6c2386e2ee5cc6c238b6ee5v-960x640.jpg\" alt=\"L'h\u00f4tel pour insectes d\u00e9voil\u00e9 de gauche \u00e0 droite par\" width=\"960\" height=\"640\"\/><br \/>\n    L\u2019h\u00f4tel \u00e0 insectes d\u00e9voil\u00e9 lors de l\u2019inauguration du programme. \u00a9HSM<\/p>\n<p class=\" wall-content\">Avec 4 jeunes enfants, ils ont emm\u00e9nag\u00e9 \u00e0 la fin du mois d\u2019avril dernier.<\/p>\n<p class=\" wall-content\">\u00ab\u2009Je suis technicien de maintenance itin\u00e9rant dans le grand ouest et Fatoumata travaille \u00e0 Orvault. Des diff\u00e9rents projets que nous avons examin\u00e9, c\u2019est celui de la r\u00e9sidence M\u00e9lodie que nous avons retenu en raison <b>de sa localisation en zone semi-urbaine<\/b>, de la proximit\u00e9 des transports en commun, mais aussi du concept de l\u2019habitat et du co\u00fbt\u2009\u00bb, justifie Sylvain Guillard.<\/p>\n<p class=\" wall-content\">Suivez toute l\u2019actualit\u00e9 de vos villes et m\u00e9dias favoris en vous inscrivant \u00e0 <a href=\"https:\/\/moncompte.actu.fr\" title=\"D\u00e9couvez Mon Actu\" rel=\"nofollow noopener\" data-trk=\"{&quot;cta&quot;:{&quot;action&quot;:&quot;https:\\\/\\\/moncompte.actu.fr&quot;,&quot;category&quot;:&quot;mon compte&quot;,&quot;from&quot;:&quot;article footer&quot;,&quot;name&quot;:&quot;Mon actu&quot;,&quot;type&quot;:&quot;cta&quot;}}\" target=\"_blank\">Mon Actu<\/a>.<\/p>\n","protected":false},"excerpt":{"rendered":"Par R\u00e9daction Clisson Publi\u00e9 le 3 ao\u00fbt 2025 \u00e0 11h46 Les six maisons individuelles de la r\u00e9sidence M\u00e9lodie&hellip;\n","protected":false},"author":2,"featured_media":293402,"comment_status":"","ping_status":"","sticky":false,"template":"","format":"standard","meta":{"footnotes":""},"categories":[2818],"tags":[1111,11,1777,674,1011,27,1908,766,12,2636,25,104,1352,2900],"class_list":{"0":"post-293401","1":"post","2":"type-post","3":"status-publish","4":"format-standard","5":"has-post-thumbnail","7":"category-nantes","8":"tag-actu","9":"tag-actualites","10":"tag-eu","11":"tag-europe","12":"tag-fr","13":"tag-france","14":"tag-logement","15":"tag-nantes","16":"tag-news","17":"tag-pays-de-la-loire","18":"tag-republique-francaise","19":"tag-societe","20":"tag-urbanisme","21":"tag-vignoble-nantais"},"share_on_mastodon":{"url":"https:\/\/pubeurope.com\/@fr\/114964507159568636","error":""},"_links":{"self":[{"href":"https:\/\/www.europesays.com\/fr\/wp-json\/wp\/v2\/posts\/293401","targetHints":{"allow":["GET"]}}],"collection":[{"href":"https:\/\/www.europesays.com\/fr\/wp-json\/wp\/v2\/posts"}],"about":[{"href":"https:\/\/www.europesays.com\/fr\/wp-json\/wp\/v2\/types\/post"}],"author":[{"embeddable":true,"href":"https:\/\/www.europesays.com\/fr\/wp-json\/wp\/v2\/users\/2"}],"replies":[{"embeddable":true,"href":"https:\/\/www.europesays.com\/fr\/wp-json\/wp\/v2\/comments?post=293401"}],"version-history":[{"count":0,"href":"https:\/\/www.europesays.com\/fr\/wp-json\/wp\/v2\/posts\/293401\/revisions"}],"wp:featuredmedia":[{"embeddable":true,"href":"https:\/\/www.europesays.com\/fr\/wp-json\/wp\/v2\/media\/293402"}],"wp:attachment":[{"href":"https:\/\/www.europesays.com\/fr\/wp-json\/wp\/v2\/media?parent=293401"}],"wp:term":[{"taxonomy":"category","embeddable":true,"href":"https:\/\/www.europesays.com\/fr\/wp-json\/wp\/v2\/categories?post=293401"},{"taxonomy":"post_tag","embeddable":true,"href":"https:\/\/www.europesays.com\/fr\/wp-json\/wp\/v2\/tags?post=293401"}],"curies":[{"name":"wp","href":"https:\/\/api.w.org\/{rel}","templated":true}]}}