{"id":293403,"date":"2025-08-03T11:05:11","date_gmt":"2025-08-03T11:05:11","guid":{"rendered":"https:\/\/www.europesays.com\/fr\/293403\/"},"modified":"2025-08-03T11:05:11","modified_gmt":"2025-08-03T11:05:11","slug":"a-peine-recrute-le-defenseur-radakovic-deja-pousse-vers-la-sortie","status":"publish","type":"post","link":"https:\/\/www.europesays.com\/fr\/293403\/","title":{"rendered":"\u00e0 peine recrut\u00e9, le d\u00e9fenseur Radakovic d\u00e9j\u00e0 pouss\u00e9 vers la sortie"},"content":{"rendered":"<p class=\"mb-4 text-lg md:leading-8 break-words\">D\u00e9j\u00e0 sur le d\u00e9part? \u00c0 peine un mois apr\u00e8s son arriv\u00e9e, le FC Nantes chercherait une porte de sortie \u00e0 Uros Radakovic. Selon les informations r\u00e9v\u00e9l\u00e9es samedi par <a href=\"https:\/\/www.ouest-france.fr\/sport\/football\/fc-nantes\/info-ouest-france-fc-nantes-une-recrue-pourrait-deja-quitter-le-club-cf6feb20-6d6e-11f0-8e39-9e8844dbf1ac\" rel=\"nofollow noopener\" target=\"_blank\" data-ylk=\"slk:Ouest France;elm:context_link;itc:0;sec:content-canvas\" class=\"link \">Ouest France<\/a>, le d\u00e9fenseur serbe, recrut\u00e9 gratuitement en provenance de Sivasspor (Turquie) pour pallier au d\u00e9part de Nicolas Pallois, pourrait faire ses valises avant m\u00eame la fin de l&rsquo;\u00e9t\u00e9.<\/p>\n<p class=\"mb-4 text-lg md:leading-8 break-words\">Auteur de plusieurs performances tr\u00e8s compliqu\u00e9es pendant la pr\u00e9paration &#8211; notamment un penalty conc\u00e9d\u00e9 contre Guingamp et une erreur ayant provoqu\u00e9 un but face \u00e0 Rennes &#8211; le joueur de 31 ans est jug\u00e9 \u00ab\u00a0peu convaincant\u00a0\u00bb par le staff des Canaris.<\/p>\n<p>Une erreur de casting ?<\/p>\n<p class=\"mb-4 text-lg md:leading-8 break-words\">Assez lent, Uros Radakovic est aussi un gros baroudeur dans l&rsquo;Europe de l&rsquo;Est. Depuis le d\u00e9but de sa carri\u00e8re, le d\u00e9fenseur serbe a port\u00e9 les couleurs de 13 clubs. Les plus prestigieux? Bologne (3 matchs entre 2012 et 2016) et le Sparta Prague (34 matchs entre 2018 et 2021).<\/p>\n<p class=\"mb-4 text-lg md:leading-8 break-words\">Samedi, lors du match amical perdu face \u00e0 Angers (0-1), le natif de Belgrade est rest\u00e9 sur le banc toute la rencontre. Chidozie Awaziem, Tylel Tati (17 ans) et S\u00e9kou Doucour\u00e9 (20 ans) lui ont \u00e9t\u00e9 pr\u00e9f\u00e9r\u00e9s. Ce n\u2019est pas son implication \u00e0 l\u2019entra\u00eenement qui serait mise en cause, mais bien son niveau de jeu. \u00ab\u00a0Uros est un joueur comme tous les autres\u00a0\u00bb, a expliqu\u00e9 Castro, entra\u00eeneur des Canaris, cit\u00e9 par L&rsquo;Equipe. \u00ab\u00a0Seulement, \u00e0 un moment, il y en a qui sont meilleurs.\u00a0\u00bb <a href=\"https:\/\/fr.news.yahoo.com\/sport\/mercato-transfert-record-vue-nantes-073308724.html\" data-ylk=\"slk:La cellule recrutement du FC Nantes pourrait s&#039;activer;elm:context_link;itc:0;sec:content-canvas;outcm:mb_qualified_link;_E:mb_qualified_link;ct:story;\" class=\"link  yahoo-link\" target=\"_blank\" rel=\"noopener\">La cellule recrutement du FC Nantes pourrait s&rsquo;activer<\/a> pour lui trouver une porte de sortie.<\/p>\n<p class=\"mb-4 text-lg md:leading-8 break-words\"><a href=\"https:\/\/rmcsport.bfmtv.com\/football\/transferts\/nantes-il-y-en-a-qui-sont-meilleurs-a-peine-recrute-le-defenseur-radakovic-deja-pousse-vers-la-sortie_AV-202508030179.html#xtor=AL-68\" rel=\"nofollow noopener\" target=\"_blank\" data-ylk=\"slk:Article original publi\u00e9 sur RMC Sport;elm:context_link;itc:0;sec:content-canvas\" class=\"link \">Article original publi\u00e9 sur RMC Sport<\/a><\/p>\n","protected":false},"excerpt":{"rendered":"D\u00e9j\u00e0 sur le d\u00e9part? \u00c0 peine un mois apr\u00e8s son arriv\u00e9e, le FC Nantes chercherait une porte de&hellip;\n","protected":false},"author":2,"featured_media":293404,"comment_status":"","ping_status":"","sticky":false,"template":"","format":"standard","meta":{"footnotes":""},"categories":[2818],"tags":[1111,11,1438,41427,1777,674,462,1011,27,15672,766,12,43332,2636,584,25,43333,43331],"class_list":{"0":"post-293403","1":"post","2":"type-post","3":"status-publish","4":"format-standard","5":"has-post-thumbnail","7":"category-nantes","8":"tag-actu","9":"tag-actualites","10":"tag-angers","11":"tag-chidozie-awaziem","12":"tag-eu","13":"tag-europe","14":"tag-fc-nantes","15":"tag-fr","16":"tag-france","17":"tag-la-fin-de-lete","18":"tag-nantes","19":"tag-news","20":"tag-nicolas-pallois","21":"tag-pays-de-la-loire","22":"tag-rennes","23":"tag-republique-francaise","24":"tag-uros","25":"tag-uros-radakovic"},"share_on_mastodon":{"url":"https:\/\/pubeurope.com\/@fr\/114964510979127833","error":""},"_links":{"self":[{"href":"https:\/\/www.europesays.com\/fr\/wp-json\/wp\/v2\/posts\/293403","targetHints":{"allow":["GET"]}}],"collection":[{"href":"https:\/\/www.europesays.com\/fr\/wp-json\/wp\/v2\/posts"}],"about":[{"href":"https:\/\/www.europesays.com\/fr\/wp-json\/wp\/v2\/types\/post"}],"author":[{"embeddable":true,"href":"https:\/\/www.europesays.com\/fr\/wp-json\/wp\/v2\/users\/2"}],"replies":[{"embeddable":true,"href":"https:\/\/www.europesays.com\/fr\/wp-json\/wp\/v2\/comments?post=293403"}],"version-history":[{"count":0,"href":"https:\/\/www.europesays.com\/fr\/wp-json\/wp\/v2\/posts\/293403\/revisions"}],"wp:featuredmedia":[{"embeddable":true,"href":"https:\/\/www.europesays.com\/fr\/wp-json\/wp\/v2\/media\/293404"}],"wp:attachment":[{"href":"https:\/\/www.europesays.com\/fr\/wp-json\/wp\/v2\/media?parent=293403"}],"wp:term":[{"taxonomy":"category","embeddable":true,"href":"https:\/\/www.europesays.com\/fr\/wp-json\/wp\/v2\/categories?post=293403"},{"taxonomy":"post_tag","embeddable":true,"href":"https:\/\/www.europesays.com\/fr\/wp-json\/wp\/v2\/tags?post=293403"}],"curies":[{"name":"wp","href":"https:\/\/api.w.org\/{rel}","templated":true}]}}