{"id":293411,"date":"2025-08-03T11:11:10","date_gmt":"2025-08-03T11:11:10","guid":{"rendered":"https:\/\/www.europesays.com\/fr\/293411\/"},"modified":"2025-08-03T11:11:10","modified_gmt":"2025-08-03T11:11:10","slug":"lille-30-m%c2%80-refuses-pour-alexsandro-football","status":"publish","type":"post","link":"https:\/\/www.europesays.com\/fr\/293411\/","title":{"rendered":"Lille : 30 M\u0080 refus\u00e9s pour Alexsandro &#8211; Football"},"content":{"rendered":"<tr id=\"tr1\" align=\"left\" valign=\"top\">\n<td nowrap=\"nowrap\"> <b>12h57<\/b>&#8211;<a onclick=\"go(this);\" href=\"https:\/\/www.maxifoot.fr\/lyon\/govou-s-en-prend-a-caleta-car-foot-438228.htm\" target=\"_blank\" rel=\"noopener\">Lyon : Govou s&rsquo;en prend \u00e0 Caleta-Car<\/a><\/td>\n<\/tr>\n<tr id=\"tr2\" align=\"left\" valign=\"top\">\n<td nowrap=\"nowrap\"> <b>12h40<\/b>&#8211;<a onclick=\"go(this);\" href=\"https:\/\/www.maxifoot.fr\/monaco\/le-clan-fati-en-veut-au-barca-foot-438227.htm\" target=\"_blank\" rel=\"noopener\">Monaco : le clan Fati en veut au Bar\u00e7a<\/a><\/td>\n<\/tr>\n<tr id=\"tr3\" align=\"left\" valign=\"top\">\n<td nowrap=\"nowrap\"> <b>12h21<\/b>&#8211;<a onclick=\"go(this);\" href=\"https:\/\/www.maxifoot.fr\/miami\/messi-sorti-sur-blessure-foot-438219.htm\" target=\"_blank\" rel=\"noopener\">Miami : Messi sorti sur blessure<\/a><\/td>\n<\/tr>\n<tr id=\"tr4\" align=\"left\" valign=\"top\">\n<td nowrap=\"nowrap\"> <b>11h58<\/b>&#8211;<a onclick=\"go(this);\" href=\"https:\/\/www.maxifoot.fr\/om\/accord-avec-la-juve-pour-weah-foot-438226.htm\" target=\"_blank\" rel=\"noopener\">OM : accord avec la Juve pour Weah !<\/a><\/td>\n<\/tr>\n<tr id=\"tr5\" align=\"left\" valign=\"top\">\n<td nowrap=\"nowrap\"> <b>11h45<\/b>&#8211;<a onclick=\"go(this);\" href=\"https:\/\/www.maxifoot.fr\/real\/pas-de-depart-cet-ete-pour-vinicius-foot-438216.htm\" target=\"_blank\" rel=\"noopener\">Real : pas de d\u00e9part cet \u00e9t\u00e9 pour Vinicius<\/a><\/td>\n<\/tr>\n<tr id=\"tr6\" align=\"left\" valign=\"top\">\n<td nowrap=\"nowrap\"> <b>11h28<\/b>&#8211;<a onclick=\"go(this);\" href=\"https:\/\/www.maxifoot.fr\/video\/l-ovation-du-velodrome-pour-aubameyang-foot-438222.htm\" target=\"_blank\" rel=\"noopener\">VIDEO : l&rsquo;ovation du V\u00e9lodrome pour Aubameyang<\/a><\/td>\n<\/tr>\n<tr id=\"tr7\" align=\"left\" valign=\"top\">\n<td nowrap=\"nowrap\"> <b>11h01<\/b>&#8211;<a onclick=\"go(this);\" href=\"https:\/\/www.maxifoot.fr\/lille\/30-m-euro-refuses-pour-alexsandro-foot-438221.htm\" target=\"_blank\" rel=\"noopener\">Lille : 30 M\u0080 refus\u00e9s pour Alexsandro<\/a><\/td>\n<\/tr>\n<tr id=\"tr8\" align=\"left\" valign=\"top\">\n<td nowrap=\"nowrap\"> <b>10h45<\/b>&#8211;<a onclick=\"go(this);\" href=\"https:\/\/www.maxifoot.fr\/barca\/gavi-pique-le-real-foot-438207.htm\" target=\"_blank\" rel=\"noopener\">Bar\u00e7a : Gavi pique le Real<\/a><\/td>\n<\/tr>\n<tr id=\"tr9\" align=\"left\" valign=\"top\">\n<td nowrap=\"nowrap\"> <b>10h23<\/b>&#8211;<a onclick=\"go(this);\" href=\"https:\/\/www.maxifoot.fr\/lens\/sage-tres-decu-apres-la-roma-foot-438211.htm\" target=\"_blank\" rel=\"noopener\">Lens : Sage tr\u00e8s d\u00e9\u00e7u apr\u00e8s la Roma<\/a><\/td>\n<\/tr>\n<tr id=\"tr10\" align=\"left\" valign=\"top\">\n<td nowrap=\"nowrap\"> <b>10h00<\/b>&#8211;<a onclick=\"go(this);\" href=\"https:\/\/www.maxifoot.fr\/om\/de-zerbi-compte-sur-les-minots-foot-438209.htm\" target=\"_blank\" rel=\"noopener\">OM : De Zerbi compte sur les minots<\/a><\/td>\n<\/tr>\n<tr id=\"tr11\" align=\"left\" valign=\"top\">\n<td nowrap=\"nowrap\"> <b>09h42<\/b>&#8211;<a onclick=\"go(this);\" href=\"https:\/\/www.maxifoot.fr\/west-ham\/c-est-signe-pour-wilson-officiel-foot-438214.htm\" target=\"_blank\" rel=\"noopener\">West Ham : c&rsquo;est sign\u00e9 pour Wilson (officiel)<\/a><\/td>\n<\/tr>\n<tr id=\"tr12\" align=\"left\" valign=\"top\">\n<td nowrap=\"nowrap\"> <b>09h27<\/b>&#8211;<a onclick=\"go(this);\" href=\"https:\/\/www.maxifoot.fr\/flamengo\/carrascal-pour-12-5-m-euro-officiel-foot-438213.htm\" target=\"_blank\" rel=\"noopener\">Flamengo : Carrascal pour 12,5 M\u20ac (officiel)<\/a><\/td>\n<\/tr>\n<tr id=\"tr13\" align=\"left\" valign=\"top\">\n<td nowrap=\"nowrap\"> <b>09h12<\/b>&#8211;<a onclick=\"go(this);\" href=\"https:\/\/www.maxifoot.fr\/om\/aubameyang-igor-paixao-l-avis-de-de-zerbi-foot-438210.htm\" target=\"_blank\" rel=\"noopener\">OM : Aubameyang-Igor Paix\u00e3o, l&rsquo;avis de De Zerbi<\/a><\/td>\n<\/tr>\n<tr id=\"tr14\" align=\"left\" valign=\"top\">\n<td nowrap=\"nowrap\"> <b>08h52<\/b>&#8211;<a onclick=\"go(this);\" href=\"https:\/\/www.maxifoot.fr\/lyon\/fonseca-confirme-pour-morton-foot-438206.htm\" target=\"_blank\" rel=\"noopener\">Lyon : Fonseca confirme pour Morton<\/a><\/td>\n<\/tr>\n<tr id=\"tr15\" align=\"left\" valign=\"top\">\n<td nowrap=\"nowrap\"> <b>02\/08<\/b>&#8211;<a onclick=\"go(this);\" href=\"https:\/\/www.maxifoot.fr\/barca\/les-recrues-l-idee-de-laporta-foot-438191.htm\" target=\"_blank\" rel=\"noopener\">Bar\u00e7a : les recrues, l&rsquo;id\u00e9e de Laporta<\/a><\/td>\n<\/tr>\n<tr id=\"tr16\" align=\"left\" valign=\"top\">\n<td nowrap=\"nowrap\"> <b>02\/08<\/b>&#8211;<a onclick=\"go(this);\" href=\"https:\/\/www.maxifoot.fr\/psg\/housni-recale-des-pistes-en-l2-foot-438200.htm\" target=\"_blank\" rel=\"noopener\">PSG : Housni recale des pistes en L2<\/a><\/td>\n<\/tr>\n<tr id=\"tr17\" align=\"left\" valign=\"top\">\n<td nowrap=\"nowrap\"> <b>02\/08<\/b>&#8211;<a onclick=\"go(this);\" href=\"https:\/\/www.maxifoot.fr\/naples\/cajuste-va-rester-a-ipswich-foot-438195.htm\" target=\"_blank\" rel=\"noopener\">Naples : Cajuste va rester \u00e0 Ipswich<\/a><\/td>\n<\/tr>\n<tr id=\"tr18\" align=\"left\" valign=\"top\">\n<td nowrap=\"nowrap\"> <b>02\/08<\/b>&#8211;<a onclick=\"go(this);\" href=\"https:\/\/www.maxifoot.fr\/lyon\/petite-alerte-pour-tolisso-foot-438196.htm\" target=\"_blank\" rel=\"noopener\">Lyon : petite alerte pour Tolisso<\/a><\/td>\n<\/tr>\n<tr id=\"tr19\" align=\"left\" valign=\"top\">\n<td nowrap=\"nowrap\"> <b>02\/08<\/b>&#8211;<a onclick=\"go(this);\" href=\"https:\/\/www.maxifoot.fr\/amical\/om-1-1-seville-fini-foot-438204.htm\" target=\"_blank\" rel=\"noopener\">Amical : OM 1-1 S\u00e9ville (fini)<\/a><\/td>\n<\/tr>\n<tr id=\"tr20\" align=\"left\" valign=\"top\">\n<td nowrap=\"nowrap\"> <b>02\/08<\/b>&#8211;<a onclick=\"go(this);\" href=\"https:\/\/www.maxifoot.fr\/roma\/depart-inevitable-pour-dovbyk-foot-438188.htm\" target=\"_blank\" rel=\"noopener\">Roma : d\u00e9part in\u00e9vitable pour Dovbyk ?<\/a><\/td>\n<\/tr>\n<tr id=\"tr21\" align=\"left\" valign=\"top\">\n<td nowrap=\"nowrap\"> <b>02\/08<\/b>&#8211;<a onclick=\"go(this);\" href=\"https:\/\/www.maxifoot.fr\/nice\/l-attaquant-konigsdorffer-piste-foot-438201.htm\" target=\"_blank\" rel=\"noopener\">Nice : l&rsquo;attaquant K\u00f6nigsd\u00f6rffer pist\u00e9<\/a><\/td>\n<\/tr>\n<tr id=\"tr22\" align=\"left\" valign=\"top\">\n<td nowrap=\"nowrap\"> <b>02\/08<\/b>&#8211;<a onclick=\"go(this);\" href=\"https:\/\/www.maxifoot.fr\/troyes\/ndiaye-va-bien-signer-a-parme-foot-438190.htm\" target=\"_blank\" rel=\"noopener\">Troyes : Ndiaye va bien signer \u00e0 Parme<\/a><\/td>\n<\/tr>\n<tr id=\"tr23\" align=\"left\" valign=\"top\">\n<td nowrap=\"nowrap\"> <b>02\/08<\/b>&#8211;<a onclick=\"go(this);\" href=\"https:\/\/www.maxifoot.fr\/montpellier\/sagnan-prete-en-turquie-officiel-foot-438205.htm\" target=\"_blank\" rel=\"noopener\">Montpellier : Sagnan pr\u00eat\u00e9 en Turquie (officiel)<\/a><\/td>\n<\/tr>\n<tr id=\"tr24\" align=\"left\" valign=\"top\">\n<td nowrap=\"nowrap\"> <b>02\/08<\/b>&#8211;<a onclick=\"go(this);\" href=\"https:\/\/www.maxifoot.fr\/barca\/fermin-lopez-sur-le-depart-foot-438187.htm\" target=\"_blank\" rel=\"noopener\">Bar\u00e7a : Fermin Lopez sur le d\u00e9part ?<\/a><\/td>\n<\/tr>\n<tr id=\"tr25\" align=\"left\" valign=\"top\">\n<td nowrap=\"nowrap\"> <b>02\/08<\/b>&#8211;<a onclick=\"go(this);\" href=\"https:\/\/www.maxifoot.fr\/lyon\/le-message-anti-textor-des-fans-du-bayern-foot-438199.htm\" target=\"_blank\" rel=\"noopener\">Lyon : le message anti-Textor des fans du Bayern<\/a><\/td>\n<\/tr>\n<tr id=\"tr26\" align=\"left\" valign=\"top\">\n<td nowrap=\"nowrap\"> <b>02\/08<\/b>&#8211;<a onclick=\"go(this);\" href=\"https:\/\/www.maxifoot.fr\/amical\/auxerre-largement-battu-par-ipswich-foot-438182.htm\" target=\"_blank\" rel=\"noopener\">Amical : Auxerre largement battu par Ipswich<\/a><\/td>\n<\/tr>\n<tr id=\"tr27\" align=\"left\" valign=\"top\">\n<td nowrap=\"nowrap\"> <b>02\/08<\/b>&#8211;<a onclick=\"go(this);\" href=\"https:\/\/www.maxifoot.fr\/amical\/rennes-real-sociedad-nouveau-nul-foot-438202.htm\" target=\"_blank\" rel=\"noopener\">Amical : Rennes-Real Sociedad, nouveau nul<\/a><\/td>\n<\/tr>\n<tr id=\"tr28\" align=\"left\" valign=\"top\">\n<td nowrap=\"nowrap\"> <b>02\/08<\/b>&#8211;<a onclick=\"go(this);\" href=\"https:\/\/www.maxifoot.fr\/amical\/lens-chute-contre-la-roma-foot-438183.htm\" target=\"_blank\" rel=\"noopener\">Amical : Lens chute contre la Roma<\/a><\/td>\n<\/tr>\n<tr id=\"tr29\" align=\"left\" valign=\"top\">\n<td nowrap=\"nowrap\"> <b>02\/08<\/b>&#8211;<a onclick=\"go(this);\" href=\"https:\/\/www.maxifoot.fr\/liverpool\/al-nassr-propose-70-m-euro-pour-nunez-foot-438189.htm\" target=\"_blank\" rel=\"noopener\">Liverpool : Al Nassr propose 70 M\u20ac pour Nu\u00f1ez<\/a><\/td>\n<\/tr>\n<tr id=\"tr30\" align=\"left\" valign=\"top\">\n<td nowrap=\"nowrap\"> <b>02\/08<\/b>&#8211;<a onclick=\"go(this);\" href=\"https:\/\/www.maxifoot.fr\/amical\/marseille-seville-les-compos-foot-438197.htm\" target=\"_blank\" rel=\"noopener\">Amical : Marseille-S\u00e9ville, les compos<\/a><\/td>\n<\/tr>\n<tr id=\"tr31\" align=\"left\" valign=\"top\">\n<td nowrap=\"nowrap\"> <b>02\/08<\/b>&#8211;<a onclick=\"go(this);\" href=\"https:\/\/www.maxifoot.fr\/ligue-champions\/regarder-nice-benfica-coutera-7-95-euro-foot-438198.htm\" target=\"_blank\" rel=\"noopener\">LdC : regarder Nice-Benfica co\u00fbtera 7,95\u20ac<\/a><\/td>\n<\/tr>\n<tr id=\"tr32\" align=\"left\" valign=\"top\">\n<td nowrap=\"nowrap\"> <b>02\/08<\/b>&#8211;<a onclick=\"go(this);\" href=\"https:\/\/www.maxifoot.fr\/amical\/dortmund-prend-le-dessus-sur-lille-foot-438180.htm\" target=\"_blank\" rel=\"noopener\">Amical : Dortmund prend le dessus sur Lille<\/a><\/td>\n<\/tr>\n<tr id=\"tr33\" align=\"left\" valign=\"top\">\n<td nowrap=\"nowrap\"> <b>02\/08<\/b>&#8211;<a onclick=\"go(this);\" href=\"https:\/\/www.maxifoot.fr\/amical\/nantes-s-incline-contre-angers-foot-438179.htm\" target=\"_blank\" rel=\"noopener\">Amical : Nantes s&rsquo;incline contre Angers<\/a><\/td>\n<\/tr>\n<tr id=\"tr34\" align=\"left\" valign=\"top\">\n<td nowrap=\"nowrap\"> <b>02\/08<\/b>&#8211;<a onclick=\"go(this);\" href=\"https:\/\/www.maxifoot.fr\/amical\/metz-s-impose-contre-troyes-foot-438181.htm\" target=\"_blank\" rel=\"noopener\">Amical : Metz s&rsquo;impose contre Troyes<\/a><\/td>\n<\/tr>\n<tr id=\"tr35\" align=\"left\" valign=\"top\">\n<td nowrap=\"nowrap\"> <b>02\/08<\/b>&#8211;<a onclick=\"go(this);\" href=\"https:\/\/www.maxifoot.fr\/nantes\/radakovic-deja-partant-foot-438192.htm\" target=\"_blank\" rel=\"noopener\">Nantes : Radakovic d\u00e9j\u00e0 partant ?<\/a><\/td>\n<\/tr>\n<tr id=\"tr36\" align=\"left\" valign=\"top\">\n<td nowrap=\"nowrap\"> <b>02\/08<\/b>&#8211;<a onclick=\"go(this);\" href=\"https:\/\/www.maxifoot.fr\/amical\/le-paris-fc-et-le-havre-dos-a-dos-foot-438178.htm\" target=\"_blank\" rel=\"noopener\">Amical : le Paris FC et Le Havre dos \u00e0 dos<\/a><\/td>\n<\/tr>\n<tr id=\"tr37\" align=\"left\" valign=\"top\">\n<td nowrap=\"nowrap\"> <b>02\/08<\/b>&#8211;<a onclick=\"go(this);\" href=\"https:\/\/www.maxifoot.fr\/monaco\/bouabre-a-neom-pour-12-m-euro-officiel-foot-438194.htm\" target=\"_blank\" rel=\"noopener\">Monaco : Bouabr\u00e9 \u00e0 Neom pour 12 M\u20ac (officiel)<\/a><\/td>\n<\/tr>\n<tr id=\"tr38\" align=\"left\" valign=\"top\">\n<td nowrap=\"nowrap\"> <b>02\/08<\/b>&#8211;<a onclick=\"go(this);\" href=\"https:\/\/www.maxifoot.fr\/leipzig\/le-paris-fc-pense-a-haidara-foot-438193.htm\" target=\"_blank\" rel=\"noopener\">Leipzig : le Paris FC pense \u00e0 Ha\u00efdara<\/a><\/td>\n<\/tr>\n<tr id=\"tr39\" align=\"left\" valign=\"top\">\n<td nowrap=\"nowrap\"> <b>02\/08<\/b>&#8211;<a onclick=\"go(this);\" href=\"https:\/\/www.maxifoot.fr\/amical\/lorient-facile-contre-swansea-foot-438176.htm\" target=\"_blank\" rel=\"noopener\">Amical : Lorient facile contre Swansea<\/a><\/td>\n<\/tr>\n<tr id=\"tr40\" align=\"left\" valign=\"top\">\n<td nowrap=\"nowrap\"> <b>02\/08<\/b>&#8211;<a onclick=\"go(this);\" href=\"https:\/\/www.maxifoot.fr\/amical\/toulouse-battu-6-0-par-stuttgart-foot-438175.htm\" target=\"_blank\" rel=\"noopener\">Amical : Toulouse battu 6-0 par Stuttgart<\/a><\/td>\n<\/tr>\n<tr id=\"tr41\" align=\"left\" valign=\"top\">\n<td nowrap=\"nowrap\"> <b>02\/08<\/b>&#8211;<a onclick=\"go(this);\" href=\"https:\/\/www.maxifoot.fr\/amical\/bayern-2-1-lyon-fini-foot-438174.htm\" target=\"_blank\" rel=\"noopener\">Amical : Bayern 2-1 Lyon (fini)<\/a><\/td>\n<\/tr>\n<tr id=\"tr42\" align=\"left\" valign=\"top\">\n<td nowrap=\"nowrap\"> <b>02\/08<\/b>&#8211;<a onclick=\"go(this);\" href=\"https:\/\/www.maxifoot.fr\/west-ham\/wilson-en-approche-foot-438186.htm\" target=\"_blank\" rel=\"noopener\">West Ham : Wilson en approche<\/a><\/td>\n<\/tr>\n<tr id=\"tr43\" align=\"left\" valign=\"top\">\n<td nowrap=\"nowrap\"> <b>02\/08<\/b>&#8211;<a onclick=\"go(this);\" href=\"https:\/\/www.maxifoot.fr\/barca\/nico-williams-l-avis-de-raphinha-foot-438184.htm\" target=\"_blank\" rel=\"noopener\">Bar\u00e7a : Nico Williams, l&rsquo;avis de Raphinha<\/a><\/td>\n<\/tr>\n<tr id=\"tr44\" align=\"left\" valign=\"top\">\n<td nowrap=\"nowrap\"> <b>02\/08<\/b>&#8211;<a onclick=\"go(this);\" href=\"https:\/\/www.maxifoot.fr\/wolverhampton\/wolfe-pour-12-m-euro-officiel-foot-438185.htm\" target=\"_blank\" rel=\"noopener\">Wolverhampton : Wolfe pour 12 M\u20ac (officiel)<\/a><\/td>\n<\/tr>\n<tr id=\"tr45\" align=\"left\" valign=\"top\">\n<td nowrap=\"nowrap\"> <b>02\/08<\/b>&#8211;<a onclick=\"go(this);\" href=\"https:\/\/www.maxifoot.fr\/southampton\/ramsdale-prete-a-newcastle-off-foot-438177.htm\" target=\"_blank\" rel=\"noopener\">Southampton : Ramsdale \u00e0 Newcastle (off.)<\/a><\/td>\n<\/tr>\n<tr id=\"tr46\" align=\"left\" valign=\"top\">\n<td nowrap=\"nowrap\"> <b>02\/08<\/b>&#8211;<a onclick=\"go(this);\" href=\"https:\/\/www.maxifoot.fr\/leipzig\/sunderland-cible-openda-foot-438172.htm\" target=\"_blank\" rel=\"noopener\">Leipzig : Sunderland cible Openda<\/a><\/td>\n<\/tr>\n<tr id=\"tr47\" align=\"left\" valign=\"top\">\n<td nowrap=\"nowrap\"> <b>02\/08<\/b>&#8211;<a onclick=\"go(this);\" href=\"https:\/\/www.maxifoot.fr\/lyon\/la-revelation-merah-reste-lucide-foot-438152.htm\" target=\"_blank\" rel=\"noopener\">Lyon : la r\u00e9v\u00e9lation Merah reste lucide<\/a><\/td>\n<\/tr>\n<tr id=\"tr48\" align=\"left\" valign=\"top\">\n<td nowrap=\"nowrap\"> <b>02\/08<\/b>&#8211;<a onclick=\"go(this);\" href=\"https:\/\/www.maxifoot.fr\/amical\/un-nul-entre-rennes-et-la-real-sociedad-foot-438171.htm\" target=\"_blank\" rel=\"noopener\">Amical : un nul entre Rennes et la Real Sociedad<\/a><\/td>\n<\/tr>\n<tr id=\"tr49\" align=\"left\" valign=\"top\">\n<td nowrap=\"nowrap\"> <b>02\/08<\/b>&#8211;<a onclick=\"go(this);\" href=\"https:\/\/www.maxifoot.fr\/amical\/bayern-lyon-les-compos-foot-438170.htm\" target=\"_blank\" rel=\"noopener\">Amical : Bayern-Lyon, les compos<\/a><\/td>\n<\/tr>\n<tr id=\"tr50\" align=\"left\" valign=\"top\">\n<td nowrap=\"nowrap\"> <b>02\/08<\/b>&#8211;<a onclick=\"go(this);\" href=\"https:\/\/www.maxifoot.fr\/lyon\/accord-avec-liverpool-pour-morton-foot-438169.htm\" target=\"_blank\" rel=\"noopener\">Lyon : accord avec Liverpool pour Morton<\/a><\/td>\n<\/tr>\n<tr id=\"tr51\" align=\"left\" valign=\"top\">\n<td nowrap=\"nowrap\"> <b>02\/08<\/b>&#8211;<a onclick=\"go(this);\" href=\"https:\/\/www.maxifoot.fr\/come\/dele-alli-vers-la-retraite-foot-438167.htm\" target=\"_blank\" rel=\"noopener\">C\u00f4me : Dele Alli vers la retraite ?<\/a><\/td>\n<\/tr>\n<tr id=\"tr52\" align=\"left\" valign=\"top\">\n<td nowrap=\"nowrap\"> <b>02\/08<\/b>&#8211;<a onclick=\"go(this);\" href=\"https:\/\/www.maxifoot.fr\/monaco\/le-transfert-de-hradecky-est-boucle-foot-438166.htm\" target=\"_blank\" rel=\"noopener\">Monaco : le transfert de Hradecky est boucl\u00e9<\/a><\/td>\n<\/tr>\n<tr id=\"tr53\" align=\"left\" valign=\"top\">\n<td nowrap=\"nowrap\"> <b>02\/08<\/b>&#8211;<a onclick=\"go(this);\" href=\"https:\/\/www.maxifoot.fr\/tfc\/babicka-a-l-etoile-rouge-officiel-foot-438168.htm\" target=\"_blank\" rel=\"noopener\">TFC : Babicka \u00e0 l&rsquo;Etoile Rouge (officiel)<\/a><\/td>\n<\/tr>\n<tr id=\"tr54\" align=\"left\" valign=\"top\">\n<td nowrap=\"nowrap\"> <b>02\/08<\/b>&#8211;<a onclick=\"go(this);\" href=\"https:\/\/www.maxifoot.fr\/chelsea\/newcastle-a-contacte-disasi-foot-438151.htm\" target=\"_blank\" rel=\"noopener\">Chelsea : Newcastle a contact\u00e9 Disasi<\/a><\/td>\n<\/tr>\n<tr id=\"tr55\" align=\"left\" valign=\"top\">\n<td nowrap=\"nowrap\"> <b>02\/08<\/b>&#8211;<a onclick=\"go(this);\" href=\"https:\/\/www.maxifoot.fr\/montpellier\/la-sampdoria-discute-avec-ferri-foot-438164.htm\" target=\"_blank\" rel=\"noopener\">Montpellier : la Sampdoria discute avec Ferri<\/a><\/td>\n<\/tr>\n<tr id=\"tr56\" align=\"left\" valign=\"top\">\n<td nowrap=\"nowrap\"> <b>02\/08<\/b>&#8211;<a onclick=\"go(this);\" href=\"https:\/\/www.maxifoot.fr\/leipzig\/newcastle-propose-80-m-euro-pour-sesko-foot-438165.htm\" target=\"_blank\" rel=\"noopener\">Leipzig : Newcastle propose 80 M\u0080 pour Sesko<\/a><\/td>\n<\/tr>\n<tr id=\"tr57\" align=\"left\" valign=\"top\">\n<td nowrap=\"nowrap\"> <b>02\/08<\/b>&#8211;<a onclick=\"go(this);\" href=\"https:\/\/www.maxifoot.fr\/lens\/zaroury-se-dirige-vers-la-grece-foot-438163.htm\" target=\"_blank\" rel=\"noopener\">Lens : Zaroury se dirige vers la Gr\u00e8ce<\/a><\/td>\n<\/tr>\n<tr id=\"tr58\" align=\"left\" valign=\"top\">\n<td nowrap=\"nowrap\"> <b>02\/08<\/b>&#8211;<a onclick=\"go(this);\" href=\"https:\/\/www.maxifoot.fr\/lyon\/un-avenir-flou-pour-matic-foot-438161.htm\" target=\"_blank\" rel=\"noopener\">Lyon : Fonseca va discuter avec Matic<\/a><\/td>\n<\/tr>\n<tr id=\"tr59\" align=\"left\" valign=\"top\">\n<td nowrap=\"nowrap\"> <b>02\/08<\/b>&#8211;<a onclick=\"go(this);\" href=\"https:\/\/www.maxifoot.fr\/inter-miami\/mascherano-et-l-avenir-de-messi-foot-438162.htm\" target=\"_blank\" rel=\"noopener\">Inter Miami : Mascherano et l&rsquo;avenir de Messi<\/a><\/td>\n<\/tr>\n<tr id=\"tr60\" align=\"left\" valign=\"top\">\n<td nowrap=\"nowrap\"> <b>02\/08<\/b>&#8211;<a onclick=\"go(this);\" href=\"https:\/\/www.maxifoot.fr\/chelsea\/l-inter-pense-a-nkunku-foot-438159.htm\" target=\"_blank\" rel=\"noopener\">Chelsea : l&rsquo;Inter pense \u00e0 Nkunku<\/a><\/td>\n<\/tr>\n<tr id=\"tr61\" align=\"left\" valign=\"top\">\n<td nowrap=\"nowrap\"> <b>02\/08<\/b>&#8211;<a onclick=\"go(this);\" href=\"https:\/\/www.maxifoot.fr\/roma\/ghilardi-a-signe-officiel-foot-438160.htm\" target=\"_blank\" rel=\"noopener\">Roma : Ghilardi a sign\u00e9 (officiel)<\/a><\/td>\n<\/tr>\n<tr id=\"tr62\" align=\"left\" valign=\"top\">\n<td nowrap=\"nowrap\"> <b>02\/08<\/b>&#8211;<a onclick=\"go(this);\" href=\"https:\/\/www.maxifoot.fr\/lyon\/p-fonseca-il-manque-des-joueurs-foot-438158.htm\" target=\"_blank\" rel=\"noopener\">Lyon : P. Fonseca &#8211; \u00ab\u00a0il manque des joueurs\u00a0\u00bb<\/a><\/td>\n<\/tr>\n<tr id=\"tr63\" align=\"left\" valign=\"top\">\n<td nowrap=\"nowrap\"> <b>02\/08<\/b>&#8211;<a onclick=\"go(this);\" href=\"https:\/\/www.maxifoot.fr\/om\/de-zerbi-a-prevenu-la-direction-pour-rowe-foot-438157.htm\" target=\"_blank\" rel=\"noopener\">OM : De Zerbi a pr\u00e9venu la direction pour Rowe<\/a><\/td>\n<\/tr>\n<tr id=\"tr64\" align=\"left\" valign=\"top\">\n<td nowrap=\"nowrap\"> <b>02\/08<\/b>&#8211;<a onclick=\"go(this);\" href=\"https:\/\/www.maxifoot.fr\/lyon\/le-conseil-de-fonseca-a-fofana-foot-438153.htm\" target=\"_blank\" rel=\"noopener\">Lyon : le conseil de Fonseca \u00e0 Fofana<\/a><\/td>\n<\/tr>\n<tr id=\"tr65\" align=\"left\" valign=\"top\">\n<td nowrap=\"nowrap\"> <b>02\/08<\/b>&#8211;<a onclick=\"go(this);\" href=\"https:\/\/www.maxifoot.fr\/al-ahli\/saint-maximin-vers-le-mexique-foot-438150.htm\" target=\"_blank\" rel=\"noopener\">Al-Ahli : Saint-Maximin vers le Mexique<\/a><\/td>\n<\/tr>\n<tr id=\"tr66\" align=\"left\" valign=\"top\">\n<td nowrap=\"nowrap\"> <b>02\/08<\/b>&#8211;<a onclick=\"go(this);\" href=\"https:\/\/www.maxifoot.fr\/tottenham\/son-a-decide-de-quitter-le-club-foot-438156.htm\" target=\"_blank\" rel=\"noopener\">Tottenham : Son a d\u00e9cid\u00e9 de quitter le club !<\/a><\/td>\n<\/tr>\n<tr id=\"tr67\" align=\"left\" valign=\"top\">\n<td nowrap=\"nowrap\"> <b>02\/08<\/b>&#8211;<a onclick=\"go(this);\" href=\"https:\/\/www.maxifoot.fr\/om\/un-effort-de-weah-decisif-foot-438155.htm\" target=\"_blank\" rel=\"noopener\">OM : un effort de Weah d\u00e9cisif ?<\/a><\/td>\n<\/tr>\n<tr id=\"tr68\" align=\"left\" valign=\"top\">\n<td nowrap=\"nowrap\"> <b>02\/08<\/b>&#8211;<a onclick=\"go(this);\" href=\"https:\/\/www.maxifoot.fr\/psg\/chevalier-le-club-a-informe-donnarumma-foot-438154.htm\" target=\"_blank\" rel=\"noopener\">PSG : Chevalier, le club a inform\u00e9 Donnarumma<\/a><\/td>\n<\/tr>\n<tr id=\"tr69\" align=\"left\" valign=\"top\">\n<td nowrap=\"nowrap\"> <b>01\/08<\/b>&#8211;<a onclick=\"go(this);\" href=\"https:\/\/www.maxifoot.fr\/om\/g-rulli-le-plus-grand-club-de-france-foot-438140.htm\" target=\"_blank\" rel=\"noopener\">OM : G. Rulli &#8211; \u00ab\u00a0le plus grand club de France\u00a0\u00bb<\/a><\/td>\n<\/tr>\n<tr id=\"tr70\" align=\"left\" valign=\"top\">\n<td nowrap=\"nowrap\"> <b>01\/08<\/b>&#8211;<a onclick=\"go(this);\" href=\"https:\/\/www.maxifoot.fr\/brighton\/jota-le-bel-hommage-de-milner-foot-438142.htm\" target=\"_blank\" rel=\"noopener\">Brighton : Jota, le bel hommage de Milner<\/a><\/td>\n<\/tr>\n<tr id=\"tr71\" align=\"left\" valign=\"top\">\n<td nowrap=\"nowrap\"> <b>01\/08<\/b>&#8211;<a onclick=\"go(this);\" href=\"https:\/\/www.maxifoot.fr\/monaco\/singo-a-fait-son-choix-pour-son-futur-foot-438149.htm\" target=\"_blank\" rel=\"noopener\">Monaco : Singo a fait son choix pour son futur<\/a><\/td>\n<\/tr>\n<tr id=\"tr72\" align=\"left\" valign=\"top\">\n<td nowrap=\"nowrap\"> <b>01\/08<\/b>&#8211;<a onclick=\"go(this);\" href=\"https:\/\/www.maxifoot.fr\/lyon\/turner-achete-et-prete-en-mls-officiel-foot-438148.htm\" target=\"_blank\" rel=\"noopener\">Lyon : Turner achet\u00e9, puis pr\u00eat\u00e9 en MLS (off.)<\/a><\/td>\n<\/tr>\n<tr id=\"tr73\" align=\"left\" valign=\"top\">\n<td nowrap=\"nowrap\"> <b>01\/08<\/b>&#8211;<a onclick=\"go(this);\" href=\"https:\/\/www.maxifoot.fr\/lyon\/caleta-car-file-a-la-real-sociedad-off-foot-438147.htm\" target=\"_blank\" rel=\"noopener\">Lyon : Caleta-Car file \u00e0 la Real Sociedad (off.)<\/a><\/td>\n<\/tr>\n<tr id=\"tr74\" align=\"left\" valign=\"top\">\n<td nowrap=\"nowrap\"> <b>01\/08<\/b>&#8211;<a onclick=\"go(this);\" href=\"https:\/\/www.maxifoot.fr\/liverpool\/morton-a-lyon-ca-se-confirme-foot-438146.htm\" target=\"_blank\" rel=\"noopener\">Liverpool : Morton \u00e0 Lyon, \u00e7a se confirme<\/a><\/td>\n<\/tr>\n<tr id=\"tr75\" align=\"left\" valign=\"top\">\n<td nowrap=\"nowrap\"> <b>01\/08<\/b>&#8211;<a onclick=\"go(this);\" href=\"https:\/\/www.maxifoot.fr\/rennes\/jaouab-cede-a-valladolid-officiel-foot-438143.htm\" target=\"_blank\" rel=\"noopener\">Rennes : Jaouab c\u00e9d\u00e9 \u00e0 Valladolid (officiel)<\/a><\/td>\n<\/tr>\n<tr id=\"tr76\" align=\"left\" valign=\"top\">\n<td nowrap=\"nowrap\">\n <b>01\/08<\/b>&#8211;<a onclick=\"go(this);\" href=\"https:\/\/www.maxifoot.fr\/psg\/hakimi-risque-un-proces-pour-viol-foot-438145.htm\" target=\"_blank\" rel=\"noopener\">PSG : Hakimi risque un proc\u00e8s pour viol<\/a><\/td>\n<\/tr>\n<tr id=\"tr77\" align=\"left\" valign=\"top\">\n<td nowrap=\"nowrap\">\n <b>01\/08<\/b>&#8211;<a onclick=\"go(this);\" href=\"https:\/\/www.maxifoot.fr\/om\/paixao-est-marseillais-officiel-foot-438144.htm\" target=\"_blank\" rel=\"noopener\">OM : Paix\u00e3o est Marseillais (officiel)<\/a><\/td>\n<\/tr>\n<tr id=\"tr78\" align=\"left\" valign=\"top\">\n<td nowrap=\"nowrap\">\n <b>01\/08<\/b>&#8211;<a onclick=\"go(this);\" href=\"https:\/\/www.maxifoot.fr\/om\/son-depart-aubameyang-n-a-pas-de-regret-foot-438136.htm\" target=\"_blank\" rel=\"noopener\">OM : son d\u00e9part, Aubameyang n&rsquo;a pas de regret<\/a><\/td>\n<\/tr>\n<tr id=\"tr79\" align=\"left\" valign=\"top\">\n<td nowrap=\"nowrap\">\n <b>01\/08<\/b>&#8211;<a onclick=\"go(this);\" href=\"https:\/\/www.maxifoot.fr\/rennes\/andres-gomez-sur-le-depart-foot-438139.htm\" target=\"_blank\" rel=\"noopener\">Rennes : Andr\u00e9s Gomez sur le d\u00e9part<\/a><\/td>\n<\/tr>\n<tr id=\"tr80\" align=\"left\" valign=\"top\">\n<td nowrap=\"nowrap\">\n <b>01\/08<\/b>&#8211;<a onclick=\"go(this);\" href=\"https:\/\/www.maxifoot.fr\/om\/feyenoord-confirme-le-transfert-de-paixao-foot-438141.htm\" target=\"_blank\" rel=\"noopener\">OM : Feyenoord confirme le transfert de Paix\u00e3o<\/a><\/td>\n<\/tr>\n<tr id=\"tr81\" align=\"left\" valign=\"top\">\n<td nowrap=\"nowrap\">\n <b>01\/08<\/b>&#8211;<a onclick=\"go(this);\" href=\"https:\/\/www.maxifoot.fr\/paris-fc\/un-jeune-du-barca-sur-les-tablettes-foot-438138.htm\" target=\"_blank\" rel=\"noopener\">Paris FC : un jeune du Bar\u00e7a sur les tablettes<\/a><\/td>\n<\/tr>\n<tr id=\"tr82\" align=\"left\" valign=\"top\">\n<td nowrap=\"nowrap\">\n <b>01\/08<\/b>&#8211;<a onclick=\"go(this);\" href=\"https:\/\/www.maxifoot.fr\/le-mans\/djokovic-investit-dans-le-club-foot-438137.htm\" target=\"_blank\" rel=\"noopener\">Le Mans : Djokovic investit dans le club<\/a><\/td>\n<\/tr>\n<tr id=\"tr83\" align=\"left\" valign=\"top\">\n<td nowrap=\"nowrap\">\n <b>01\/08<\/b>&#8211;<a onclick=\"go(this);\" href=\"https:\/\/www.maxifoot.fr\/lyon\/tagliafico-poursuit-l-aventure-officiel-foot-438135.htm\" target=\"_blank\" rel=\"noopener\">Lyon : Tagliafico poursuit l&rsquo;aventure (officiel)<\/a><\/td>\n<\/tr>\n<tr id=\"tr84\" align=\"left\" valign=\"top\">\n<td nowrap=\"nowrap\">\n <b>01\/08<\/b>&#8211;<a onclick=\"go(this);\" href=\"https:\/\/www.maxifoot.fr\/naples\/l-atletico-fonce-sur-raspadori-foot-438115.htm\" target=\"_blank\" rel=\"noopener\">Naples : l&rsquo;Atletico fonce sur Raspadori<\/a><\/td>\n<\/tr>\n<tr id=\"tr85\" align=\"left\" valign=\"top\">\n<td nowrap=\"nowrap\">\n <b>01\/08<\/b>&#8211;<a onclick=\"go(this);\" href=\"https:\/\/www.maxifoot.fr\/monaco\/michal-interesse-trois-clubs-de-l1-foot-438110.htm\" target=\"_blank\" rel=\"noopener\">Monaco : Michal int\u00e9resse trois clubs de L1<\/a><\/td>\n<\/tr>\n<tr id=\"tr86\" align=\"left\" valign=\"top\">\n<td nowrap=\"nowrap\">\n <b>01\/08<\/b>&#8211;<a onclick=\"go(this);\" href=\"https:\/\/www.maxifoot.fr\/lyon\/un-meneur-de-jeu-tcheque-pour-7-5-m-euro-foot-438134.htm\" target=\"_blank\" rel=\"noopener\">Lyon : un meneur de jeu tch\u00e8que pour 7,5 M\u0080<\/a><\/td>\n<\/tr>\n<tr id=\"tr87\" align=\"left\" valign=\"top\">\n<td nowrap=\"nowrap\">\n <b>01\/08<\/b>&#8211;<a onclick=\"go(this);\" href=\"https:\/\/www.maxifoot.fr\/roma\/prix-fixe-pour-dovbyk-foot-438108.htm\" target=\"_blank\" rel=\"noopener\">Roma : prix fix\u00e9 pour Dovbyk<\/a><\/td>\n<\/tr>\n<tr id=\"tr88\" align=\"left\" valign=\"top\">\n<td nowrap=\"nowrap\">\n <b>01\/08<\/b>&#8211;<a onclick=\"go(this);\" href=\"https:\/\/www.maxifoot.fr\/man-utd\/garnacho-a-fait-son-choix-foot-438125.htm\" target=\"_blank\" rel=\"noopener\">Man Utd : Garnacho a fait son choix<\/a><\/td>\n<\/tr>\n<tr id=\"tr89\" align=\"left\" valign=\"top\">\n<td nowrap=\"nowrap\">\n <b>01\/08<\/b>&#8211;<a onclick=\"go(this);\" href=\"https:\/\/www.maxifoot.fr\/le-havre\/c-est-fini-pour-ayew-officiel-foot-438133.htm\" target=\"_blank\" rel=\"noopener\">Le Havre : c&rsquo;est fini pour Ayew (officiel)<\/a><\/td>\n<\/tr>\n<tr id=\"tr90\" align=\"left\" valign=\"top\">\n<td nowrap=\"nowrap\">\n <b>01\/08<\/b>&#8211;<a onclick=\"go(this);\" href=\"https:\/\/www.maxifoot.fr\/inter\/32-m-euro-refuses-pour-bisseck-foot-438130.htm\" target=\"_blank\" rel=\"noopener\">Inter : 32 M\u20ac refus\u00e9s pour Bisseck<\/a><\/td>\n<\/tr>\n<tr id=\"tr91\" align=\"left\" valign=\"top\">\n<td nowrap=\"nowrap\">\n <b>01\/08<\/b>&#8211;<a onclick=\"go(this);\" href=\"https:\/\/www.maxifoot.fr\/rennes\/frankowski-va-bien-signer-foot-438132.htm\" target=\"_blank\" rel=\"noopener\">Rennes : Frankowski va bien signer<\/a><\/td>\n<\/tr>\n<tr id=\"tr92\" align=\"left\" valign=\"top\">\n<td nowrap=\"nowrap\">\n <b>01\/08<\/b>&#8211;<a onclick=\"go(this);\" href=\"https:\/\/www.maxifoot.fr\/pise\/juan-cuadrado-en-approche-foot-438116.htm\" target=\"_blank\" rel=\"noopener\">Pise : Juan Cuadrado en approche<\/a><\/td>\n<\/tr>\n<tr id=\"tr93\" align=\"left\" valign=\"top\">\n<td nowrap=\"nowrap\">\n <b>01\/08<\/b>&#8211;<a onclick=\"go(this);\" href=\"https:\/\/www.maxifoot.fr\/liverpool\/newcastle-refuse-138-m-euro-pour-isak-foot-438131.htm\" target=\"_blank\" rel=\"noopener\">Liverpool : Newcastle refuse 138 M\u20ac pour Isak<\/a><\/td>\n<\/tr>\n<tr id=\"tr94\" align=\"left\" valign=\"top\">\n<td nowrap=\"nowrap\">\n <b>01\/08<\/b>&#8211;<a onclick=\"go(this);\" href=\"https:\/\/www.maxifoot.fr\/lyon\/caleta-car-attendu-en-espagne-ce-vendredi-foot-438127.htm\" target=\"_blank\" rel=\"noopener\">Lyon : Caleta-Car attendu en Espagne ce vendredi<\/a><\/td>\n<\/tr>\n<tr id=\"tr95\" align=\"left\" valign=\"top\">\n<td nowrap=\"nowrap\">\n <b>01\/08<\/b>&#8211;<a onclick=\"go(this);\" href=\"https:\/\/www.maxifoot.fr\/rennes\/brentford-pense-aussi-a-kalimuendo-foot-438112.htm\" target=\"_blank\" rel=\"noopener\">Rennes : Brentford pense aussi \u00e0 Kalimuendo<\/a><\/td>\n<\/tr>\n<tr id=\"tr96\" align=\"left\" valign=\"top\">\n<td nowrap=\"nowrap\">\n <b>01\/08<\/b>&#8211;<a onclick=\"go(this);\" href=\"https:\/\/www.maxifoot.fr\/man-city\/vitor-reis-vers-gerone-foot-438106.htm\" target=\"_blank\" rel=\"noopener\">Man City : Vitor Reis vers G\u00e9rone<\/a><\/td>\n<\/tr>\n<tr id=\"tr97\" align=\"left\" valign=\"top\">\n<td nowrap=\"nowrap\">\n <b>01\/08<\/b>&#8211;<a onclick=\"go(this);\" href=\"https:\/\/www.maxifoot.fr\/tfc\/babicka-va-signer-a-l-etoile-rouge-foot-438129.htm\" target=\"_blank\" rel=\"noopener\">TFC : Babicka va signer \u00e0 l&rsquo;\u00c9toile Rouge<\/a><\/td>\n<\/tr>\n<tr id=\"tr98\" align=\"left\" valign=\"top\">\n<td nowrap=\"nowrap\">\n <b>01\/08<\/b>&#8211;<a onclick=\"go(this);\" href=\"https:\/\/www.maxifoot.fr\/roma\/ghirardi-arrive-pour-11-m-euro-foot-438114.htm\" target=\"_blank\" rel=\"noopener\">Roma : Ghilardi arrive pour 11 M\u0080<\/a><\/td>\n<\/tr>\n<tr id=\"tr99\" align=\"left\" valign=\"top\">\n<td nowrap=\"nowrap\">\n <b>01\/08<\/b>&#8211;<a onclick=\"go(this);\" href=\"https:\/\/www.maxifoot.fr\/monaco\/pogba-a-retouche-le-ballon-foot-438113.htm\" target=\"_blank\" rel=\"noopener\">Monaco : Pogba a retouch\u00e9 le ballon<\/a><\/td>\n<\/tr>\n<tr id=\"tr100\" align=\"left\" valign=\"top\">\n<td nowrap=\"nowrap\">\n <b>01\/08<\/b>&#8211;<a onclick=\"go(this);\" href=\"https:\/\/www.maxifoot.fr\/man-utd\/sancho-souhaite-retourner-a-dortmund-foot-438118.htm\" target=\"_blank\" rel=\"noopener\">Man Utd : Sancho souhaite retourner \u00e0 Dortmund<\/a><\/td>\n<\/tr>\n<tr id=\"tr101\" align=\"left\" valign=\"top\">\n<td nowrap=\"nowrap\">\n <b>01\/08<\/b>&#8211;<a onclick=\"go(this);\" href=\"https:\/\/www.maxifoot.fr\/auxerre\/c-est-signe-pour-el-azzouzi-officiel-foot-438128.htm\" target=\"_blank\" rel=\"noopener\">Auxerre : c&rsquo;est sign\u00e9 pour El Azzouzi (officiel)<\/a><\/td>\n<\/tr>\n<tr id=\"tr102\" align=\"left\" valign=\"top\">\n<td nowrap=\"nowrap\">\n <b>01\/08<\/b>&#8211;<a onclick=\"go(this);\" href=\"https:\/\/www.maxifoot.fr\/atletico\/mourino-revendu-a-villarreal-off-foot-438126.htm\" target=\"_blank\" rel=\"noopener\">Atletico : Mouri\u00f1o revendu \u00e0 Villarreal (off.)<\/a><\/td>\n<\/tr>\n<tr id=\"tr103\" align=\"left\" valign=\"top\">\n<td nowrap=\"nowrap\">\n <b>01\/08<\/b>&#8211;<a onclick=\"go(this);\" href=\"https:\/\/www.maxifoot.fr\/om\/p-e-aubameyang-le-choix-du-coeur-foot-438121.htm\" target=\"_blank\" rel=\"noopener\">OM : P.-E. Aubameyang &#8211; \u00ab\u00a0le choix du coeur\u00a0\u00bb<\/a><\/td>\n<\/tr>\n<tr id=\"tr104\" align=\"left\" valign=\"top\">\n<td nowrap=\"nowrap\">\n <b>01\/08<\/b>&#8211;<a onclick=\"go(this);\" href=\"https:\/\/www.maxifoot.fr\/sunderland\/roefs-signe-pour-13-5-m-euro-officiel-foot-438124.htm\" target=\"_blank\" rel=\"noopener\">Sunderland : Roefs signe pour 13,5 M\u20ac (officiel)<\/a><\/td>\n<\/tr>\n<tr id=\"tr105\" align=\"left\" valign=\"top\">\n<td nowrap=\"nowrap\">\n <b>01\/08<\/b>&#8211;<a onclick=\"go(this);\" href=\"https:\/\/www.maxifoot.fr\/chelsea\/sarr-retourne-a-strasbourg-officiel-foot-438123.htm\" target=\"_blank\" rel=\"noopener\">Chelsea : Sarr retourne \u00e0 Strasbourg (officiel)<\/a><\/td>\n<\/tr>\n<tr id=\"tr106\" align=\"left\" valign=\"top\">\n<td nowrap=\"nowrap\">\n <b>01\/08<\/b>&#8211;<a onclick=\"go(this);\" href=\"https:\/\/www.maxifoot.fr\/nice\/ca-se-tend-avec-guessand-foot-438122.htm\" target=\"_blank\" rel=\"noopener\">Nice : \u00e7a se tend avec Guessand<\/a><\/td>\n<\/tr>\n<tr id=\"tr107\" align=\"left\" valign=\"top\">\n<td nowrap=\"nowrap\">\n <b>01\/08<\/b>&#8211;<a onclick=\"go(this);\" href=\"https:\/\/www.maxifoot.fr\/west-ham\/man-city-n-a-pas-oublie-paqueta-foot-438117.htm\" target=\"_blank\" rel=\"noopener\">West Ham : Man City n&rsquo;a pas oubli\u00e9 Paqueta<\/a><\/td>\n<\/tr>\n<tr id=\"tr108\" align=\"left\" valign=\"top\">\n<td nowrap=\"nowrap\">\n <b>01\/08<\/b>&#8211;<a onclick=\"go(this);\" href=\"https:\/\/www.maxifoot.fr\/lecce\/rebic-retourne-en-croatie-officiel-foot-438120.htm\" target=\"_blank\" rel=\"noopener\">Lecce : Rebic retourne en Croatie (officiel)<\/a><\/td>\n<\/tr>\n<tr id=\"tr109\" align=\"left\" valign=\"top\">\n<td nowrap=\"nowrap\">\n <b>01\/08<\/b>&#8211;<a onclick=\"go(this);\" href=\"https:\/\/www.maxifoot.fr\/mls\/messi-n-a-pas-aime-sa-suspension-foot-438119.htm\" target=\"_blank\" rel=\"noopener\">MLS : Messi n&rsquo;a pas aim\u00e9 sa suspension&#8230;<\/a><\/td>\n<\/tr>\n<tr id=\"tr110\" align=\"left\" valign=\"top\">\n<td nowrap=\"nowrap\">\n <b>01\/08<\/b>&#8211;<a onclick=\"go(this);\" href=\"https:\/\/www.maxifoot.fr\/bayern\/joao-palhinha-arrive-a-tottenham-foot-438111.htm\" target=\"_blank\" rel=\"noopener\">Bayern : Jo\u00e3o Palhinha arrive \u00e0 Tottenham<\/a><\/td>\n<\/tr>\n<tr id=\"tr111\" align=\"left\" valign=\"top\">\n<td nowrap=\"nowrap\">\n <b>01\/08<\/b>&#8211;<a onclick=\"go(this);\" href=\"https:\/\/www.maxifoot.fr\/chelsea\/16-joueurs-pousses-dehors-foot-438105.htm\" target=\"_blank\" rel=\"noopener\">Chelsea : 15 joueurs pouss\u00e9s dehors<\/a><\/td>\n<\/tr>\n<tr id=\"tr112\" align=\"left\" valign=\"top\">\n<td nowrap=\"nowrap\">\n <b>01\/08<\/b>&#8211;<a onclick=\"go(this);\" href=\"https:\/\/www.maxifoot.fr\/brest\/l-ol-abandonne-pour-lees-melou-foot-438109.htm\" target=\"_blank\" rel=\"noopener\">Brest : l&rsquo;OL abandonne pour Lees-Melou<\/a><\/td>\n<\/tr>\n<tr id=\"tr113\" align=\"left\" valign=\"top\">\n<td nowrap=\"nowrap\">\n <b>01\/08<\/b>&#8211;<a onclick=\"go(this);\" href=\"https:\/\/www.maxifoot.fr\/barca\/de-jong-enfin-clair-sur-son-avenir-foot-438107.htm\" target=\"_blank\" rel=\"noopener\">Bar\u00e7a : De Jong enfin clair sur son avenir<\/a><\/td>\n<\/tr>\n<tr id=\"tr114\" align=\"left\" valign=\"top\">\n<td nowrap=\"nowrap\">\n <b>01\/08<\/b>&#8211;<a onclick=\"go(this);\" href=\"https:\/\/www.maxifoot.fr\/por-scpe\/benfica-domine-le-sporting-foot-438104.htm\" target=\"_blank\" rel=\"noopener\">Por. (Scpe) : Benfica domine le Sporting<\/a><\/td>\n<\/tr>\n<tr id=\"tr115\" align=\"left\" valign=\"top\">\n<td nowrap=\"nowrap\">\n <b>01\/08<\/b>&#8211;<a onclick=\"go(this);\" href=\"https:\/\/www.maxifoot.fr\/psg\/skriniar-a-fenerbahce-pour-10-m-euro-off-foot-438103.htm\" target=\"_blank\" rel=\"noopener\">PSG : Skriniar \u00e0 Fenerbah\u00e7e pour 10 M\u20ac (off.)<\/a><\/td>\n<\/tr>\n<tr id=\"tr116\" align=\"left\" valign=\"top\">\n<td nowrap=\"nowrap\">\n <b>31\/07<\/b>&#8211;<a onclick=\"go(this);\" href=\"https:\/\/www.maxifoot.fr\/man-utd\/hojlund-ne-compte-pas-partir-foot-438092.htm\" target=\"_blank\" rel=\"noopener\">Man Utd : H\u00f8jlund ne compte pas partir<\/a><\/td>\n<\/tr>\n<tr id=\"tr117\" align=\"left\" valign=\"top\">\n<td nowrap=\"nowrap\">\n <b>31\/07<\/b>&#8211;<a onclick=\"go(this);\" href=\"https:\/\/www.maxifoot.fr\/alaves\/mourino-retourne-a-l-atletico-off-foot-438102.htm\" target=\"_blank\" rel=\"noopener\">Alav\u00e9s : Mouri\u00f1o retourne \u00e0 l&rsquo;Atletico (off.)<\/a><\/td>\n<\/tr>\n<tr id=\"tr118\" align=\"left\" valign=\"top\">\n<td nowrap=\"nowrap\">\n <b>31\/07<\/b>&#8211;<a onclick=\"go(this);\" href=\"https:\/\/www.maxifoot.fr\/monaco\/ouattara-pas-certain-de-rester-foot-438089.htm\" target=\"_blank\" rel=\"noopener\">Monaco : Ouattara pas certain de rester<\/a><\/td>\n<\/tr>\n<tr id=\"tr119\" align=\"left\" valign=\"top\">\n<td nowrap=\"nowrap\">\n <b>31\/07<\/b>&#8211;<a onclick=\"go(this);\" href=\"https:\/\/www.maxifoot.fr\/tfc\/un-buteur-argentin-recrute-officiel-foot-438101.htm\" target=\"_blank\" rel=\"noopener\">TFC : un buteur argentin recrut\u00e9 (officiel)<\/a><\/td>\n<\/tr>\n<tr id=\"tr120\" align=\"left\" valign=\"top\">\n<td nowrap=\"nowrap\">\n <b>31\/07<\/b>&#8211;<a onclick=\"go(this);\" href=\"https:\/\/www.maxifoot.fr\/psg\/marquinhos-a-decide-de-rester-foot-438100.htm\" target=\"_blank\" rel=\"noopener\">PSG : Marquinhos a d\u00e9cid\u00e9 de rester<\/a><\/td>\n<\/tr>\n","protected":false},"excerpt":{"rendered":"12h57&#8211;Lyon : Govou s&rsquo;en prend \u00e0 Caleta-Car 12h40&#8211;Monaco : le clan Fati en veut au Bar\u00e7a 12h21&#8211;Miami :&hellip;\n","protected":false},"author":2,"featured_media":293412,"comment_status":"","ping_status":"","sticky":false,"template":"","format":"standard","meta":{"footnotes":""},"categories":[2815],"tags":[1111,11,2266,2262,2261,1981,83,2260,451,2263,1777,674,462,2269,2257,63,1011,27,2265,811,1441,453,66,447,1307,2267,955,12,2268,241,149,70,1817,93,2264,25,2258,2259,969,455],"class_list":{"0":"post-293411","1":"post","2":"type-post","3":"status-publish","4":"format-standard","5":"has-post-thumbnail","7":"category-lille","8":"tag-actu","9":"tag-actualites","10":"tag-as-monaco","11":"tag-bundesligua","12":"tag-calcio","13":"tag-classement","14":"tag-coupe-de-france","15":"tag-coupe-de-la-ligue","16":"tag-coupe-du-monde","17":"tag-equipe","18":"tag-eu","19":"tag-europe","20":"tag-fc-nantes","21":"tag-fifa","22":"tag-foot","23":"tag-football","24":"tag-fr","25":"tag-france","26":"tag-girondins-bordeaux","27":"tag-hauts-de-france","28":"tag-joueur","29":"tag-liga","30":"tag-ligue-1","31":"tag-ligue-des-champions","32":"tag-lille","33":"tag-losc","34":"tag-match","35":"tag-news","36":"tag-ogc-nice","37":"tag-ol","38":"tag-om","39":"tag-premier-league","40":"tag-pronostic","41":"tag-psg","42":"tag-rc-lens","43":"tag-republique-francaise","44":"tag-resultat","45":"tag-score","46":"tag-transfert","47":"tag-uefa"},"share_on_mastodon":{"url":"https:\/\/pubeurope.com\/@fr\/114964534868406023","error":""},"_links":{"self":[{"href":"https:\/\/www.europesays.com\/fr\/wp-json\/wp\/v2\/posts\/293411","targetHints":{"allow":["GET"]}}],"collection":[{"href":"https:\/\/www.europesays.com\/fr\/wp-json\/wp\/v2\/posts"}],"about":[{"href":"https:\/\/www.europesays.com\/fr\/wp-json\/wp\/v2\/types\/post"}],"author":[{"embeddable":true,"href":"https:\/\/www.europesays.com\/fr\/wp-json\/wp\/v2\/users\/2"}],"replies":[{"embeddable":true,"href":"https:\/\/www.europesays.com\/fr\/wp-json\/wp\/v2\/comments?post=293411"}],"version-history":[{"count":0,"href":"https:\/\/www.europesays.com\/fr\/wp-json\/wp\/v2\/posts\/293411\/revisions"}],"wp:featuredmedia":[{"embeddable":true,"href":"https:\/\/www.europesays.com\/fr\/wp-json\/wp\/v2\/media\/293412"}],"wp:attachment":[{"href":"https:\/\/www.europesays.com\/fr\/wp-json\/wp\/v2\/media?parent=293411"}],"wp:term":[{"taxonomy":"category","embeddable":true,"href":"https:\/\/www.europesays.com\/fr\/wp-json\/wp\/v2\/categories?post=293411"},{"taxonomy":"post_tag","embeddable":true,"href":"https:\/\/www.europesays.com\/fr\/wp-json\/wp\/v2\/tags?post=293411"}],"curies":[{"name":"wp","href":"https:\/\/api.w.org\/{rel}","templated":true}]}}