{"id":293414,"date":"2025-08-03T11:13:18","date_gmt":"2025-08-03T11:13:18","guid":{"rendered":"https:\/\/www.europesays.com\/fr\/293414\/"},"modified":"2025-08-03T11:13:18","modified_gmt":"2025-08-03T11:13:18","slug":"enfin-un-accord-entre-marseille-et-la-juventus-pour-le-transfert-de-timothy-weah","status":"publish","type":"post","link":"https:\/\/www.europesays.com\/fr\/293414\/","title":{"rendered":"enfin un accord entre Marseille et la Juventus pour le transfert de Timothy Weah"},"content":{"rendered":"<p>Apr\u00e8s plusieurs semaines de n\u00e9gociations, l\u2019OM se serait mis d\u2019accord avec le club italien autour d\u2019un pr\u00eat avec obligation d\u2019achat pour l\u2019ancien joueur du Paris Saint-Germain.<\/p>\n<p class=\"fig-paragraph\">Tel p\u00e8re, tel fils. Si Timothy Weah n\u2019a pas encore connu la m\u00eame r\u00e9ussite sportive que\u00a0<a href=\"http:\/\/www.lefigaro.fr\/flash-actu\/presidentielle-au-liberia-george-weah-concede-sa-defaite-face-a-l-opposant-boakai-20231118\" data-fig-type=\"NewsFlash\" data-gtm-custom-categorie=\"navigation\" data-gtm-custom-action=\"crossclick\" data-gtm-custom-label=\"Contextuel\" data-gtm-event=\"customEventSPE\" data-fig-domain=\"LEFIGARO\" target=\"_blank\" rel=\"noopener\">son p\u00e8re George<\/a>, Ballon d\u2019Or 1995 et l\u2019un des meilleurs joueurs africains de l\u2019histoire, il emprunte le m\u00eame chemin en se dirigeant vers l\u2019<a href=\"http:\/\/www.lefigaro.fr\/sports\/football\/ligue-1\/amical-l-om-tenu-en-echec-par-seville-apres-un-match-tendu-au-velodrome-20250802\" data-fig-type=\"NewsFlash\" data-gtm-custom-categorie=\"navigation\" data-gtm-custom-action=\"crossclick\" data-gtm-custom-label=\"Contextuel\" data-gtm-event=\"customEventSPE\" data-fig-domain=\"LEFIGARO\" target=\"_blank\" rel=\"noopener\">Olympique de Marseille<\/a>\u00a0apr\u00e8s un passage par le Paris Saint-Germain.<\/p>\n<p class=\"fig-paragraph\">En effet,\u00a0<a href=\"https:\/\/www.lefigaro.fr\/sports\/football\/ligue-1\/classement\/2024-2025\" target=\"_blank\" rel=\"sponsored noopener\" data-gtm-custom-categorie=\"navigation\" data-gtm-custom-action=\"crossclick\" data-gtm-custom-label=\"Contextuel\" data-gtm-event=\"customEventSPE\">le deuxi\u00e8me de la derni\u00e8re saison de Ligue 1<\/a>\u00a0aurait trouv\u00e9 un accord avec la Juventus ce dimanche autour d\u2019un pr\u00eat avec obligation d\u2019achat pour le piston droit am\u00e9ricain de 25 ans. L\u2019op\u00e9ration pourrait se chiffrer \u00e0 plus de 15 millions d\u2019euros avec les bonus selon plusieurs m\u00e9dias.<\/p>\n<p>                                    <a class=\"fig-a11y-skip a11y-hidden\" href=\"#fig-a11y-skip-main-inarticle\"><br \/>\n        Passer la publicit\u00e9<br \/>\n    <\/a><\/p>\n<p class=\"fig-paragraph\">Longtemps,\u00a0<a href=\"http:\/\/www.lefigaro.fr\/sports\/football\/transferts\/felix-va-rejoindre-ronaldo-en-arabie-saoudite-weah-agace-de-ne-pas-etre-deja-a-l-om-les-5-infos-mercato-de-ce-lundi-20250728\" data-fig-type=\"NewsFlash\" data-gtm-custom-categorie=\"navigation\" data-gtm-custom-action=\"crossclick\" data-gtm-custom-label=\"Contextuel\" data-gtm-event=\"customEventSPE\" data-fig-domain=\"LEFIGARO\" target=\"_blank\" rel=\"noopener\">les n\u00e9gociations sont rest\u00e9es au point mort<\/a>\u00a0entre les deux clubs, alors que le joueur avait donn\u00e9 son feu vert pour rallier la cit\u00e9 phoc\u00e9enne. L\u2019ancien lillois a disput\u00e9 30 matches de Serie A l\u2019an pass\u00e9 pour 5 buts et 3 passes d\u00e9cisives. Il \u00e9tait sous contrat jusqu\u2019en 2028,<\/p>\n","protected":false},"excerpt":{"rendered":"Apr\u00e8s plusieurs semaines de n\u00e9gociations, l\u2019OM se serait mis d\u2019accord avec le club italien autour d\u2019un pr\u00eat avec&hellip;\n","protected":false},"author":2,"featured_media":293415,"comment_status":"","ping_status":"","sticky":false,"template":"","format":"standard","meta":{"footnotes":""},"categories":[2814],"tags":[1111,11,1777,674,1011,27,43338,7154,884,12,1176,882,25,10662],"class_list":{"0":"post-293414","1":"post","2":"type-post","3":"status-publish","4":"format-standard","5":"has-post-thumbnail","7":"category-marseille","8":"tag-actu","9":"tag-actualites","10":"tag-eu","11":"tag-europe","12":"tag-fr","13":"tag-france","14":"tag-george-weah","15":"tag-juventus-turin","16":"tag-marseille","17":"tag-news","18":"tag-olympique-de-marseille","19":"tag-provence-alpes-cote-dazur","20":"tag-republique-francaise","21":"tag-transferts"},"share_on_mastodon":{"url":"https:\/\/pubeurope.com\/@fr\/114964542540541841","error":""},"_links":{"self":[{"href":"https:\/\/www.europesays.com\/fr\/wp-json\/wp\/v2\/posts\/293414","targetHints":{"allow":["GET"]}}],"collection":[{"href":"https:\/\/www.europesays.com\/fr\/wp-json\/wp\/v2\/posts"}],"about":[{"href":"https:\/\/www.europesays.com\/fr\/wp-json\/wp\/v2\/types\/post"}],"author":[{"embeddable":true,"href":"https:\/\/www.europesays.com\/fr\/wp-json\/wp\/v2\/users\/2"}],"replies":[{"embeddable":true,"href":"https:\/\/www.europesays.com\/fr\/wp-json\/wp\/v2\/comments?post=293414"}],"version-history":[{"count":0,"href":"https:\/\/www.europesays.com\/fr\/wp-json\/wp\/v2\/posts\/293414\/revisions"}],"wp:featuredmedia":[{"embeddable":true,"href":"https:\/\/www.europesays.com\/fr\/wp-json\/wp\/v2\/media\/293415"}],"wp:attachment":[{"href":"https:\/\/www.europesays.com\/fr\/wp-json\/wp\/v2\/media?parent=293414"}],"wp:term":[{"taxonomy":"category","embeddable":true,"href":"https:\/\/www.europesays.com\/fr\/wp-json\/wp\/v2\/categories?post=293414"},{"taxonomy":"post_tag","embeddable":true,"href":"https:\/\/www.europesays.com\/fr\/wp-json\/wp\/v2\/tags?post=293414"}],"curies":[{"name":"wp","href":"https:\/\/api.w.org\/{rel}","templated":true}]}}