{"id":293416,"date":"2025-08-03T11:14:16","date_gmt":"2025-08-03T11:14:16","guid":{"rendered":"https:\/\/www.europesays.com\/fr\/293416\/"},"modified":"2025-08-03T11:14:16","modified_gmt":"2025-08-03T11:14:16","slug":"une-octogenaire-victime-dun-home-jacking-violent","status":"publish","type":"post","link":"https:\/\/www.europesays.com\/fr\/293416\/","title":{"rendered":"une octog\u00e9naire victime d&rsquo;un home-jacking violent"},"content":{"rendered":"<p itemprop=\"description\"><strong>Dans la nuit de vendredi \u00e0 samedi, une habitante de Chaponnay a \u00e9t\u00e9 r\u00e9veill\u00e9e par quatre individus.<\/strong><\/p>\n<p>Ces derniers, encagoul\u00e9s, avaient fait irruption au domicile de l&rsquo;octog\u00e9naire et l&rsquo;avaient r\u00e9veill\u00e9e.<\/p>\n<p>En tombant nez-\u00e0-nez avec la propri\u00e9taire des lieux, r\u00e9veill\u00e9e en sursaut vers minuit, le quatuor s&rsquo;est jet\u00e9 sur elle.<\/p>\n<p>La dame de 85 ans a ensuite \u00e9t\u00e9 menac\u00e9e avec un couteau. Ses bijoux lui ont \u00e9t\u00e9 arrach\u00e9s et son t\u00e9l\u00e9phone portable a \u00e9t\u00e9 confisqu\u00e9 avant d&rsquo;\u00eatre d\u00e9truit.<\/p>\n<p>Courageuse, la Chaponnaysarde ne s&rsquo;est pas laiss\u00e9e faire lorsque les cambrioleurs ont tent\u00e9 de la ligoter. Puis elle a activ\u00e9 son bracelet anti-chutes, pr\u00e9venant ainsi les secours et les forces de l&rsquo;ordre.<\/p>\n<p>Les quatre malfaiteurs ont donc pris la fuite avec un maigre butin.<\/p>\n<p>La gendarmerie de Mions est charg\u00e9e de l&rsquo;enqu\u00eate autour de ce home-jacking violent. Quant \u00e0 la victime, elle a \u00e9t\u00e9 hospitalis\u00e9e en \u00e9tat de choc mais ne pr\u00e9sente pas de blessures.<\/p>\n","protected":false},"excerpt":{"rendered":"Dans la nuit de vendredi \u00e0 samedi, une habitante de Chaponnay a \u00e9t\u00e9 r\u00e9veill\u00e9e par quatre individus. Ces&hellip;\n","protected":false},"author":2,"featured_media":293417,"comment_status":"","ping_status":"","sticky":false,"template":"","format":"standard","meta":{"footnotes":""},"categories":[1889],"tags":[1111,11,2813,2190,2430,1109,251,1112,2811,1777,674,118,1011,27,1922,1110,1114,2428,2810,12,241,316,25,2812,517,800],"class_list":{"0":"post-293416","1":"post","2":"type-post","3":"status-publish","4":"format-standard","5":"has-post-thumbnail","7":"category-lyon","8":"tag-actu","9":"tag-actualites","10":"tag-article","11":"tag-asvel","12":"tag-auvergne-rhone-alpes","13":"tag-breves","14":"tag-culture","15":"tag-depeches","16":"tag-economique","17":"tag-eu","18":"tag-europe","19":"tag-faits-divers","20":"tag-fr","21":"tag-france","22":"tag-info","23":"tag-informations","24":"tag-infos","25":"tag-lyon","26":"tag-lyonmag","27":"tag-news","28":"tag-ol","29":"tag-politique","30":"tag-republique-francaise","31":"tag-sociale","32":"tag-sport","33":"tag-transports"},"share_on_mastodon":{"url":"https:\/\/pubeurope.com\/@fr\/114964546460457267","error":""},"_links":{"self":[{"href":"https:\/\/www.europesays.com\/fr\/wp-json\/wp\/v2\/posts\/293416","targetHints":{"allow":["GET"]}}],"collection":[{"href":"https:\/\/www.europesays.com\/fr\/wp-json\/wp\/v2\/posts"}],"about":[{"href":"https:\/\/www.europesays.com\/fr\/wp-json\/wp\/v2\/types\/post"}],"author":[{"embeddable":true,"href":"https:\/\/www.europesays.com\/fr\/wp-json\/wp\/v2\/users\/2"}],"replies":[{"embeddable":true,"href":"https:\/\/www.europesays.com\/fr\/wp-json\/wp\/v2\/comments?post=293416"}],"version-history":[{"count":0,"href":"https:\/\/www.europesays.com\/fr\/wp-json\/wp\/v2\/posts\/293416\/revisions"}],"wp:featuredmedia":[{"embeddable":true,"href":"https:\/\/www.europesays.com\/fr\/wp-json\/wp\/v2\/media\/293417"}],"wp:attachment":[{"href":"https:\/\/www.europesays.com\/fr\/wp-json\/wp\/v2\/media?parent=293416"}],"wp:term":[{"taxonomy":"category","embeddable":true,"href":"https:\/\/www.europesays.com\/fr\/wp-json\/wp\/v2\/categories?post=293416"},{"taxonomy":"post_tag","embeddable":true,"href":"https:\/\/www.europesays.com\/fr\/wp-json\/wp\/v2\/tags?post=293416"}],"curies":[{"name":"wp","href":"https:\/\/api.w.org\/{rel}","templated":true}]}}