{"id":293420,"date":"2025-08-03T11:16:28","date_gmt":"2025-08-03T11:16:28","guid":{"rendered":"https:\/\/www.europesays.com\/fr\/293420\/"},"modified":"2025-08-03T11:16:28","modified_gmt":"2025-08-03T11:16:28","slug":"tout-comprendre-des-nouveaux-tarifs-dans-les-transports-dile-de-france-02-01-2025-a-0830-2","status":"publish","type":"post","link":"https:\/\/www.europesays.com\/fr\/293420\/","title":{"rendered":"Tout comprendre des nouveaux tarifs dans les transports d\u2019\u00cele-de-France &#8211; 02\/01\/2025 \u00e0 08:30"},"content":{"rendered":"<p>        <img fetchpriority=\"high\" decoding=\"async\" src=\"https:\/\/www.europesays.com\/fr\/wp-content\/uploads\/2025\/05\/655b1b4eabac671aac0aa9821a44ec11-760x507.jpg\" alt=\"\u00cele-de-France Mobilit\u00e9s r\u00e9volutionne sa grille de tarifs, avec la cr\u00e9ation d\u2019un ticket unique \u00e0 2,50 euros. ( cr\u00e9dit photo : Getty Images )\" loading=\"eager\" width=\"760\" height=\"507\" style=\"max-width: 100%!important; height: auto;\"\/><\/p>\n<p class=\"c-image-news__legend\">\u00cele-de-France Mobilit\u00e9s r\u00e9volutionne sa grille de tarifs, avec la cr\u00e9ation d\u2019un ticket unique \u00e0 2,50 euros. ( cr\u00e9dit photo : Getty Images )<\/p>\n<p><strong><br \/>\n \u00cele-de-France Mobilit\u00e9s a annonc\u00e9 une \u00abr\u00e9volution de la billettique\u00bb \u00e0 compter du 1er janvier 2025. Ticket unique \u00e0 2,50 euros, fin des carnets de 10 tickets et des tickets en carton, g\u00e9n\u00e9ralisation du \u00abpost-paiement\u00bb pour tous les Franciliens avec Navigo Libert\u00e9 +\u2026 On fait le point.<br \/>\n<\/strong><\/p>\n<p> Un ticket unique pour toute l\u2019\u00cele-de-France<\/p>\n<p>\n \u00c0 partir du 1er janvier 2025, tous les usagers des transports en \u00cele-de-France b\u00e9n\u00e9ficieront d\u2019un tarif unique. Le prix sera le m\u00eame pour tous les trajets, aussi bien dans Paris intra-muros que dans la petite et la grande couronne. Les tickets t+ et autres billets OD (origine-destination) ne seront plus d\u2019actualit\u00e9. Dor\u00e9navant, le prix du billet d\u00e9pendra du mode de transport utilis\u00e9:\n<\/p>\n<ul class=\"c-news-detail__content-list\">\n<li>\n  <b><br \/>\n   2,50 euros<br \/>\n  <\/b><br \/>\n  pour le m\u00e9tro, le RER et le Transilien;\n <\/li>\n<li>\n  <b><br \/>\n   2 euros<br \/>\n  <\/b><br \/>\n  pour emprunter le bus et le tramway.\n <\/li>\n<\/ul>\n<p>\n Le ticket m\u00e9tro-RER-Transilien aura une dur\u00e9e de validit\u00e9 de 2h (sans effectuer de sortie ou en correspondance), et 1h30 pour le ticket bus-tram (hors interruption de trajet et aller-retour). Si vous effectuez une correspondance entre RER et bus, par exemple, il vous faudra toujours 2 tickets.\n<\/p>\n<p> Cette r\u00e9forme vise \u00e0 simplifier les trajets occasionnels<\/p>\n<p>\n Il existe aujourd\u2019hui une multitude de tarifications diff\u00e9rentes, \u00e0 des prix divers et vari\u00e9s. Le principal objectif de la r\u00e9forme est avant tout de simplifier la chose et de mettre fin aux absurdit\u00e9s et aux \u00abpi\u00e8ges tarifaires\u00bb, parfois v\u00e9cus comme des injustices par les usagers. Les habitants de la grande couronne sont les premiers gagnants. En revanche, le prix du ticket va augmenter dans Paris intra-muros, o\u00f9 il est actuellement vendu<br \/>\n <b><br \/>\n  2,15 euros<br \/>\n <\/b><br \/>\n \u00e0 l\u2019unit\u00e9, et<br \/>\n <b><br \/>\n  1,73 euro<br \/>\n <\/b><br \/>\n par carnet de dix. Le tarif d\u00e9gressif des carnets est d\u2019ailleurs supprim\u00e9. Les tarifs r\u00e9duits (d\u00e9tenteurs de la carte \u00abfamille nombreuse\u00bb ou invalidit\u00e9, seniors, jeunes) sont conserv\u00e9s.\n<\/p>\n<p> G\u00e9n\u00e9ralisation du pass Navigo Libert\u00e9 + \u00e0 toute l\u2019\u00cele-de-France<\/p>\n<p>\n \u00c0 compter du 1er janvier 2025, le pass Navigo Libert\u00e9 + sera d\u00e9ploy\u00e9 dans toute la r\u00e9gion francilienne. Cet abonnement gratuit vous permettra de b\u00e9n\u00e9ficier de tarifs avantageux:\n<\/p>\n<ul class=\"c-news-detail__content-list\">\n<li>\n  ticket m\u00e9tro-train-RER \u00e0<br \/>\n  <b><br \/>\n   1,99 euro<br \/>\n  <\/b><br \/>\n  ;\n <\/li>\n<li>\n  ticket bus et tram \u00e0<br \/>\n  <b><br \/>\n   1,60 euro<br \/>\n  <\/b><br \/>\n  .\n <\/li>\n<\/ul>\n<p>\n De plus, les correspondances sont offertes, peu importe le mode de transport. Le pass Navigo Libert\u00e9 + fonctionne via une formule de post-paiement. Cela permet de r\u00e9gler en diff\u00e9r\u00e9 le nombre de tickets utilis\u00e9s. Vous validez votre pass \u00e0 chaque fois que vous empruntez les transports. Vos d\u00e9placements sont comptabilis\u00e9s, et le montant factur\u00e9 est pr\u00e9lev\u00e9 sur votre compte en banque tous les mois. Vous pourrez \u00eatre factur\u00e9 au maximum<br \/>\n <b><br \/>\n  12 euros<br \/>\n <\/b><br \/>\n au cours d\u2019une m\u00eame journ\u00e9e. Le pass Navigo Libert\u00e9 + sera accessible en version d\u00e9mat\u00e9rialis\u00e9e sur les smartphones Android et iOS au printemps 2025.\n<\/p>\n<p> Les anciens tickets restent valables<\/p>\n<p>\n Les tickets t+ (en carton, sur pass Navigo easy ou sur t\u00e9l\u00e9phone) et les billets origine-destination achet\u00e9s avant l\u2019entr\u00e9e en vigueur de la nouvelle tarification restent valables jusqu\u2019au 31 d\u00e9cembre 2025. Toutefois, vous ne pourrez plus utiliser les tickets carton sur les lignes et stations ne permettant plus la validation magn\u00e9tique. Les voyageurs de passage, ou ne souhaitant pas transmettre leur RIB, pourront charger jusqu\u2019\u00e0 30 tickets t+ sur leur pass Navigo easy.\n<\/p>\n<p> Les autres \u00e9volutions de tarifs<\/p>\n<ul class=\"c-news-detail__content-list\">\n<li>\n  Le tarif du pass Navigo Jour passe de<br \/>\n  <b><br \/>\n   20,60 euros<br \/>\n  <\/b><br \/>\n  \u00e0<br \/>\n  <b><br \/>\n   12 euros<br \/>\n  <\/b><br \/>\n  .\n <\/li>\n<li>\n  Un tarif a\u00e9roport unique \u00e0<br \/>\n  <b><br \/>\n   13 euros<br \/>\n  <\/b><br \/>\n  est cr\u00e9\u00e9. Il est valable pour Roissy et Orly, le trajet pouvant \u00eatre fait en bus (Roissybus, Orlybus), en RER B ou via la ligne 14.\n <\/li>\n<li>\n  Un pass \u00abParis visite\u00bb \u00e0<br \/>\n  <b><br \/>\n   29,90 euros<br \/>\n  <\/b><br \/>\n  pour les touristes est mis en place. Il inclut l\u2019acc\u00e8s aux a\u00e9roports et des r\u00e9ductions aupr\u00e8s de sites et monuments parisiens.\n <\/li>\n<li>\n  Le prix du pass Navigo mensuel augmentera de 2,8% d\u00e8s janvier 2025, passant de<br \/>\n  <b><br \/>\n   86,40 euros<br \/>\n  <\/b><br \/>\n  \u00e0<br \/>\n  <b><br \/>\n   88,80 euros<br \/>\n  <\/b><br \/>\n  . Cette hausse s\u2019inscrit dans le cadre d\u2019un accord financier entre \u00cele-de-France Mobilit\u00e9s et le gouvernement, pr\u00e9voyant des augmentations r\u00e9guli\u00e8res jusqu\u2019en 2031.\n <\/li>\n<\/ul>\n<p>                   Carte Navigo imagine R: comment vous faire rembourser 100 euros?<strong><br \/>\n            <\/strong><\/p>\n<p class=\"c-infobox__body-content\" data-brs-infobox-text=\"\">Les lyc\u00e9ens franciliens d\u00e9tenant une carte Navigo imagine R peuvent b\u00e9n\u00e9ficier d\u2019un coup de pouce de<br \/>\n  <b><br \/>\n   100 euros<br \/>\n  <\/b><br \/>\n  de la r\u00e9gion \u00cele-de-France. Pour cela, il suffit de t\u00e9l\u00e9charger l\u2019application Labaz, destin\u00e9e aux 15-25 ans, et de remplir le formulaire d\u00e9di\u00e9. Ce dispositif est r\u00e9serv\u00e9 aux lyc\u00e9ens franciliens ne b\u00e9n\u00e9ficiant pas d\u00e9j\u00e0 d\u2019aides d\u00e9partementales. Plus de 500.000 jeunes sont concern\u00e9s.<\/p>\n<p>\n <b><br \/>\n  \u00c0 lire aussi:<br \/>\n <\/b>\n<\/p>\n<p>\n <a href=\"https:\/\/www.boursorama.com\/conso\/actualites\/le-top-3-des-applis-vtc-pour-rentrer-de-soiree-65cdd84f6c5692a72a07c8d3ac9ac77d\" title=\"Le top 3 des applis VTC pour rentrer de soir\u00e9e\" rel=\"nofollow noopener\" target=\"_blank\"><br \/>\n  Le top 3 des applis VTC pour rentrer de soir\u00e9e<br \/>\n <\/a>\n<\/p>\n<p>\n <a href=\"https:\/\/www.boursorama.com\/conso\/actualites\/quelle-est-la-meilleure-solution-pour-faire-voyager-vos-enfants-seuls-en-train-a5bc540cf0b05864383213b6a746dce6\" title=\"Quelle est la meilleure solution pour faire voyager vos enfants seuls en train?\" rel=\"nofollow noopener\" target=\"_blank\"><br \/>\n  Quelle est la meilleure solution pour faire voyager vos enfants seuls en train?<br \/>\n <\/a>\n<\/p>\n<p>\n <a href=\"https:\/\/www.boursorama.com\/conso\/actualites\/qu-est-ce-que-draisy-le-nouveau-train-de-la-sncf-cc7b8a5d77f383cab2f71b293efe12cb\" title=\"Qu\u2019est-ce que Draisy, le nouveau train de la SNCF?\" rel=\"nofollow noopener\" target=\"_blank\"><br \/>\n  Qu\u2019est-ce que Draisy, le nouveau train de la SNCF?<br \/>\n <\/a><\/p>\n","protected":false},"excerpt":{"rendered":"\u00cele-de-France Mobilit\u00e9s r\u00e9volutionne sa grille de tarifs, avec la cr\u00e9ation d\u2019un ticket unique \u00e0 2,50 euros. ( cr\u00e9dit&hellip;\n","protected":false},"author":2,"featured_media":125682,"comment_status":"","ping_status":"","sticky":false,"template":"","format":"standard","meta":{"footnotes":""},"categories":[1592],"tags":[400,1111,11,398,408,405,1777,674,1011,27,662,403,402,399,404,12,626,25,401,406,407],"class_list":{"0":"post-293420","1":"post","2":"type-post","3":"status-publish","4":"format-standard","5":"has-post-thumbnail","7":"category-ile-de-france","8":"tag-action-cac-40","9":"tag-actu","10":"tag-actualites","11":"tag-bourse-de-paris","12":"tag-boursorama","13":"tag-cotations","14":"tag-eu","15":"tag-europe","16":"tag-fr","17":"tag-france","18":"tag-ile-de-france","19":"tag-indices-devises","20":"tag-investir","21":"tag-investissement","22":"tag-marche-boursier","23":"tag-news","24":"tag-paris","25":"tag-republique-francaise","26":"tag-sicav","27":"tag-trackers","28":"tag-warrants"},"share_on_mastodon":{"url":"https:\/\/pubeurope.com\/@fr\/114964554293058216","error":""},"_links":{"self":[{"href":"https:\/\/www.europesays.com\/fr\/wp-json\/wp\/v2\/posts\/293420","targetHints":{"allow":["GET"]}}],"collection":[{"href":"https:\/\/www.europesays.com\/fr\/wp-json\/wp\/v2\/posts"}],"about":[{"href":"https:\/\/www.europesays.com\/fr\/wp-json\/wp\/v2\/types\/post"}],"author":[{"embeddable":true,"href":"https:\/\/www.europesays.com\/fr\/wp-json\/wp\/v2\/users\/2"}],"replies":[{"embeddable":true,"href":"https:\/\/www.europesays.com\/fr\/wp-json\/wp\/v2\/comments?post=293420"}],"version-history":[{"count":0,"href":"https:\/\/www.europesays.com\/fr\/wp-json\/wp\/v2\/posts\/293420\/revisions"}],"wp:featuredmedia":[{"embeddable":true,"href":"https:\/\/www.europesays.com\/fr\/wp-json\/wp\/v2\/media\/125682"}],"wp:attachment":[{"href":"https:\/\/www.europesays.com\/fr\/wp-json\/wp\/v2\/media?parent=293420"}],"wp:term":[{"taxonomy":"category","embeddable":true,"href":"https:\/\/www.europesays.com\/fr\/wp-json\/wp\/v2\/categories?post=293420"},{"taxonomy":"post_tag","embeddable":true,"href":"https:\/\/www.europesays.com\/fr\/wp-json\/wp\/v2\/tags?post=293420"}],"curies":[{"name":"wp","href":"https:\/\/api.w.org\/{rel}","templated":true}]}}