{"id":293421,"date":"2025-08-03T11:18:12","date_gmt":"2025-08-03T11:18:12","guid":{"rendered":"https:\/\/www.europesays.com\/fr\/293421\/"},"modified":"2025-08-03T11:18:12","modified_gmt":"2025-08-03T11:18:12","slug":"la-nuit-a-ete-calme-contrairement-a-la-precedente-precise-le-maire-de-lens-lestang","status":"publish","type":"post","link":"https:\/\/www.europesays.com\/fr\/293421\/","title":{"rendered":"\u00ab\u00a0La nuit a \u00e9t\u00e9 calme, contrairement \u00e0 la pr\u00e9c\u00e9dente\u00a0\u00bb, pr\u00e9cise le maire de Lens-Lestang"},"content":{"rendered":"<p class=\"c-chapo \">\n  La rave-party a lieu tous les ans mais \u00ab\u00a0c&rsquo;est la premi\u00e8re fois qu&rsquo;il y a de la violence\u00a0\u00bb selon Fran\u00e7ois Faure.\n<\/p>\n<p>            lire plus tard<\/p>\n<p id=\"dialog__title\" class=\"dialog__title\">Pour sauvegarder cet article, connectez-vous ou cr\u00e9ez un compte franceinfo<\/p>\n<p class=\"dialog__description\">Sans paiement. Sans abonnement.<\/p>\n<p>        Fermer la fen\u00eatre d\u2019activation des notifications France Info<\/p>\n<p>            cr\u00e9er votre compte<\/p>\n<p>            se connecter<\/p>\n<p>        Fermer la fen\u00eatre de pr\u00e9sentation<\/p>\n<p>    <img loading=\"lazy\" decoding=\"async\" class=\"signature__image lazyload\" width=\"100\" height=\"100\" data- alt=\"\" src=\"https:\/\/www.europesays.com\/fr\/wp-content\/uploads\/2025\/05\/64a7df4c5fe71_placeholder-36b69ec8.png\"\/><\/p>\n<p>    Publi\u00e9 le 03\/08\/2025 11:19<\/p>\n<p>        Temps de lecture : 2min<\/p>\n<p>    <img decoding=\"async\"  alt=\"Une vue a\u00e9rienne d'une rave party \u00e0 Montvalent dans le sud de la France le 9 mai 2025 (ED JONES \/ AFP)\" width=\"432\" height=\"243\" src=\"https:\/\/www.europesays.com\/fr\/wp-content\/uploads\/2025\/08\/000-466d7eu-688f294d13ed7699721917.jpg\" fetchpriority=\"high\"\/><\/p>\n<p>      Une vue a\u00e9rienne d&rsquo;une rave party \u00e0 Montvalent dans le sud de la France le 9 mai 2025 (ED JONES \/ AFP)<\/p>\n<p>\u00ab\u00a0La nuit a \u00e9t\u00e9 calme, contrairement \u00e0 la pr\u00e9c\u00e9dente\u00a0\u00bb, pr\u00e9cise dimanche 3\u00a0ao\u00fbt au matin sur franceinfo, Fran\u00e7ois Faure, le maire de Lens-Lestang (Dr\u00f4me). Depuis la nuit de vendredi \u00e0 samedi, plus de 1\u00a0200 personnes participent \u00e0 une rave-party ill\u00e9gale dans un parc \u00e9olien situ\u00e9 entre sa commune et celle du Grand-Serre. \u00ab\u00a05\u00a0000 teufeurs \u00e9taient attendus\u00a0\u00bb, souligne l&rsquo;\u00e9dile avant de saluer le travail de la pr\u00e9fecture et des gendarmes.<\/p>\n<p>Une centaine de gendarmes \u00e9taient mobilis\u00e9s samedi soir pour s\u00e9curiser les lieux et bloquer les acc\u00e8s au site. Les militaires ont aussi proc\u00e9d\u00e9 \u00e0 diff\u00e9rentes verbalisations pour d\u00e9faut d&rsquo;assurance, de permis, conduite sous stup\u00e9fiants et mineurs au volant. Dans la nuit de vendredi \u00e0 samedi, des voitures de gendarmes ont \u00e9t\u00e9 caillass\u00e9es. \u00ab\u00a0Cette rave-party a lieu quasiment tous les ans, sans autorisation bien s\u00fbr\u00a0\u00bb mais \u00ab\u00a0c&rsquo;est la premi\u00e8re fois qu&rsquo;il y a de la violence\u00a0\u00bb, d\u00e9plore le maire de Lens-Lestang.<\/p>\n<p>Fran\u00e7ois Faure d\u00e9plore les cons\u00e9quences de ce rassemblement, notamment pour biodiversit\u00e9. \u00ab\u00a0Ce secteur est une zone naturelle d&rsquo;int\u00e9r\u00eat \u00e9cologique, faunistique et floristique, saccager tout \u00e7a, c&rsquo;est triste\u00a0\u00bb, condamne-t-il. \u00ab\u00a0Quand il y a plus de mille personnes qui ont pi\u00e9tin\u00e9 des p\u00e2turages il n&rsquo;y a plus rien, surtout en p\u00e9riode de s\u00e9cheresse. Et on ne peut pas laisser des animaux prendre des risques avec les d\u00e9chets\u00a0\u00bb, ajoute l&rsquo;\u00e9lu sur ICI Dr\u00f4me-Ard\u00e8che. Le maire dr\u00f4mois alerte sur les r\u00e9percussions \u00e9conomiques pour les agriculteurs. \u00ab\u00a0Quand les champs sont ravag\u00e9s, les p\u00e2tures ne sont plus utilisables pour les \u00e9levages. Les agriculteurs vivent une p\u00e9riode difficile et leur rajouter \u00e7a, c&rsquo;est intol\u00e9rable\u00a0\u00bb, d\u00e9nonce-t-il sur franceinfo.<\/p>\n<p class=\"related-tags__title\" role=\"heading\" aria-level=\"2\">les mots-cl\u00e9s associ\u00e9s \u00e0 cet article\n    <\/p>\n","protected":false},"excerpt":{"rendered":"La rave-party a lieu tous les ans mais \u00ab\u00a0c&rsquo;est la premi\u00e8re fois qu&rsquo;il y a de la violence\u00a0\u00bb&hellip;\n","protected":false},"author":2,"featured_media":293422,"comment_status":"","ping_status":"","sticky":false,"template":"","format":"standard","meta":{"footnotes":""},"categories":[1888],"tags":[1111,1928,11,1927,1777,674,1011,27,12,1926,626,1925,25],"class_list":{"0":"post-293421","1":"post","2":"type-post","3":"status-publish","4":"format-standard","5":"has-post-thumbnail","7":"category-paris","8":"tag-actu","9":"tag-actu-paris","10":"tag-actualites","11":"tag-actualites-paris","12":"tag-eu","13":"tag-europe","14":"tag-fr","15":"tag-france","16":"tag-news","17":"tag-news-paris","18":"tag-paris","19":"tag-paris-news","20":"tag-republique-francaise"},"share_on_mastodon":{"url":"https:\/\/pubeurope.com\/@fr\/114964562255723955","error":""},"_links":{"self":[{"href":"https:\/\/www.europesays.com\/fr\/wp-json\/wp\/v2\/posts\/293421","targetHints":{"allow":["GET"]}}],"collection":[{"href":"https:\/\/www.europesays.com\/fr\/wp-json\/wp\/v2\/posts"}],"about":[{"href":"https:\/\/www.europesays.com\/fr\/wp-json\/wp\/v2\/types\/post"}],"author":[{"embeddable":true,"href":"https:\/\/www.europesays.com\/fr\/wp-json\/wp\/v2\/users\/2"}],"replies":[{"embeddable":true,"href":"https:\/\/www.europesays.com\/fr\/wp-json\/wp\/v2\/comments?post=293421"}],"version-history":[{"count":0,"href":"https:\/\/www.europesays.com\/fr\/wp-json\/wp\/v2\/posts\/293421\/revisions"}],"wp:featuredmedia":[{"embeddable":true,"href":"https:\/\/www.europesays.com\/fr\/wp-json\/wp\/v2\/media\/293422"}],"wp:attachment":[{"href":"https:\/\/www.europesays.com\/fr\/wp-json\/wp\/v2\/media?parent=293421"}],"wp:term":[{"taxonomy":"category","embeddable":true,"href":"https:\/\/www.europesays.com\/fr\/wp-json\/wp\/v2\/categories?post=293421"},{"taxonomy":"post_tag","embeddable":true,"href":"https:\/\/www.europesays.com\/fr\/wp-json\/wp\/v2\/tags?post=293421"}],"curies":[{"name":"wp","href":"https:\/\/api.w.org\/{rel}","templated":true}]}}