{"id":293423,"date":"2025-08-03T11:19:12","date_gmt":"2025-08-03T11:19:12","guid":{"rendered":"https:\/\/www.europesays.com\/fr\/293423\/"},"modified":"2025-08-03T11:19:12","modified_gmt":"2025-08-03T11:19:12","slug":"mercato-paris-fc-apres-lechec-benjamin-andre-le-club-parisien-vise-amadou-haidara-de","status":"publish","type":"post","link":"https:\/\/www.europesays.com\/fr\/293423\/","title":{"rendered":"Mercato Paris FC. Apr\u00e8s l\u2019\u00e9chec Benjamin Andr\u00e9, le club parisien vise Amadou Ha\u00efdara de"},"content":{"rendered":"<p>Le Paris FC N\u2019a d\u00e9cid\u00e9ment pas peur de ses ambitions et de prendre contact avec des cadors europ\u00e9ens\u2026 Apr\u00e8s plusieurs rumeurs concernant <a href=\"https:\/\/rennes.maville.com\/sport\/detail_-mercato.-toujours-plus-ambitieux-le-paris-fc-se-renseigne-sur-le-prometteur-hector-fort-du-barca-_54135-6921630_actu.Htm\" target=\"_blank\" rel=\"noopener\">des renseignements du club parisien sur Hector Fort, joueur du FC Barcelone<\/a>, les dirigeants auraient tap\u00e9 \u00e0 l\u2019autre porte d\u2019un club habitu\u00e9 \u00e0 la Ligue des champions.<\/p>\n<p>Un autre club de la galaxie Red Bull<\/p>\n<p>En effet, le Paris FC pour sa prochaine saison de Ligue 1, qui commence le 17\u00a0ao\u00fbt contre Angers, cherche toujours \u00e0 renforcer son milieu de terrain. En cadre de la saison pass\u00e9e, seul Maxime Lopez affiche le profil de milieu r\u00e9cup\u00e9rateur. Le PFC a bien tent\u00e9 Benjamin Andr\u00e9, capitaine du Losc, qui a d\u00e9cid\u00e9 de prolonger chez les Nordistes.<\/p>\n<p><strong>Lire aussi.<\/strong>\u00a0<a href=\"https:\/\/lille.maville.com\/sport\/detail_-mercato-losc.-sur-les-tablettes-du-paris-fc-benjamin-andre-prolonge-finalement-a-lille-_53066-6914988_actu.Htm\" target=\"_blank\" rel=\"noopener\">Mercato Losc. Sur les tablettes du Paris FC, Benjamin Andr\u00e9 prolonge finalement \u00e0 Lille<\/a><\/p>\n<p>Pour pallier cette d\u00e9sillusion, le club parisien s\u2019est rapproch\u00e9 d\u2019un autre club de la galaxie Red Bull\u00a0: Leipzig. Et le profil d\u2019Amadou Ha\u00efdara int\u00e9resse, l\u2019international malien de 27\u00a0ans ayant un beau pedigree de 159\u00a0matches en Bundesliga et 37 en Ligue des champions, ce qui confirmerait toujours les ambitions du club en Ligue 1\u2026 Selon des informations de  <a href=\"https:\/\/www.lequipe.fr\/Football\/Actualites\/Amadou-haidara-sur-les-tablettes-du-paris-fc\/1582625\" target=\"_blank\" rel=\"noopener\">L\u2019\u00c9quipe<\/a> , un contact s\u00e9rieux a \u00e9t\u00e9 \u00e9tabli pour le transfert, m\u00eame si l\u2019AS Rome est sur le coup \u00e9galement.<\/p>\n<p>\u00a0<\/p>\n","protected":false},"excerpt":{"rendered":"Le Paris FC N\u2019a d\u00e9cid\u00e9ment pas peur de ses ambitions et de prendre contact avec des cadors europ\u00e9ens\u2026&hellip;\n","protected":false},"author":2,"featured_media":293424,"comment_status":"","ping_status":"","sticky":false,"template":"","format":"standard","meta":{"footnotes":""},"categories":[1888],"tags":[1111,1928,11,1927,3809,1465,1777,674,63,1011,27,1792,1922,12,1926,626,1925,25,479,3272,517,1470],"class_list":{"0":"post-293423","1":"post","2":"type-post","3":"status-publish","4":"format-standard","5":"has-post-thumbnail","7":"category-paris","8":"tag-actu","9":"tag-actu-paris","10":"tag-actualites","11":"tag-actualites-paris","12":"tag-ball","13":"tag-basket","14":"tag-eu","15":"tag-europe","16":"tag-football","17":"tag-fr","18":"tag-france","19":"tag-handball","20":"tag-info","21":"tag-news","22":"tag-news-paris","23":"tag-paris","24":"tag-paris-news","25":"tag-republique-francaise","26":"tag-rugby","27":"tag-saint-nazaire","28":"tag-sport","29":"tag-volley"},"share_on_mastodon":{"url":"https:\/\/pubeurope.com\/@fr\/114964566093420410","error":""},"_links":{"self":[{"href":"https:\/\/www.europesays.com\/fr\/wp-json\/wp\/v2\/posts\/293423","targetHints":{"allow":["GET"]}}],"collection":[{"href":"https:\/\/www.europesays.com\/fr\/wp-json\/wp\/v2\/posts"}],"about":[{"href":"https:\/\/www.europesays.com\/fr\/wp-json\/wp\/v2\/types\/post"}],"author":[{"embeddable":true,"href":"https:\/\/www.europesays.com\/fr\/wp-json\/wp\/v2\/users\/2"}],"replies":[{"embeddable":true,"href":"https:\/\/www.europesays.com\/fr\/wp-json\/wp\/v2\/comments?post=293423"}],"version-history":[{"count":0,"href":"https:\/\/www.europesays.com\/fr\/wp-json\/wp\/v2\/posts\/293423\/revisions"}],"wp:featuredmedia":[{"embeddable":true,"href":"https:\/\/www.europesays.com\/fr\/wp-json\/wp\/v2\/media\/293424"}],"wp:attachment":[{"href":"https:\/\/www.europesays.com\/fr\/wp-json\/wp\/v2\/media?parent=293423"}],"wp:term":[{"taxonomy":"category","embeddable":true,"href":"https:\/\/www.europesays.com\/fr\/wp-json\/wp\/v2\/categories?post=293423"},{"taxonomy":"post_tag","embeddable":true,"href":"https:\/\/www.europesays.com\/fr\/wp-json\/wp\/v2\/tags?post=293423"}],"curies":[{"name":"wp","href":"https:\/\/api.w.org\/{rel}","templated":true}]}}