{"id":293429,"date":"2025-08-03T11:22:13","date_gmt":"2025-08-03T11:22:13","guid":{"rendered":"https:\/\/www.europesays.com\/fr\/293429\/"},"modified":"2025-08-03T11:22:13","modified_gmt":"2025-08-03T11:22:13","slug":"trump-ordonne-le-deploiement-de-sous-marins-nucleaires-face-a-la-russie","status":"publish","type":"post","link":"https:\/\/www.europesays.com\/fr\/293429\/","title":{"rendered":"Trump ordonne le d\u00e9ploiement de sous-marins nucl\u00e9aires face \u00e0 la Russie"},"content":{"rendered":"<p>            <img decoding=\"async\" alt=\"Le pr\u00e9sident am\u00e9ricain Donald Trump.\" src=\"https:\/\/www.europesays.com\/fr\/wp-content\/uploads\/2025\/08\/075_thomas-presiden250801_np8js.jpg\" width=\"375\" height=\"250\" loading=\"lazy\"\/><\/p>\n<p>\n    Le pr\u00e9sident am\u00e9ricain Donald Trump.<\/p>\n<p>                NurPhoto via AFP<br \/>\n                                        \/<br \/>\n                                                    \u00a9 Andrew Thomas<\/p>\n<p>Les tensions montent entre les <a href=\"https:\/\/www.lejdd.fr\/International\/etats-unis-musk-et-vance-montent-au-creneau-apres-lagression-ultra-violente-dune-femme-lors-dun-festival-160738\" target=\"_blank\" rel=\"nofollow noopener\">\u00c9tats-Unis<\/a> et la <a href=\"https:\/\/www.lejdd.fr\/International\/guerre-en-ukraine-trump-donne-10-12-jours-a-la-russie-pour-cesser-les-hostilites-160594\" target=\"_blank\" rel=\"nofollow noopener\">Russie<\/a>. <a href=\"https:\/\/www.lejdd.fr\/International\/donald-trump-le-dernier-chef-en-occident-160708\" target=\"_blank\" rel=\"nofollow noopener\">Donald Trump<\/a> a annonc\u00e9 le d\u00e9ploiement de deux sous-marins nucl\u00e9aires face \u00e0 la Russie. \u00ab\u00a0Soyons prudents, une menace a \u00e9t\u00e9 prof\u00e9r\u00e9e et nous avons estim\u00e9 que ce n\u2019\u00e9tait pas appropri\u00e9\u00a0\u00bb, a d\u00e9clar\u00e9 le pr\u00e9sident am\u00e9ricain, face \u00e0 la presse, au lendemain de cette annonce, samedi\u00a02\u00a0ao\u00fbt.<\/p>\n<p>    La suite apr\u00e8s cette publicit\u00e9<\/p>\n<p>\u00ab\u00a0Une menace a \u00e9t\u00e9 prof\u00e9r\u00e9e par un ancien pr\u00e9sident de la Russie et nous allons prot\u00e9ger notre peuple\u00a0\u00bb, a poursuivi Donald Trump, en pr\u00e9cisant aux journalistes que les sous-marins d\u00e9ploy\u00e9s \u00e9taient d\u00e9sormais au \u00ab\u00a0plus pr\u00e8s de la Russie\u00a0\u00bb, sans donner davantage de pr\u00e9cisions sur leur emplacement.<\/p>\n<p>    La suite apr\u00e8s cette publicit\u00e9<\/p>\n<p>Deux jours plus t\u00f4t, le vice-pr\u00e9sident du Conseil de S\u00e9curit\u00e9 russe\u00a0<a href=\"https:\/\/www.lejdd.fr\/International\/des-frappes-preventives-contre-loccident-la-nouvelle-declaration-choc-de-dmitri-medvedev-160292\" target=\"_blank\" rel=\"nofollow noopener\">Dmitri Medvedev<\/a> avait fait r\u00e9f\u00e9rence \u00e0 la fameuse\u00a0\u00ab main morte\u00a0\u00bb, un syst\u00e8me automatis\u00e9 ultrasecret mis en place par l\u2019URSS pendant la Guerre froide afin de garder le contr\u00f4le de l&rsquo;arsenal nucl\u00e9aire en cas de destruction des cha\u00eenes de commandement.<\/p>\n<p>    La suite apr\u00e8s cette publicit\u00e9<\/p>\n<p>    La suite apr\u00e8s cette publicit\u00e9<\/p>\n<p>L\u2019ancien pr\u00e9sident russe a \u00e9galement jug\u00e9, dans un message publi\u00e9 sur X le 28\u00a0juillet, que <a href=\"https:\/\/www.lejdd.fr\/International\/guerre-en-ukraine-trump-donne-10-12-jours-a-la-russie-pour-cesser-les-hostilites-160594\" target=\"_blank\" rel=\"nofollow noopener\">chaque nouvel ultimatum fix\u00e9 par Donald Trump<\/a> pour mettre fin au conflit en <a href=\"https:\/\/www.lejdd.fr\/International\/ukraine-zelensky-remanie-son-gouvernement-pour-seduire-trump-160307\" target=\"_blank\" rel=\"nofollow noopener\">Ukraine<\/a> \u00ab\u00a0\u00e9tait une menace et un pas vers la guerre\u00a0\u00bb entre la Russie et les \u00c9tats-Unis. Des \u00e9changes qui interviennent alors que le locataire de la Maison-Blanche menace Moscou de droits de douane \u00e9lev\u00e9s si les hostilit\u00e9s avec l\u2019Ukraine ne cessent pas d\u2019ici la semaine prochaine.<\/p>\n","protected":false},"excerpt":{"rendered":"Le pr\u00e9sident am\u00e9ricain Donald Trump. NurPhoto via AFP \/ \u00a9 Andrew Thomas Les tensions montent entre les \u00c9tats-Unis&hellip;\n","protected":false},"author":2,"featured_media":293430,"comment_status":"","ping_status":"","sticky":false,"template":"","format":"standard","meta":{"footnotes":""},"categories":[1591],"tags":[11,1887,12,1885,1886,132],"class_list":{"0":"post-293429","1":"post","2":"type-post","3":"status-publish","4":"format-standard","5":"has-post-thumbnail","7":"category-russie","8":"tag-actualites","9":"tag-federation-de-russie","10":"tag-news","11":"tag-russia","12":"tag-russian-federation","13":"tag-russie"},"share_on_mastodon":{"url":"https:\/\/pubeurope.com\/@fr\/114964577933856293","error":""},"_links":{"self":[{"href":"https:\/\/www.europesays.com\/fr\/wp-json\/wp\/v2\/posts\/293429","targetHints":{"allow":["GET"]}}],"collection":[{"href":"https:\/\/www.europesays.com\/fr\/wp-json\/wp\/v2\/posts"}],"about":[{"href":"https:\/\/www.europesays.com\/fr\/wp-json\/wp\/v2\/types\/post"}],"author":[{"embeddable":true,"href":"https:\/\/www.europesays.com\/fr\/wp-json\/wp\/v2\/users\/2"}],"replies":[{"embeddable":true,"href":"https:\/\/www.europesays.com\/fr\/wp-json\/wp\/v2\/comments?post=293429"}],"version-history":[{"count":0,"href":"https:\/\/www.europesays.com\/fr\/wp-json\/wp\/v2\/posts\/293429\/revisions"}],"wp:featuredmedia":[{"embeddable":true,"href":"https:\/\/www.europesays.com\/fr\/wp-json\/wp\/v2\/media\/293430"}],"wp:attachment":[{"href":"https:\/\/www.europesays.com\/fr\/wp-json\/wp\/v2\/media?parent=293429"}],"wp:term":[{"taxonomy":"category","embeddable":true,"href":"https:\/\/www.europesays.com\/fr\/wp-json\/wp\/v2\/categories?post=293429"},{"taxonomy":"post_tag","embeddable":true,"href":"https:\/\/www.europesays.com\/fr\/wp-json\/wp\/v2\/tags?post=293429"}],"curies":[{"name":"wp","href":"https:\/\/api.w.org\/{rel}","templated":true}]}}