{"id":293435,"date":"2025-08-03T11:25:10","date_gmt":"2025-08-03T11:25:10","guid":{"rendered":"https:\/\/www.europesays.com\/fr\/293435\/"},"modified":"2025-08-03T11:25:10","modified_gmt":"2025-08-03T11:25:10","slug":"des-centaines-de-manifestants-appellent-a-la-remigration-apres-lagression-sexuelle-dune-adolescente","status":"publish","type":"post","link":"https:\/\/www.europesays.com\/fr\/293435\/","title":{"rendered":"des centaines de manifestants appellent \u00e0 la \u00abremigration\u00bb apr\u00e8s l\u2019agression sexuelle d\u2019une adolescente"},"content":{"rendered":"<p>La question migratoire est devenue un sujet explosif au <a href=\"https:\/\/www.lejdd.fr\/International\/administrateur-de-la-charia-une-offre-demploi-sur-le-site-du-gouvernement-britannique-souleve-un-tolle-160608\" target=\"_blank\" rel=\"nofollow noopener\">Royaume-Uni<\/a>. Depuis plusieurs semaines, les <a href=\"https:\/\/www.lejdd.fr\/International\/expulsons-les-criminels-etrangers-nouvelles-tensions-en-angleterre-devant-un-hotel-accueillant-des-demandeurs-dasile-160358\" target=\"_blank\" rel=\"nofollow noopener\">manifestations contre les demandeurs d\u2019asile<\/a> se multiplient, souvent d\u00e9clench\u00e9es par des affaires dans lesquelles des migrants sont suspect\u00e9s d\u2019avoir agress\u00e9 sexuellement des jeunes femmes britanniques. Dans ce contexte, des centaines de personnes se sont rassembl\u00e9es \u00e0 Manchester ce samedi\u00a02\u00a0ao\u00fbt, \u00e0 l\u2019appel du parti Britain First, afin de demander une \u00ab\u00a0remigration\u00a0\u00bb, rapporte le <a href=\"https:\/\/www.dailymail.co.uk\/news\/article-14964973\/Police-clash-protesters-hundreds-far-right-supporters-counter-demonstrators-confront-other.html\" target=\"_blank\" rel=\"nofollow noopener\">Daily Mail<\/a>.<\/p>\n<p>    La suite apr\u00e8s cette publicit\u00e9<\/p>\n<p>Ce nouveau rassemblement survient deux semaines apr\u00e8s qu\u2019un demandeur d\u2019asile \u00e9thiopien de 38\u00a0ans a \u00e9t\u00e9 mis en examen. Il est soup\u00e7onn\u00e9 d\u2019avoir tent\u00e9 d\u2019embrasser une adolescente de 14\u00a0ans \u2013 ce qu\u2019il nie. Des contre-manifestants \u00ab\u00a0antiracistes\u00a0\u00bb se sont \u00e9galement rassembl\u00e9s pour exprimer leur opposition aux discours anti-immigration. Les deux groupes se sont affront\u00e9s bri\u00e8vement au d\u00e9but de la manifestation, avant que la police ne les s\u00e9pare, a constat\u00e9 un journaliste de l\u2019AFP.<\/p>\n<p>    La suite apr\u00e8s cette publicit\u00e9<\/p>\n<blockquote class=\"exergue\">\n<p>\u00ab\u00a0Renvoyez-les d\u2019o\u00f9 ils viennent, ne les laissez pas entrer, emp\u00eachez-les simplement d\u2019arriver\u00a0\u00bb<\/p>\n<\/blockquote>\n<p>\u00ab\u00a0C\u2019est une marche pour la remigration\u00a0\u00bb, a soulign\u00e9 un manifestant de 66\u00a0ans. \u00ab\u00a0Renvoyez-les d\u2019o\u00f9 ils viennent, ne les laissez pas entrer, emp\u00eachez-les simplement d\u2019arriver, nous avons des h\u00f4tels pleins de migrants et nous avons nos propres sans-abri qui sont dehors dans la rue, mendiant de la nourriture et sans h\u00e9bergement\u00a0\u00bb, a-t-il ajout\u00e9 aupr\u00e8s de l\u2019agence de presse.<\/p>\n<p>    La suite apr\u00e8s cette publicit\u00e9<\/p>\n<p>    La suite apr\u00e8s cette publicit\u00e9<\/p>\n<p>\u00c0 Londres, un rassemblement m\u00ealant manifestants anti-immigration et contre-manifestants s\u2019est \u00e9galement tenu. L\u00e0 aussi, des heurts ont \u00e9clat\u00e9 avant que la police n\u2019intervienne.<\/p>\n<p>Plusieurs incidents se sont produits ces derni\u00e8res semaines dans le cadre de ces mobilisations, pour la plupart dans la ville anglaise d\u2019Epping. Les autorit\u00e9s redoutent le sc\u00e9nario des <a href=\"https:\/\/www.lejdd.fr\/international\/emeutes-anti-immigration-au-royaume-uni-le-gouvernement-fouille-internet-en-quete-de-responsables-148478\" target=\"_blank\" rel=\"nofollow noopener\">\u00e9meutes de l\u2019\u00e9t\u00e9 2024<\/a>. Des insurg\u00e9s s\u2019en \u00e9taient pris \u00e0 des h\u00f4tels dans plusieurs villes, ainsi qu\u2019\u00e0 des mosqu\u00e9es, apr\u00e8s le <a href=\"https:\/\/www.lejdd.fr\/international\/meurtre-de-trois-fillettes-en-juillet-au-royaume-uni-lassaillant-possedait-un-manuel-dentrainement-dal-qaida-154125\" target=\"_blank\" rel=\"nofollow noopener\">meurtre de trois fillettes \u00e0 Southport<\/a>. Le meurtrier \u00e9tait un jeune homme de 17\u00a0ans n\u00e9 au Pays de Galles et d\u2019origine rwandaise.<\/p>\n","protected":false},"excerpt":{"rendered":"La question migratoire est devenue un sujet explosif au Royaume-Uni. Depuis plusieurs semaines, les manifestations contre les demandeurs&hellip;\n","protected":false},"author":2,"featured_media":293436,"comment_status":"","ping_status":"","sticky":false,"template":"","format":"standard","meta":{"footnotes":""},"categories":[1588],"tags":[11,1777,674,12,473,1853,1851,1850,1852],"class_list":{"0":"post-293435","1":"post","2":"type-post","3":"status-publish","4":"format-standard","5":"has-post-thumbnail","7":"category-royaume-uni","8":"tag-actualites","9":"tag-eu","10":"tag-europe","11":"tag-news","12":"tag-royaume-uni","13":"tag-royaume-uni-de-grande-bretagne-et-dirlande-du-nord","14":"tag-uk","15":"tag-united-kingdom","16":"tag-united-kingdom-of-great-britain-and-northern-ireland"},"share_on_mastodon":{"url":"https:\/\/pubeurope.com\/@fr\/114964589695347102","error":""},"_links":{"self":[{"href":"https:\/\/www.europesays.com\/fr\/wp-json\/wp\/v2\/posts\/293435","targetHints":{"allow":["GET"]}}],"collection":[{"href":"https:\/\/www.europesays.com\/fr\/wp-json\/wp\/v2\/posts"}],"about":[{"href":"https:\/\/www.europesays.com\/fr\/wp-json\/wp\/v2\/types\/post"}],"author":[{"embeddable":true,"href":"https:\/\/www.europesays.com\/fr\/wp-json\/wp\/v2\/users\/2"}],"replies":[{"embeddable":true,"href":"https:\/\/www.europesays.com\/fr\/wp-json\/wp\/v2\/comments?post=293435"}],"version-history":[{"count":0,"href":"https:\/\/www.europesays.com\/fr\/wp-json\/wp\/v2\/posts\/293435\/revisions"}],"wp:featuredmedia":[{"embeddable":true,"href":"https:\/\/www.europesays.com\/fr\/wp-json\/wp\/v2\/media\/293436"}],"wp:attachment":[{"href":"https:\/\/www.europesays.com\/fr\/wp-json\/wp\/v2\/media?parent=293435"}],"wp:term":[{"taxonomy":"category","embeddable":true,"href":"https:\/\/www.europesays.com\/fr\/wp-json\/wp\/v2\/categories?post=293435"},{"taxonomy":"post_tag","embeddable":true,"href":"https:\/\/www.europesays.com\/fr\/wp-json\/wp\/v2\/tags?post=293435"}],"curies":[{"name":"wp","href":"https:\/\/api.w.org\/{rel}","templated":true}]}}