{"id":293437,"date":"2025-08-03T11:26:11","date_gmt":"2025-08-03T11:26:11","guid":{"rendered":"https:\/\/www.europesays.com\/fr\/293437\/"},"modified":"2025-08-03T11:26:11","modified_gmt":"2025-08-03T11:26:11","slug":"la-pologne-prolonge-les-controles-aux-frontieres-avec-lallemagne-jusquen-octobre","status":"publish","type":"post","link":"https:\/\/www.europesays.com\/fr\/293437\/","title":{"rendered":"La Pologne prolonge les contr\u00f4les aux fronti\u00e8res avec l&rsquo;Allemagne jusqu&rsquo;en octobre"},"content":{"rendered":"<p>La Pologne maintiendra les contr\u00f4les \u00e0 la fronti\u00e8re avec l&rsquo;Allemagne au moins jusqu&rsquo;au 4 octobre. C&rsquo;est ce qu&rsquo;a annonc\u00e9 dimanche le ministre polonais de l&rsquo;Int\u00e9rieur, Marcin Kierwi\u0144ski, selon l&rsquo;agence de presse polonaise PAP.<\/p>\n<p>Les contr\u00f4les, <a href=\"https:\/\/www.rtbf.be\/article\/la-pologne-introduit-des-controles-aux-frontieres-avec-l-allemagne-et-la-lituanie-11572615\" rel=\"nofollow noopener\" target=\"_blank\">qui ont \u00e9t\u00e9 introduits le 7 juillet<\/a>, devaient normalement prendre fin le 5 ao\u00fbt.<\/p>\n<p>La Pologne a d\u00e9cid\u00e9 d&rsquo;introduire des contr\u00f4les aux fronti\u00e8res en r\u00e9ponse au renforcement des contr\u00f4les en Allemagne, d\u00e9cid\u00e9 par le nouveau gouvernement du Chancelier Friedrich Merz. Des contr\u00f4les al\u00e9atoires \u00e9taient d\u00e9j\u00e0 effectu\u00e9s en Allemagne depuis octobre 2023.<\/p>\n<p>Il n&rsquo;y a, en principe, pas de contr\u00f4les frontaliers fixes au sein de l&rsquo;espace Schengen, dont font partie la Pologne et l&rsquo;Allemagne.<\/p>\n","protected":false},"excerpt":{"rendered":"La Pologne maintiendra les contr\u00f4les \u00e0 la fronti\u00e8re avec l&rsquo;Allemagne au moins jusqu&rsquo;au 4 octobre. C&rsquo;est ce qu&rsquo;a&hellip;\n","protected":false},"author":2,"featured_media":293438,"comment_status":"","ping_status":"","sticky":false,"template":"","format":"standard","meta":{"footnotes":""},"categories":[1587],"tags":[11,672,1804,1805,1803,1777,674,1801,12,1802],"class_list":{"0":"post-293437","1":"post","2":"type-post","3":"status-publish","4":"format-standard","5":"has-post-thumbnail","7":"category-allemagne","8":"tag-actualites","9":"tag-allemagne","10":"tag-bundesrepublik-deutschland","11":"tag-de","12":"tag-deutschland","13":"tag-eu","14":"tag-europe","15":"tag-germany","16":"tag-news","17":"tag-republique-federale-dallemagne"},"share_on_mastodon":{"url":"https:\/\/pubeurope.com\/@fr\/114964593663394746","error":""},"_links":{"self":[{"href":"https:\/\/www.europesays.com\/fr\/wp-json\/wp\/v2\/posts\/293437","targetHints":{"allow":["GET"]}}],"collection":[{"href":"https:\/\/www.europesays.com\/fr\/wp-json\/wp\/v2\/posts"}],"about":[{"href":"https:\/\/www.europesays.com\/fr\/wp-json\/wp\/v2\/types\/post"}],"author":[{"embeddable":true,"href":"https:\/\/www.europesays.com\/fr\/wp-json\/wp\/v2\/users\/2"}],"replies":[{"embeddable":true,"href":"https:\/\/www.europesays.com\/fr\/wp-json\/wp\/v2\/comments?post=293437"}],"version-history":[{"count":0,"href":"https:\/\/www.europesays.com\/fr\/wp-json\/wp\/v2\/posts\/293437\/revisions"}],"wp:featuredmedia":[{"embeddable":true,"href":"https:\/\/www.europesays.com\/fr\/wp-json\/wp\/v2\/media\/293438"}],"wp:attachment":[{"href":"https:\/\/www.europesays.com\/fr\/wp-json\/wp\/v2\/media?parent=293437"}],"wp:term":[{"taxonomy":"category","embeddable":true,"href":"https:\/\/www.europesays.com\/fr\/wp-json\/wp\/v2\/categories?post=293437"},{"taxonomy":"post_tag","embeddable":true,"href":"https:\/\/www.europesays.com\/fr\/wp-json\/wp\/v2\/tags?post=293437"}],"curies":[{"name":"wp","href":"https:\/\/api.w.org\/{rel}","templated":true}]}}