{"id":293439,"date":"2025-08-03T11:27:14","date_gmt":"2025-08-03T11:27:14","guid":{"rendered":"https:\/\/www.europesays.com\/fr\/293439\/"},"modified":"2025-08-03T11:27:14","modified_gmt":"2025-08-03T11:27:14","slug":"coup-de-choeur-a-epidaure-liberation","status":"publish","type":"post","link":"https:\/\/www.europesays.com\/fr\/293439\/","title":{"rendered":"coup de ch\u0153ur \u00e0 Epidaure \u2013 Lib\u00e9ration"},"content":{"rendered":"<p class=\"sc-ksZaOG ehjQrN text-element\">Ils sont venus pour la plupart en bus ou en voiture, d\u2019Ath\u00e8nes, deux heures et demie de route, et ils repartiront de m\u00eame apr\u00e8s le spectacle, \u00e0 minuit. Ils grimpent prestement les hautes marches sur le sentier jusqu\u2019au th\u00e9\u00e2tre antique d\u2019Epidaure, pour la premi\u00e8re mondiale du Serment d\u2019Europe, la derni\u00e8re cr\u00e9ation de <a href=\"https:\/\/www.liberation.fr\/culture\/wajdi-mouawad-quitte-la-direction-du-theatre-de-la-colline-20250312_RAEASZ6HLFGYDLBVONLAHPKINE\/\" target=\"_blank\" rel=\"noreferrer noopener\" title=\"https:\/\/www.liberation.fr\/culture\/wajdi-mouawad-quitte-la-direction-du-theatre-de-la-colline-20250312_RAEASZ6HLFGYDLBVONLAHPKINE\/\">Wajdi Mouawad<\/a> command\u00e9e pour les 70 ans du <a href=\"https:\/\/www.liberation.fr\/culture\/musique\/festival-dathenes-et-depidaure-verdi-en-verve-a-lacropole-20220616_A4Z3W3PBIRAHZBEOLN5YTGZ4UI\/\" target=\"_blank\" rel=\"noreferrer noopener\" title=\"https:\/\/www.liberation.fr\/culture\/musique\/festival-dathenes-et-depidaure-verdi-en-verve-a-lacropole-20220616_A4Z3W3PBIRAHZBEOLN5YTGZ4UI\/\">festival Epidaure-Ath\u00e8nes<\/a> par sa directrice Katerina Evangelatos. Une foule joyeuse s\u2019installe, avec des coussins et pliants pour les plus pr\u00e9voyants, et regarder les gradins de pierre se remplir pendant que la nuit tombe fait d\u00e9j\u00e0 partie de la repr\u00e9sentation si particuli\u00e8re. Il y aura une seconde fois. Puis peut-\u00eatre une tourn\u00e9e. Il est encore trop t\u00f4t pour l\u2019affirmer et du reste, du metteur en sc\u00e8ne aux stagiaires, chacun est concentr\u00e9 sur l\u2019instant pr\u00e9sent. Les derniers portables<\/p>\n","protected":false},"excerpt":{"rendered":"Ils sont venus pour la plupart en bus ou en voiture, d\u2019Ath\u00e8nes, deux heures et demie de route,&hellip;\n","protected":false},"author":2,"featured_media":293440,"comment_status":"","ping_status":"","sticky":false,"template":"","format":"standard","meta":{"footnotes":""},"categories":[1586],"tags":[11,1777,674,1011,27,8906,5683,12,25],"class_list":{"0":"post-293439","1":"post","2":"type-post","3":"status-publish","4":"format-standard","5":"has-post-thumbnail","7":"category-europe","8":"tag-actualites","9":"tag-eu","10":"tag-europe","11":"tag-fr","12":"tag-france","13":"tag-grece","14":"tag-juliette-binoche","15":"tag-news","16":"tag-republique-francaise"},"share_on_mastodon":{"url":"https:\/\/pubeurope.com\/@fr\/114964597584572422","error":""},"_links":{"self":[{"href":"https:\/\/www.europesays.com\/fr\/wp-json\/wp\/v2\/posts\/293439","targetHints":{"allow":["GET"]}}],"collection":[{"href":"https:\/\/www.europesays.com\/fr\/wp-json\/wp\/v2\/posts"}],"about":[{"href":"https:\/\/www.europesays.com\/fr\/wp-json\/wp\/v2\/types\/post"}],"author":[{"embeddable":true,"href":"https:\/\/www.europesays.com\/fr\/wp-json\/wp\/v2\/users\/2"}],"replies":[{"embeddable":true,"href":"https:\/\/www.europesays.com\/fr\/wp-json\/wp\/v2\/comments?post=293439"}],"version-history":[{"count":0,"href":"https:\/\/www.europesays.com\/fr\/wp-json\/wp\/v2\/posts\/293439\/revisions"}],"wp:featuredmedia":[{"embeddable":true,"href":"https:\/\/www.europesays.com\/fr\/wp-json\/wp\/v2\/media\/293440"}],"wp:attachment":[{"href":"https:\/\/www.europesays.com\/fr\/wp-json\/wp\/v2\/media?parent=293439"}],"wp:term":[{"taxonomy":"category","embeddable":true,"href":"https:\/\/www.europesays.com\/fr\/wp-json\/wp\/v2\/categories?post=293439"},{"taxonomy":"post_tag","embeddable":true,"href":"https:\/\/www.europesays.com\/fr\/wp-json\/wp\/v2\/tags?post=293439"}],"curies":[{"name":"wp","href":"https:\/\/api.w.org\/{rel}","templated":true}]}}