{"id":293455,"date":"2025-08-03T11:37:11","date_gmt":"2025-08-03T11:37:11","guid":{"rendered":"https:\/\/www.europesays.com\/fr\/293455\/"},"modified":"2025-08-03T11:37:11","modified_gmt":"2025-08-03T11:37:11","slug":"parlons-motogp-les-bonnes-surprises-de-ce-debut-de-saison","status":"publish","type":"post","link":"https:\/\/www.europesays.com\/fr\/293455\/","title":{"rendered":"Parlons MotoGP\u00a0: Les bonnes surprises de ce d\u00e9but de saison"},"content":{"rendered":"<p><strong>Pause estivale oblige, nous allons faire un petit bilan<br \/>\nen deux parties quant aux bonnes et mauvaises surprises de cette<br \/>\npremi\u00e8re moiti\u00e9 de saison MotoGP. Au programme, un petit paragraphe<br \/>\npar pilote, et, bien s\u00fbr, la possibilit\u00e9 pour vous de me donner les<br \/>\nv\u00f4tres en commentaires. Vous \u00eates pr\u00eats\u00a0? C\u2019est<br \/>\nparti\u00a0!<\/strong><\/p>\n<p>\u00a0<\/p>\n<p>Un dauphin l\u00e9gitime<\/p>\n<p>\u00a0<\/p>\n<p>M\u00eame s\u2019il ne compte pas parmi mes pilotes favoris, je me dois de<br \/>\nf\u00e9liciter Alex Marquez. <strong><a href=\"https:\/\/www.paddock-gp.com\/parlons-motogp-alex-marquez-a-sevi-de-nouveau-et-il-faut-en-parler\/\" target=\"_blank\" rel=\"noopener nofollow\">Certes, il a quelques taches d\u2019ombre<br \/>\n\u00e0 son actif cette saison, dont trois erreurs majeures \u00e0 Losail, au<br \/>\nMans, et \u00e0 Brno<\/a><\/strong>. Mais, hormis cela, il a \u00e9t\u00e9 un<br \/>\nmonstre de r\u00e9gularit\u00e9, que personne ne pouvait attendre \u00e0 ce<br \/>\nniveau. La Desmosedici GP24 lui correspond parfaitement, et on<br \/>\npourrait m\u00eame affirmer qu\u2019il est meilleur avec que Pecco Bagnaia et<br \/>\nJorge Martin l\u2019ann\u00e9e pass\u00e9e. Son seul probl\u00e8me, c\u2019est son fr\u00e8re. Si<br \/>\nMarc n\u2019\u00e9tait pas \u00e0 un niveau l\u00e9gendaire, <strong>Alex Marquez<br \/>\npourrait largement pr\u00e9tendre \u00e0 la couronne de champion du<br \/>\nmonde.<\/strong><\/p>\n<p>Il lui manque quelques victoires, quelques coups marquants, et<br \/>\nune mentalit\u00e9 de tueur. Cependant, si l\u2019on se cantonne \u00e0 ce qu\u2019on<br \/>\nvoit en piste, il est extr\u00eamement impressionnant. En plus d\u2019avoir<br \/>\nremport\u00e9 sa premi\u00e8re victoire en <a href=\"https:\/\/www.motogp.com\/fr\/\" target=\"_blank\" rel=\"noopener nofollow\">Grands<br \/>\nPrix<\/a> \u00e0 Jerez, <strong>il surclasse largement Pecco<br \/>\nBagnaia<\/strong>, un exploit remarquable. Bravo \u00e0 lui.<\/p>\n<p>\u00a0<\/p>\n<p><img loading=\"lazy\" decoding=\"async\" aria-describedby=\"caption-attachment-1315922\" class=\"size-full wp-image-1315922\" src=\"https:\/\/www.europesays.com\/fr\/wp-content\/uploads\/2025\/08\/54663244976_980a53149e_c.jpg\" alt=\"MotoGP saison\" width=\"799\" height=\"533\"  \/><\/p>\n<p id=\"caption-attachment-1315922\" class=\"wp-caption-text\">Il est \u00e0<br \/>\nson prime, mais peut-il faire mieux ? Photo : Michelin<br \/>\nMotorsport<\/p>\n<p>\u00a0<\/p>\n<p>\u00c0 la maison<\/p>\n<p>\u00a0<\/p>\n<p>Je voulais parler de Johann Zarco, <strong>mais plut\u00f4t<br \/>\ndevrais-je int\u00e9grer tout le staff Honda<\/strong>. Forc\u00e9ment, le<br \/>\nFran\u00e7ais est l\u2019acteur principal du retour du constructeur japonais,<br \/>\n<strong><a href=\"https:\/\/www.paddock-gp.com\/parlons-motogp-les-dieux-avaient-choisi-johann-zarco\/\" target=\"_blank\" rel=\"noopener nofollow\">gr\u00e2ce \u00e0 cette magnifique victoire au<br \/>\nMans<\/a><\/strong>. Si ce n\u2019\u00e9tait qu\u2019un succ\u00e8s ponctuel, un peu<br \/>\ncomme Alex Rins \u00e0 Austin en 2023, il serait difficile de parler<br \/>\nd\u2019\u00e9norme surprise, car on conna\u00eet le talent du double champion<br \/>\nMoto2. Pour le coup, ce succ\u00e8s maison s\u2019accompagne d\u2019autres tr\u00e8s<br \/>\nbelles performances, notamment une deuxi\u00e8me place \u00e0 Silverstone et<br \/>\nune quatri\u00e8me au Qatar. Il est encore t\u00f4t pour dire que Honda est<br \/>\nde nouveau dans la course, mais, en tout cas, <strong>la firme \u00e0<br \/>\nl\u2019aile dor\u00e9e peut d\u00e9j\u00e0 remercier Johann Zarco pour sa contribution<br \/>\nmajeure<\/strong>.<\/p>\n<p>J\u2019aurais pu int\u00e9grer Luca Marini aux bonnes surprises, mais j\u2019ai<br \/>\nd\u00e9j\u00e0 beaucoup parl\u00e9 de lui depuis le d\u00e9but de l\u2019ann\u00e9e.<br \/>\n<strong><a href=\"https:\/\/www.paddock-gp.com\/parlons-motogp-luca-marini-vient-de-prouver-quil-etait-le-futur-de-honda\/\" target=\"_blank\" rel=\"noopener nofollow\">Cliquez ici si vous d\u00e9sirez lire le<br \/>\ndernier article en date le concernant.<\/a><\/strong><\/p>\n<p>\u00a0<\/p>\n<p>Meilleur sur Aprilia que sur Ducati\u00a0?<\/p>\n<p>\u00a0<\/p>\n<p>Pendant longtemps, beaucoup nous disaient que c\u2019\u00e9tait la Ducati<br \/>\nqui faisait les pilotes. Que sans elle, ils ne pourraient pas<br \/>\nr\u00e9ussir \u00e0 \u00eatre aussi bons, qu\u2019ils ne seraient que des \u00e9l\u00e9ments<br \/>\nmoyens. Cependant, deux contre-exemples r\u00e9futent cette th\u00e9orie peu<br \/>\ns\u00e9rieuse de toute mani\u00e8re\u00a0: Johann Zarco, que nous avons d\u00e9j\u00e0<br \/>\n\u00e9voqu\u00e9, et <strong>Marco Bezzecchi<\/strong>.<\/p>\n<p>En effet, alors qu\u2019il b\u00e9n\u00e9ficiait d\u2019une tr\u00e8s bonne GP23 l\u2019ann\u00e9e<br \/>\nderni\u00e8re, <strong><a href=\"https:\/\/www.paddock-gp.com\/parlons-motogp-imaginez-ou-serait-fabio-quartararo-a-la-place-de-marco-bezzecchi\/\" target=\"_blank\" rel=\"noopener nofollow\">Marco est bien plus performant cette<br \/>\nsaison sur l\u2019Aprilia RS-GP<\/a><\/strong>. D\u2019accord, il avait gagn\u00e9<br \/>\ntrois courses en 2023 et n\u2019est pas encore \u00e0 ce niveau. Mais de tous<br \/>\nles pilotes qui ont chang\u00e9 de cr\u00e9merie au d\u00e9but de l\u2019ann\u00e9e 2025, il<br \/>\nest clairement celui qui s\u2019en sort le mieux. Le \u00ab\u00a0Bez\u00a0\u00bb<br \/>\nprogresse beaucoup, joue devant, et grappille les places au<br \/>\nchampionnat. Lui aussi a d\u00e9croch\u00e9 une victoire \u2013 offerte par<br \/>\nl\u2019abandon de Quartararo \u00e0 Silverstone, mais tout de m\u00eame \u2013,<br \/>\n<strong>et a fait preuve d\u2019une grande efficacit\u00e9<\/strong>. Il n\u2019a<br \/>\nque tr\u00e8s peu g\u00e2ch\u00e9, et, except\u00e9 ce triste abandon au Sachsenring<br \/>\nalors qu\u2019il occupait la deuxi\u00e8me place, Marco a \u00e9t\u00e9 tr\u00e8s r\u00e9gulier.<br \/>\nC\u2019est l\u2019un des meilleurs \u00e9l\u00e8ves de ce d\u00e9but d\u2019ann\u00e9e.<\/p>\n<p>\u00a0<\/p>\n<p><img loading=\"lazy\" decoding=\"async\" aria-describedby=\"caption-attachment-1315923\" class=\"size-full wp-image-1315923\" src=\"https:\/\/www.europesays.com\/fr\/wp-content\/uploads\/2025\/08\/54663470943_331ed3865b_c.jpg\" alt=\"MotoGP saison\" width=\"799\" height=\"533\"  \/><\/p>\n<p id=\"caption-attachment-1315923\" class=\"wp-caption-text\">M\u00eame si<br \/>\nce n\u2019est pas vraiment une surprise, je me dois de citer Marc<br \/>\nMarquez dans cette cat\u00e9gorie. Il est \u00e0 son meilleur niveau. Photo :<br \/>\nMichelin Motorsport<\/p>\n<p>\u00a0<\/p>\n<p>\u00ab\u00a0Top Gun\u00a0\u00bb surprend toujours autant<\/p>\n<p>\u00a0<\/p>\n<p>Quand sa carri\u00e8re sera termin\u00e9e, on se demandera pourquoi il n\u2019a<br \/>\npas \u00e9t\u00e9 champion du monde. En termes de talent, <strong><a href=\"https:\/\/www.paddock-gp.com\/parlons-motogp-oui-maverick-vinales-peut-vous-choquer\/\" target=\"_blank\" rel=\"noopener nofollow\">Maverick Vinales est assur\u00e9ment l\u2019un<br \/>\ndes pilotes les mieux lotis<\/a><\/strong>. Il n\u2019en est pas moins<br \/>\nincompr\u00e9hensible, avec une mentalit\u00e9 tr\u00e8s particuli\u00e8re \u2013 depuis la<br \/>\n125cc. Pour le coup, je m\u2019attendais \u00e0 ce qu\u2019il r\u00e9alise des coups<br \/>\nd\u2019\u00e9clat au fil de la saison, car c\u2019est sa marque de fabrique. Mais<br \/>\npas au point de s\u2019adapter si rapidement \u00e0 une machine r\u00e9put\u00e9e<br \/>\ndifficile, et de faire la chanson aux Brad Binder et autres Acosta.<br \/>\nAttention\u00a0: je n\u2019attends rien de particulier de ce pilote<br \/>\natteint d\u2019une irr\u00e9gularit\u00e9 chronique, mais il faut reconna\u00eetre que<br \/>\ncertains de ses Grands Prix sont juste \u00e9poustouflants, et qu\u2019il est<br \/>\nm\u00eame perturbant de le voir devancer le \u00ab\u00a0crack\u00a0\u00bb Pedro<br \/>\nAcosta sur de nombreuses manches. Malheureusement, il s\u2019est bless\u00e9<br \/>\nau Sachsenring. <strong>Mais ce mec est clairement capable de<br \/>\nrevenir, puis de gagner un GP de nulle part avant la fin de<br \/>\nl\u2019ann\u00e9e\u00a0!<\/strong><\/p>\n<p>Je suis curieux de conna\u00eetre vos bonnes surprises depuis le<br \/>\nd\u00e9but de cette saison, alors, <strong>dites-les-moi en<br \/>\ncommentaires\u00a0!<\/strong><\/p>\n<p>Pour rappel, cet article ne refl\u00e8te que la pens\u00e9e de son auteur,<br \/>\net pas de l\u2019enti\u00e8ret\u00e9 de la r\u00e9daction.<\/p>\n<p>\u00a0<\/p>\n<p><img loading=\"lazy\" decoding=\"async\" aria-describedby=\"caption-attachment-1315924\" class=\"size-full wp-image-1315924\" src=\"https:\/\/www.europesays.com\/fr\/wp-content\/uploads\/2025\/08\/54618040996_9750a70806_c.jpg\" alt=\"\" width=\"800\" height=\"533\"  \/><\/p>\n<p id=\"caption-attachment-1315924\" class=\"wp-caption-text\">Maverick<br \/>\nVinales est vraiment un cas \u00e0 part. Photo : Michelin Motorsport<\/p>\n<p>\u00a0<\/p>\n<p>Photo de couverture : Michelin Motorsport<\/p>\n","protected":false},"excerpt":{"rendered":"Pause estivale oblige, nous allons faire un petit bilan en deux parties quant aux bonnes et mauvaises surprises&hellip;\n","protected":false},"author":2,"featured_media":293456,"comment_status":"","ping_status":"","sticky":false,"template":"","format":"standard","meta":{"footnotes":""},"categories":[1413],"tags":[1011,27,1457,1456,60],"class_list":{"0":"post-293455","1":"post","2":"type-post","3":"status-publish","4":"format-standard","5":"has-post-thumbnail","7":"category-moto","8":"tag-fr","9":"tag-france","10":"tag-moto","11":"tag-motocycle","12":"tag-sports"},"share_on_mastodon":{"url":"https:\/\/pubeurope.com\/@fr\/114964637016835216","error":""},"_links":{"self":[{"href":"https:\/\/www.europesays.com\/fr\/wp-json\/wp\/v2\/posts\/293455","targetHints":{"allow":["GET"]}}],"collection":[{"href":"https:\/\/www.europesays.com\/fr\/wp-json\/wp\/v2\/posts"}],"about":[{"href":"https:\/\/www.europesays.com\/fr\/wp-json\/wp\/v2\/types\/post"}],"author":[{"embeddable":true,"href":"https:\/\/www.europesays.com\/fr\/wp-json\/wp\/v2\/users\/2"}],"replies":[{"embeddable":true,"href":"https:\/\/www.europesays.com\/fr\/wp-json\/wp\/v2\/comments?post=293455"}],"version-history":[{"count":0,"href":"https:\/\/www.europesays.com\/fr\/wp-json\/wp\/v2\/posts\/293455\/revisions"}],"wp:featuredmedia":[{"embeddable":true,"href":"https:\/\/www.europesays.com\/fr\/wp-json\/wp\/v2\/media\/293456"}],"wp:attachment":[{"href":"https:\/\/www.europesays.com\/fr\/wp-json\/wp\/v2\/media?parent=293455"}],"wp:term":[{"taxonomy":"category","embeddable":true,"href":"https:\/\/www.europesays.com\/fr\/wp-json\/wp\/v2\/categories?post=293455"},{"taxonomy":"post_tag","embeddable":true,"href":"https:\/\/www.europesays.com\/fr\/wp-json\/wp\/v2\/tags?post=293455"}],"curies":[{"name":"wp","href":"https:\/\/api.w.org\/{rel}","templated":true}]}}