{"id":293457,"date":"2025-08-03T11:38:13","date_gmt":"2025-08-03T11:38:13","guid":{"rendered":"https:\/\/www.europesays.com\/fr\/293457\/"},"modified":"2025-08-03T11:38:13","modified_gmt":"2025-08-03T11:38:13","slug":"comment-aston-martin-est-passee-de-derniere-a-spa-a-5e-et-6e-en-hongrie","status":"publish","type":"post","link":"https:\/\/www.europesays.com\/fr\/293457\/","title":{"rendered":"Comment Aston Martin est pass\u00e9e de derni\u00e8re \u00e0 Spa \u00e0 5e et 6e en Hongrie\u00a0?"},"content":{"rendered":"<p>Vous avez s\u00fbrement \u00e9t\u00e9 quelques-uns \u00e0 croire \u00e0 une pole position de <a href=\"https:\/\/fr.motorsport.com\/driver\/fernando-alonso\/76096\/\" target=\"_blank\" rel=\"noopener\">Fernando Alonso<\/a>, samedi, lors des qualifications du Grand Prix de Hongrie. Si l&rsquo;Espagnol n&rsquo;a finalement pas d\u00e9croch\u00e9 le meilleur temps, Aston Martin a tout de m\u00eame cr\u00e9\u00e9 la surprise. En plus d&rsquo;avoir r\u00e9ussi \u00e0 hisser les deux voitures en Q3, la deuxi\u00e8me fois de la saison seulement apr\u00e8s Imola, <a href=\"https:\/\/fr.motorsport.com\/driver\/lance-stroll\/96414\/\" target=\"_blank\" rel=\"noopener\">Lance Stroll<\/a> et Alonso ont sign\u00e9 les cinqui\u00e8me et sixi\u00e8me places sur la grille de d\u00e9part, leur meilleur r\u00e9sultat de l&rsquo;ann\u00e9e.<\/p>\n<p>Tout au long des qualifications, les AMR25 se sont montr\u00e9es tr\u00e8s solides, Alonso signant m\u00eame le deuxi\u00e8me meilleur temps de la Q1, devant une <a href=\"https:\/\/fr.motorsport.com\/team\/mclaren\/609\/\" target=\"_blank\" rel=\"noopener\">McLaren<\/a>, et Stroll le troisi\u00e8me chrono de la Q2. Lors de la derni\u00e8re s\u00e9ance, en Q3, les deux pilotes de l&rsquo;\u00e9quipe britannique ont finalement termin\u00e9 \u00e0 0&Prime;109 et 0&Prime;126 du meilleur temps de <a href=\"https:\/\/fr.motorsport.com\/driver\/charles-leclerc\/109632\/\" target=\"_blank\" rel=\"noopener\">Charles Leclerc<\/a>.\u00a0<\/p>\n<p>Une performance d\u00e9j\u00e0 tr\u00e8s impressionnante, mais qui l&rsquo;est encore plus lorsque l&rsquo;on se rappelle qu&rsquo;il y a une semaine exactement, les Aston Martin se qualifiaient aux deux derni\u00e8res places de la grille du Grand Prix de Belgique.\u00a0<\/p>\n<p>Mais alors, comment l&rsquo;\u00e9curie a-t-elle retourn\u00e9 la situation en si peu de temps ? En r\u00e9alit\u00e9, comme Fernando Alonso l&rsquo;a rapidement soulign\u00e9 samedi en interview, ces r\u00e9sultats sont avant tout d\u00fbs aux conditions sp\u00e9ciales des qualifications qui ont jou\u00e9 en faveur d&rsquo;Aston, et au trac\u00e9 du Hungaroring qui convient \u00e0 sa voiture.<\/p>\n<p>\u00ab\u00a0Je dirais que c&rsquo;est li\u00e9 aux caract\u00e9ristiques du circuit, pour \u00eatre honn\u00eate\u00a0\u00bb, a d\u00e9clar\u00e9 l&rsquo;Espagnol. \u00ab\u00a0Nous n&rsquo;avons pas chang\u00e9 la voiture de fa\u00e7on significative depuis Spa, il y a sept jours. Pas de nouvelles pi\u00e8ces pour personne sur cette course.\u00a0C&rsquo;est juste le trac\u00e9, les caract\u00e9ristiques du circuit qui semblent convenir \u00e0 notre voiture \u2013 et ce serait bien de comprendre pourquoi la voiture fonctionne dans cette &lsquo;zone id\u00e9ale&rsquo; ici, parce que si on comprend \u00e7a, on pourra le reproduire sur les prochaines courses.\u00a0\u00bb<\/p>\n<p>   <img decoding=\"async\" draggable=\"false\" src=\"https:\/\/www.europesays.com\/fr\/wp-content\/uploads\/2025\/08\/1754221093_394_fernando-alonso-aston-martin-r.jpg\" alt=\"Fernando Alonso, Aston Martin Racing\" width=\"1200\" height=\"800\" loading=\"lazy\"\/> <\/p>\n<p class=\"title\">Fernando Alonso, Aston Martin Racing<\/p>\n<p class=\"photographer\">Photo de: Alastair Staley \/ LAT Images via Getty Images<\/p>\n<p>\u00c0 Spa, pendant les essais, Aston Martin avait test\u00e9 un nouvel aileron avant sur la voiture d&rsquo;Alonso, en vue de l&rsquo;adopter sur des circuits n\u00e9cessitant un appui moyen \u00e0 \u00e9lev\u00e9. L&rsquo;objectif, comme l&rsquo;avait expliqu\u00e9 le directeur de l&rsquo;\u00e9quipe Andy Cowell, \u00e9tait d&rsquo;am\u00e9liorer la qualit\u00e9 du flux d&rsquo;air vers le fond plat, le diffuseur et le beam wing, pour en tirer un meilleur rendement global.<\/p>\n<p>Depuis le d\u00e9but de saison, l&rsquo;AMR25 s&rsquo;est r\u00e9v\u00e9l\u00e9e particuli\u00e8rement faible en ligne droite, et pas tr\u00e8s efficace dans la gestion de la temp\u00e9rature des pneus arri\u00e8re, malgr\u00e9 un train avant lui aussi peu performant et enclin au sous-virage. Beaucoup d&rsquo;\u00e9volutions, dont un nouveau fond plat introduit \u00e0 Imola puis retouch\u00e9 \u00e0 Silverstone, visaient \u00e0 corriger cette inefficacit\u00e9.<\/p>\n<p>Le Hungaroring, o\u00f9 les pilotes passent relativement peu de temps pied au plancher en ligne droite, punit moins une voiture lente que le trac\u00e9 de Spa-Francorchamps ; d&rsquo;o\u00f9 la prudence d&rsquo;Alonso, qui refuse de voir ce week-end comme un vrai tournant pour son \u00e9quipe.<\/p>\n<p>Autre sujet d&rsquo;inqui\u00e9tude : la tendance d&rsquo;Aston Martin \u00e0 r\u00e9gresser en course. En Espagne, Alonso \u00e9voquait la n\u00e9cessit\u00e9 pour l&rsquo;\u00e9quipe de r\u00e9\u00e9quilibrer ses forces en faveur d&rsquo;un meilleur rythme de course, plut\u00f4t que de privil\u00e9gier les performances en qualifications. Rien ne prouve pour l&rsquo;instant que la situation ait \u00e9volu\u00e9, mais le double champion du monde reste confiant quant aux opportunit\u00e9s qui pourraient se pr\u00e9senter ce dimanche.<\/p>\n<p>\u00ab\u00a0Je pense que la course de dimanche sera difficile, pour \u00eatre honn\u00eate\u00a0\u00bb, a-t-il d\u00e9clar\u00e9.\u00a0\u00ab\u00a0J&rsquo;aimerais qu&rsquo;on puisse finir aux m\u00eames positions que celles de notre d\u00e9part. Cinqui\u00e8me et sixi\u00e8me, ce serait excellent en termes de points pour l&rsquo;\u00e9quipe avant la pause estivale, et ce sera notre premier objectif. Il faut aussi garder \u00e0 l&rsquo;esprit qu&rsquo;il y a des menaces derri\u00e8re, des voitures rapides. Max [Verstappen] part derri\u00e8re, Lewis [Hamilton] aussi, donc \u00e7a ne va pas \u00eatre simple.\u00a0\u00bb<\/p>\n<p>Lire aussi :<\/p>\n<p>Dans cet article<\/p>\n<p>Soyez le premier inform\u00e9 et souscrivez aux alertes mails pour recevoir les infos en temps r\u00e9el<\/p>\n<p>    S&rsquo;abonner aux alertes de news<\/p>\n","protected":false},"excerpt":{"rendered":"Vous avez s\u00fbrement \u00e9t\u00e9 quelques-uns \u00e0 croire \u00e0 une pole position de Fernando Alonso, samedi, lors des qualifications&hellip;\n","protected":false},"author":2,"featured_media":293458,"comment_status":"","ping_status":"","sticky":false,"template":"","format":"standard","meta":{"footnotes":""},"categories":[1412],"tags":[1709,1451,1710,1452,1453,1454,1455,1011,27,21746,42060,2246,60],"class_list":{"0":"post-293457","1":"post","2":"type-post","3":"status-publish","4":"format-standard","5":"has-post-thumbnail","7":"category-f1","8":"tag-aston-martin","9":"tag-f1","10":"tag-fernando-alonso","11":"tag-formula-1","12":"tag-formula1","13":"tag-formule-1","14":"tag-formule1","15":"tag-fr","16":"tag-france","17":"tag-gp-de-hongrie","18":"tag-hungaroring","19":"tag-lance-stroll","20":"tag-sports"},"share_on_mastodon":{"url":"https:\/\/pubeurope.com\/@fr\/114964640843389207","error":""},"_links":{"self":[{"href":"https:\/\/www.europesays.com\/fr\/wp-json\/wp\/v2\/posts\/293457","targetHints":{"allow":["GET"]}}],"collection":[{"href":"https:\/\/www.europesays.com\/fr\/wp-json\/wp\/v2\/posts"}],"about":[{"href":"https:\/\/www.europesays.com\/fr\/wp-json\/wp\/v2\/types\/post"}],"author":[{"embeddable":true,"href":"https:\/\/www.europesays.com\/fr\/wp-json\/wp\/v2\/users\/2"}],"replies":[{"embeddable":true,"href":"https:\/\/www.europesays.com\/fr\/wp-json\/wp\/v2\/comments?post=293457"}],"version-history":[{"count":0,"href":"https:\/\/www.europesays.com\/fr\/wp-json\/wp\/v2\/posts\/293457\/revisions"}],"wp:featuredmedia":[{"embeddable":true,"href":"https:\/\/www.europesays.com\/fr\/wp-json\/wp\/v2\/media\/293458"}],"wp:attachment":[{"href":"https:\/\/www.europesays.com\/fr\/wp-json\/wp\/v2\/media?parent=293457"}],"wp:term":[{"taxonomy":"category","embeddable":true,"href":"https:\/\/www.europesays.com\/fr\/wp-json\/wp\/v2\/categories?post=293457"},{"taxonomy":"post_tag","embeddable":true,"href":"https:\/\/www.europesays.com\/fr\/wp-json\/wp\/v2\/tags?post=293457"}],"curies":[{"name":"wp","href":"https:\/\/api.w.org\/{rel}","templated":true}]}}