{"id":293459,"date":"2025-08-03T11:39:10","date_gmt":"2025-08-03T11:39:10","guid":{"rendered":"https:\/\/www.europesays.com\/fr\/293459\/"},"modified":"2025-08-03T11:39:10","modified_gmt":"2025-08-03T11:39:10","slug":"tdf-tour-de-france-femmes-9","status":"publish","type":"post","link":"https:\/\/www.europesays.com\/fr\/293459\/","title":{"rendered":"TDF. Tour de France Femmes"},"content":{"rendered":"<p><strong>C\u00e9drine Kerbaol<\/strong> s\u2019est hiss\u00e9e \u00e0 la 5e place du classement g\u00e9n\u00e9ral du <strong><a href=\"https:\/\/www.cyclismactu.net\/..\/news-tdf-route-tour-de-france-femmes-la-9e-etape-pour-sacre-de-pauline-ferrand-prevot-89420.html\" target=\"_blank\" rel=\"nofollow noopener\">Tour de France Femmes avec Zwift<\/a><\/strong> \u00e0 l\u2019issue d\u2019une 8e \u00e9tape alpine d\u00e9cisive, conclue au sommet du Col de la Madeleine. 6e de l\u2019\u00e9tape, la Bretonne a pu compter sur un travail collectif de ses co\u00e9quipi\u00e8res d&rsquo;<strong>EF Education-Oatly<\/strong>, notamment celui de <strong>Magdeleine Vallieres<\/strong>, pr\u00e9cieuse dans les derniers kilom\u00e8tres apr\u00e8s avoir anticip\u00e9 dans l\u2019\u00e9chapp\u00e9e matinale. Gr\u00e2ce \u00e0 cette performance, <strong>Kerbaol <\/strong>se rapproche du podium avant la derni\u00e8re \u00e9tape, avec moins d\u2019une minute de retard sur la 3e <strong>Demi Vollering<\/strong> (FDJ-Suez).<\/p>\n<p>Vid\u00e9o &#8211; Pauline Ferrand-Pr\u00e9vot, vainqueure de cette 8e \u00e9tape Lire la suite de l&rsquo;article&#13;<\/p>\n<p>\u00a0<\/p>\n<p>&#13;<br \/>\n\u00ab\u00a0C\u2019\u00e9tait fou\u00a0\u00bb&#13;<\/p>\n<p>\u00ab\u00a0L\u2019\u00e9quipe a \u00e9t\u00e9 incroyable. On avait un plan. Il n\u2019a pas fonctionn\u00e9, mais Magdeleine est pass\u00e9e devant pour pouvoir m\u2019aider dans la partie plus plate de la mont\u00e9e, et gr\u00e2ce \u00e0 elle, on a pu revenir sur les autres filles. Elle a \u00e9t\u00e9 exceptionnelle. C\u2019\u00e9tait fou. La mont\u00e9e ressemblait \u00e0 un contre-la-montre, donc \u00e7a m\u2019a plu\u00a0\u00bb, a d\u00e9clar\u00e9 <strong>Kerbaol<\/strong>.<\/p>\n<p>&#13;<\/p>\n<p>\u00ab\u00a0Je savais qu\u2019il ne fallait pas que je travaille trop, donc j\u2019ai fait attention \u00e0 ne pas trop passer de relais, car je voulais \u00eatre s\u00fbre de pouvoir aider dans le final\u00a0\u00bb, poursuit <strong>Magdeleine Vallieres<\/strong>. \u00ab\u00a0Je savais aussi qu\u2019il fallait quand m\u00eame que je contribue un peu pour que le groupe continue \u00e0 collaborer. \u00c7a a parfaitement fonctionn\u00e9, ce qui m\u2019a permis d\u2019\u00eatre avec C\u00e9drine dans la mont\u00e9e finale. J\u2019\u00e9tais vraiment contente de pouvoir l\u2019aider. J\u2019entendais qu\u2019elles revenaient et je me disais : \u201cOh, mes jambes, je ne sais pas si je vais pouvoir aider vraiment\u201d, alors j\u2019ai ralenti pour r\u00e9cup\u00e9rer un peu et pouvoir faire un dernier effort pour l\u2019aider \u00e0 rentrer sur le groupe. Et apr\u00e8s \u00e7a, j\u2019ai compl\u00e8tement explos\u00e9.\u00a0\u00bb<\/p>\n<p>Tour de France Femmes avec Zwift &#8211; Classement de la 8\u00e8 \u00e9tape Tour de France Femmes avec Zwift &#8211; Classement g\u00e9n\u00e9ral provisoire apr\u00e8s la 8\u00e8 \u00e9tape<\/p>\n","protected":false},"excerpt":{"rendered":"C\u00e9drine Kerbaol s\u2019est hiss\u00e9e \u00e0 la 5e place du classement g\u00e9n\u00e9ral du Tour de France Femmes avec Zwift&hellip;\n","protected":false},"author":2,"featured_media":293460,"comment_status":"","ping_status":"","sticky":false,"template":"","format":"standard","meta":{"footnotes":""},"categories":[1411],"tags":[1154,207,211,1011,27,209,60,210,11098,212,208,213],"class_list":{"0":"post-293459","1":"post","2":"type-post","3":"status-publish","4":"format-standard","5":"has-post-thumbnail","7":"category-cyclisme","8":"tag-cycling","9":"tag-cyclisme","10":"tag-ffc","11":"tag-fr","12":"tag-france","13":"tag-route","14":"tag-sports","15":"tag-tour-de-france","16":"tag-tour-de-france-femmes","17":"tag-uci","18":"tag-velo","19":"tag-world-tour"},"share_on_mastodon":{"url":"https:\/\/pubeurope.com\/@fr\/114964644848569003","error":""},"_links":{"self":[{"href":"https:\/\/www.europesays.com\/fr\/wp-json\/wp\/v2\/posts\/293459","targetHints":{"allow":["GET"]}}],"collection":[{"href":"https:\/\/www.europesays.com\/fr\/wp-json\/wp\/v2\/posts"}],"about":[{"href":"https:\/\/www.europesays.com\/fr\/wp-json\/wp\/v2\/types\/post"}],"author":[{"embeddable":true,"href":"https:\/\/www.europesays.com\/fr\/wp-json\/wp\/v2\/users\/2"}],"replies":[{"embeddable":true,"href":"https:\/\/www.europesays.com\/fr\/wp-json\/wp\/v2\/comments?post=293459"}],"version-history":[{"count":0,"href":"https:\/\/www.europesays.com\/fr\/wp-json\/wp\/v2\/posts\/293459\/revisions"}],"wp:featuredmedia":[{"embeddable":true,"href":"https:\/\/www.europesays.com\/fr\/wp-json\/wp\/v2\/media\/293460"}],"wp:attachment":[{"href":"https:\/\/www.europesays.com\/fr\/wp-json\/wp\/v2\/media?parent=293459"}],"wp:term":[{"taxonomy":"category","embeddable":true,"href":"https:\/\/www.europesays.com\/fr\/wp-json\/wp\/v2\/categories?post=293459"},{"taxonomy":"post_tag","embeddable":true,"href":"https:\/\/www.europesays.com\/fr\/wp-json\/wp\/v2\/tags?post=293459"}],"curies":[{"name":"wp","href":"https:\/\/api.w.org\/{rel}","templated":true}]}}