{"id":293461,"date":"2025-08-03T11:40:16","date_gmt":"2025-08-03T11:40:16","guid":{"rendered":"https:\/\/www.europesays.com\/fr\/293461\/"},"modified":"2025-08-03T11:40:16","modified_gmt":"2025-08-03T11:40:16","slug":"analyse-que-retenir-de-la-victoire-des-girondins-face-au-fcba","status":"publish","type":"post","link":"https:\/\/www.europesays.com\/fr\/293461\/","title":{"rendered":"Analyse : que retenir de la victoire des Girondins face au FCBA ?"},"content":{"rendered":"<p>\n    03\/08 &#8211; 10:25 | Par la r\u00e9daction | Il y a<br \/>\n    3 heures\n  <\/p>\n<p><strong>Les Girondins de Bordeaux ont battu le FC Bassin d&rsquo;Arcachon (N3) ce samedi au Stade Jean Brousse d&rsquo;Arcachon sur le score de 3 \u00e0 0 (Vandenabeele, Villette, Trichard). D\u00e9couvrez l\u2019analyse d\u00e8s le coup de sifflet final de Jonathan d&rsquo;Agostino apr\u00e8s la rencontre avec les points positifs et des focus sur le milieu de terrain, Openda et Hoekstra.<\/strong><\/p>\n<p><img decoding=\"async\" src=\"https:\/\/www.europesays.com\/fr\/wp-content\/uploads\/2025\/08\/671_3d15c101326289954afe23c85c2383e2.jpg\" alt=\"Analyse : que retenir de la victoire des Girondins face au FCBA ?\" class=\"img-responsive mt-3\"\/><\/p>\n<p class=\"text-center mb-3\" style=\"font-size: 14px\">\u00a9 Iconsport<\/p>\n<p>D\u00e9couvrez cette analyse \u00e0 chaud dans la vid\u00e9o sur cette page ou sur la <a href=\"https:\/\/www.youtube.com\/watch?v=jrDWDR_KmVM\" target=\"_blank\" rel=\"noopener\">cha\u00eene YouTube de WebGirondins<\/a> :<\/p>\n<p>Ce navigateur ne supporte pas les iframes<\/p>\n<p>\u00a0<\/p>\n<p style=\"text-align: justify;\">\u00c0 lire aussi &gt;&gt; <strong><a href=\"https:\/\/www.webgirondins.com\/actualite-girondins-jean-pierre-papin-les-girondins-ont-la-base-pour-faire-quelque-chose-de-bien-129932\" target=\"_blank\" rel=\"noopener\">Jean-Pierre Papin : \u00ab\u00a0Les Girondins ont la base pour faire quelque chose de bien\u00a0\u00bb<\/a><\/strong><\/p>\n<p style=\"text-align: justify;\">Notre podcast court \u00e0 \u00e9couter :<\/p>\n<p>  COMMENTAIRES<br \/>\n  ()<\/p>\n","protected":false},"excerpt":{"rendered":"03\/08 &#8211; 10:25 | Par la r\u00e9daction | Il y a 3 heures Les Girondins de Bordeaux ont&hellip;\n","protected":false},"author":2,"featured_media":293462,"comment_status":"","ping_status":"","sticky":false,"template":"","format":"standard","meta":{"footnotes":""},"categories":[1410],"tags":[1020,23856,27493,9339,1997,37543,2823,37542,63,1011,27,1987,13392,18252,3982,2259,60,2858,6768,43240,1264,37136],"class_list":{"0":"post-293461","1":"post","2":"type-post","3":"status-publish","4":"format-standard","5":"has-post-thumbnail","7":"category-football","8":"tag-analyse","9":"tag-arcachon","10":"tag-bassin","11":"tag-battu","12":"tag-bordeaux","13":"tag-brousse","14":"tag-face","15":"tag-fcba","16":"tag-football","17":"tag-fr","18":"tag-france","19":"tag-girondins","20":"tag-jean","21":"tag-retenir","22":"tag-samedi","23":"tag-score","24":"tag-sports","25":"tag-stade","26":"tag-trichard","27":"tag-vandenabeele","28":"tag-victoire","29":"tag-villette"},"share_on_mastodon":{"url":"https:\/\/pubeurope.com\/@fr\/114964648748790811","error":""},"_links":{"self":[{"href":"https:\/\/www.europesays.com\/fr\/wp-json\/wp\/v2\/posts\/293461","targetHints":{"allow":["GET"]}}],"collection":[{"href":"https:\/\/www.europesays.com\/fr\/wp-json\/wp\/v2\/posts"}],"about":[{"href":"https:\/\/www.europesays.com\/fr\/wp-json\/wp\/v2\/types\/post"}],"author":[{"embeddable":true,"href":"https:\/\/www.europesays.com\/fr\/wp-json\/wp\/v2\/users\/2"}],"replies":[{"embeddable":true,"href":"https:\/\/www.europesays.com\/fr\/wp-json\/wp\/v2\/comments?post=293461"}],"version-history":[{"count":0,"href":"https:\/\/www.europesays.com\/fr\/wp-json\/wp\/v2\/posts\/293461\/revisions"}],"wp:featuredmedia":[{"embeddable":true,"href":"https:\/\/www.europesays.com\/fr\/wp-json\/wp\/v2\/media\/293462"}],"wp:attachment":[{"href":"https:\/\/www.europesays.com\/fr\/wp-json\/wp\/v2\/media?parent=293461"}],"wp:term":[{"taxonomy":"category","embeddable":true,"href":"https:\/\/www.europesays.com\/fr\/wp-json\/wp\/v2\/categories?post=293461"},{"taxonomy":"post_tag","embeddable":true,"href":"https:\/\/www.europesays.com\/fr\/wp-json\/wp\/v2\/tags?post=293461"}],"curies":[{"name":"wp","href":"https:\/\/api.w.org\/{rel}","templated":true}]}}