{"id":293467,"date":"2025-08-03T11:43:10","date_gmt":"2025-08-03T11:43:10","guid":{"rendered":"https:\/\/www.europesays.com\/fr\/293467\/"},"modified":"2025-08-03T11:43:10","modified_gmt":"2025-08-03T11:43:10","slug":"a-60-ans-blanche-forestier-ciotadenne-victime-dinceste-temoigne-dans-un-ouvrage","status":"publish","type":"post","link":"https:\/\/www.europesays.com\/fr\/293467\/","title":{"rendered":"\u00c0 60 ans, Blanche Forestier, Ciotadenne victime d&rsquo;inceste t\u00e9moigne dans un ouvrage"},"content":{"rendered":"<p>Pendant quarante ans, Blanche Forestier a longtemps cru qu\u2019elle pourrait tourner le dos \u00e0 son pass\u00e9. Elle l\u2019avait enterr\u00e9 en menant une vie active de m\u00e8re de trois enfants et dirigeante d\u2019entreprise. Mais c\u2019est \u00e0 l\u2019\u00e2ge de 60\u00a0ans que la Ciotadenne d\u00e9cide finalement de prendre la plume, elle qui a publi\u00e9 son roman autobiographique Le go\u00fbt du r\u00e9glisse sal\u00e9 le 26 juin 2025 aux \u00e9ditions MVO Livre blanc. Avec, en creux, un t\u00e9moignage fort des <a href=\"https:\/\/www.laprovence.com\/article\/faits-divers-justice\/152886799004114\/inceste-le-senat-renforce-un-dispositif-de-protection-de-lenfant\" target=\"_blank\" rel=\"noopener\">violences faites aux enfants<\/a>.<\/p>\n<p>Le titre marque le coup et d\u00e9nonce l\u2019ambivalence des ressentis d\u2019une enfance immerg\u00e9e en un huis clos familial. Blanche Forestier, une enfant, est victime d\u2019une forme d\u2019inceste, sans violences, ni cris. L\u2019\u00e9l\u00e9ment d\u00e9clencheur est la mort de son p\u00e8re Michel qu\u2019elle n\u2019a pas vu pendant quarante ans. Des mots sont pos\u00e9s sur son pass\u00e9 douloureux. \u00ab\u00a0J\u2019ai d\u2019abord \u00e9crit pour moi, puis pour mes enfants qui posaient des questions. J\u2019ai <a href=\"https:\/\/www.laprovence.com\/article\/sortie-loisirs\/5491047302719115\/en-lice-pour-le-goncourt-hautes-alpes-neige-sinno-ecrire-apres-linceste\" target=\"_blank\" rel=\"noopener\">d\u00e9cid\u00e9 d\u2019en faire un roman<\/a>, \u00e7a m\u2019a pris trois ans.\u00a0\u00bb<\/p>\n<p>Transmettre et sensibiliser<\/p>\n<p>Trois ann\u00e9es pour d\u00e9noncer une forme d\u2019abus lent et insidieux. Et une question\u00a0: \u00ab\u00a0comment s\u2019en sortir\u00a0?\u00a0\u00bb Blanche Forestier a mis longtemps \u00e0 comprendre, englu\u00e9e dans l\u2019incompr\u00e9hension, oscillant entre la chaleur du cocon familial, et, de temps en temps, ces parents qui deviennent \u00ab\u00a0des monstres\u00a0\u00bb.<\/p>\n","protected":false},"excerpt":{"rendered":"Pendant quarante ans, Blanche Forestier a longtemps cru qu\u2019elle pourrait tourner le dos \u00e0 son pass\u00e9. Elle l\u2019avait&hellip;\n","protected":false},"author":2,"featured_media":293468,"comment_status":"","ping_status":"","sticky":false,"template":"","format":"standard","meta":{"footnotes":""},"categories":[1357],"tags":[17,1764,8386,1379,9939,43340,58,59,43339,1011,27,1380,16,43341,9418],"class_list":{"0":"post-293467","1":"post","2":"type-post","3":"status-publish","4":"format-standard","5":"has-post-thumbnail","7":"category-livres","8":"tag-17","9":"tag-ans","10":"tag-blanche","11":"tag-books","12":"tag-ciotadenne","13":"tag-dinceste","14":"tag-divertissement","15":"tag-entertainment","16":"tag-forestier","17":"tag-fr","18":"tag-france","19":"tag-livres","20":"tag-region","21":"tag-temoigne","22":"tag-victime"},"share_on_mastodon":{"url":"https:\/\/pubeurope.com\/@fr\/114964660530816282","error":""},"_links":{"self":[{"href":"https:\/\/www.europesays.com\/fr\/wp-json\/wp\/v2\/posts\/293467","targetHints":{"allow":["GET"]}}],"collection":[{"href":"https:\/\/www.europesays.com\/fr\/wp-json\/wp\/v2\/posts"}],"about":[{"href":"https:\/\/www.europesays.com\/fr\/wp-json\/wp\/v2\/types\/post"}],"author":[{"embeddable":true,"href":"https:\/\/www.europesays.com\/fr\/wp-json\/wp\/v2\/users\/2"}],"replies":[{"embeddable":true,"href":"https:\/\/www.europesays.com\/fr\/wp-json\/wp\/v2\/comments?post=293467"}],"version-history":[{"count":0,"href":"https:\/\/www.europesays.com\/fr\/wp-json\/wp\/v2\/posts\/293467\/revisions"}],"wp:featuredmedia":[{"embeddable":true,"href":"https:\/\/www.europesays.com\/fr\/wp-json\/wp\/v2\/media\/293468"}],"wp:attachment":[{"href":"https:\/\/www.europesays.com\/fr\/wp-json\/wp\/v2\/media?parent=293467"}],"wp:term":[{"taxonomy":"category","embeddable":true,"href":"https:\/\/www.europesays.com\/fr\/wp-json\/wp\/v2\/categories?post=293467"},{"taxonomy":"post_tag","embeddable":true,"href":"https:\/\/www.europesays.com\/fr\/wp-json\/wp\/v2\/tags?post=293467"}],"curies":[{"name":"wp","href":"https:\/\/api.w.org\/{rel}","templated":true}]}}