{"id":293469,"date":"2025-08-03T11:44:14","date_gmt":"2025-08-03T11:44:14","guid":{"rendered":"https:\/\/www.europesays.com\/fr\/293469\/"},"modified":"2025-08-03T11:44:14","modified_gmt":"2025-08-03T11:44:14","slug":"canal-torpille-le-lancement-de-la-chaine-ligue-1","status":"publish","type":"post","link":"https:\/\/www.europesays.com\/fr\/293469\/","title":{"rendered":"Canal+ torpille le lancement de la cha\u00eene Ligue 1+"},"content":{"rendered":"<p>Zapping Foot National Entretien &#8211; Les dessous du football amateur, avec Romain Molina<\/p>\n<p>Le 15 ao\u00fbt prochain, la LFP esp\u00e9rait lancer sa cha\u00eene Ligue 1+ avec panache. Canal+ a choisi ce jour-l\u00e0 pour envoyer un message tr\u00e8s clair. Tandis que Rennes &#8211; OM, premi\u00e8re affiche payante de la plateforme de la Ligue, doit marquer le coup d\u2019envoi de la saison en France, Canal+ a annonc\u00e9 la diffusion en clair du match Liverpool &#8211; Bournemouth, match d\u2019ouverture de la Premier League. Officiellement, Canal+ veut offrir un \u00e9v\u00e9nement grand public avec un dispositif complet autour de son \u00e9mission \u00ab\u00a0The Week-End\u00a0\u00bb, \u00e0 partir de 20h30. Officieusement, personne n\u2019est dupe. Le timing, le choix de l\u2019affiche, la gratuit\u00e9 : tout ressemble \u00e0 un tir bien plac\u00e9 contre la LFP.<\/p>\n<p>\u00ab\u00a0La saison 2025\/2026 de Premier League d\u00e9marre fort sur les cha\u00eenes du Groupe CANAL+\u00a0\u00bb, annonce le communiqu\u00e9. Pas un mot sur la Ligue 1, dont le diffuseur historique semble d\u00e9sormais vouloir saboter la relance. Canal+ ne s\u2019est pas content\u00e9 de refuser les droits. La cha\u00eene dirig\u00e9e par Maxime Saada a d\u00e9clin\u00e9 l\u2019offre de distribution de Ligue 1+, m\u00eame en non-exclusif, malgr\u00e9 les 30 millions d\u2019euros de commissions envisageables si le million d\u2019abonn\u00e9s \u00e9tait atteint.<\/p>\n<p>Duel d\u2019images d\u00e8s le 15 ao\u00fbt<\/p>\n<p>Et ce n\u2019est pas tout : aucun espace publicitaire ne sera vendu \u00e0 la nouvelle cha\u00eene, tout comme beIN Sports, partenaire de longue date. Pour la LFP, c\u2019est une strat\u00e9gie d\u2019asphyxie d\u00e9lib\u00e9r\u00e9e. Apr\u00e8s l\u2019\u00e9chec des n\u00e9gociations avec DAZN et les tergiversations autour d\u2019un \u00e9ventuel appel d\u2019offres, la Ligue a fini par lancer seule sa plateforme. Canal+, qui avait v\u00e9cu comme une humiliation l\u2019\u00e9pisode Amazon post-Mediapro, n\u2019a jamais dig\u00e9r\u00e9. En interne, LFP Media accuse le groupe Bollor\u00e9 de chercher \u00e0 \u00ab\u00a0tuer le projet Ligue 1+\u00a0\u00bb.<\/p>\n<p>Rennes-OM, premier match diffus\u00e9 par Ligue 1+, sera donc payant, quand Canal+ proposera gratuitement Liverpool-Bournemouth \u00e0 la m\u00eame heure. Deux visions, deux mod\u00e8les, et une bataille d\u2019influence. Le week-end se poursuivra avec Nantes-PSG en clair, sur Ligue 1+, le dimanche. Mais le lancement a d\u00e9j\u00e0 tout d\u2019un bras de fer. Avec un tarif d\u2019abonnement pr\u00e9vu entre 14,99 et 19,99 \u20ac par mois, la Ligue mise sur les supporters pour faire vivre son produit, malgr\u00e9 un environnement devenu hostile. Canal+ et beIN ne feront aucun cadeau.<\/p>\n<blockquote class=\"twitter-tweet\">\n<p dir=\"ltr\" lang=\"fr\">\ud83d\udcfa\u26bd\ufe0f\ud83d\udc40<\/p>\n<p>Le vendredi 15 ao\u00fbt, soir du lancement de Ligue 1+ avec Rennes-OM, Canal+ a choisi de diffuser EN CLAIR le match d\u2019ouverture de la saison de Premier League : Liverpool-Bournemouth <a href=\"https:\/\/twitter.com\/hashtag\/EPL?src=hash&amp;ref_src=twsrc%5Etfw\" rel=\"nofollow noopener\" target=\"_blank\">#EPL<\/a> <a href=\"https:\/\/t.co\/XbubcwlGVd\" rel=\"nofollow\">pic.twitter.com\/XbubcwlGVd<\/a><\/p>\n<p>\u2014 Sacha Nokovitch (@SachaNoko) <a href=\"https:\/\/twitter.com\/SachaNoko\/status\/1951891838488498683?ref_src=twsrc%5Etfw\" rel=\"nofollow noopener\" target=\"_blank\">August 3, 2025<\/a><\/p>\n<\/blockquote>\n<p>Partagez cette info avec vos amis et vos proches en cliquant ici<br \/>Droits TV : Canal+ torpille le lancement de la cha\u00eene Ligue 1+<\/p>\n<p>La tension est \u00e0 son comble entre la LFP et Canal+. Le groupe crypt\u00e9 a d\u00e9cid\u00e9 de s\u2019attaquer frontalement au lancement de la nouvelle cha\u00eene Ligue 1+ en programmant un match de Premier League en clair le m\u00eame soir que Rennes-OM. Une strat\u00e9gie muscl\u00e9e qui en dit long sur la guerre ouverte entre les deux camps.<\/p>\n<p> <img decoding=\"async\" width=\"76\" height=\"76\" loading=\"lazy\" src=\"https:\/\/static.wui.fr\/images_v3\/avatar-footnational.png\" alt=\"Matias Archambeau\"\/><script async src=\"https:\/\/platform.twitter.com\/widgets.js\" charset=\"utf-8\"><\/script><\/p>\n","protected":false},"excerpt":{"rendered":"Zapping Foot National Entretien &#8211; Les dessous du football amateur, avec Romain Molina Le 15 ao\u00fbt prochain, la&hellip;\n","protected":false},"author":2,"featured_media":293470,"comment_status":"","ping_status":"","sticky":false,"template":"","format":"standard","meta":{"footnotes":""},"categories":[1356],"tags":[58,59,1011,27,252,1364],"class_list":{"0":"post-293469","1":"post","2":"type-post","3":"status-publish","4":"format-standard","5":"has-post-thumbnail","7":"category-television","8":"tag-divertissement","9":"tag-entertainment","10":"tag-fr","11":"tag-france","12":"tag-television","13":"tag-tv"},"share_on_mastodon":{"url":"https:\/\/pubeurope.com\/@fr\/114964664658264626","error":""},"_links":{"self":[{"href":"https:\/\/www.europesays.com\/fr\/wp-json\/wp\/v2\/posts\/293469","targetHints":{"allow":["GET"]}}],"collection":[{"href":"https:\/\/www.europesays.com\/fr\/wp-json\/wp\/v2\/posts"}],"about":[{"href":"https:\/\/www.europesays.com\/fr\/wp-json\/wp\/v2\/types\/post"}],"author":[{"embeddable":true,"href":"https:\/\/www.europesays.com\/fr\/wp-json\/wp\/v2\/users\/2"}],"replies":[{"embeddable":true,"href":"https:\/\/www.europesays.com\/fr\/wp-json\/wp\/v2\/comments?post=293469"}],"version-history":[{"count":0,"href":"https:\/\/www.europesays.com\/fr\/wp-json\/wp\/v2\/posts\/293469\/revisions"}],"wp:featuredmedia":[{"embeddable":true,"href":"https:\/\/www.europesays.com\/fr\/wp-json\/wp\/v2\/media\/293470"}],"wp:attachment":[{"href":"https:\/\/www.europesays.com\/fr\/wp-json\/wp\/v2\/media?parent=293469"}],"wp:term":[{"taxonomy":"category","embeddable":true,"href":"https:\/\/www.europesays.com\/fr\/wp-json\/wp\/v2\/categories?post=293469"},{"taxonomy":"post_tag","embeddable":true,"href":"https:\/\/www.europesays.com\/fr\/wp-json\/wp\/v2\/tags?post=293469"}],"curies":[{"name":"wp","href":"https:\/\/api.w.org\/{rel}","templated":true}]}}