{"id":293473,"date":"2025-08-03T11:46:10","date_gmt":"2025-08-03T11:46:10","guid":{"rendered":"https:\/\/www.europesays.com\/fr\/293473\/"},"modified":"2025-08-03T11:46:10","modified_gmt":"2025-08-03T11:46:10","slug":"3-films-a-regarder-ce-dimanche-12","status":"publish","type":"post","link":"https:\/\/www.europesays.com\/fr\/293473\/","title":{"rendered":"3 films \u00e0 regarder ce dimanche"},"content":{"rendered":"<p>Vous \u00eates devant votre t\u00e9l\u00e9 et vous zappez \u00e0 la recherche d\u2019un film \u00e0 regarder seul, en famille ou entre amis\u00a0? Inutile de vous \u00e9puiser, on a \u00e9pluch\u00e9 le programme pour d\u00e9nicher 3 films sympas \u00e0 savourer pour terminer la semaine en beaut\u00e9.<\/p>\n<p> The Grand Budapest Hotel (Arte, 21h) <\/p>\n<p>    <a href=\"https:\/\/www.youtube.com\/@PressecitronHD?sub_confirmation=1\" target=\"_blank\" rel=\"nofollow noopener\"><br \/>\n        S&rsquo;abonner \u00e0 Presse-citron<br \/>\n    <\/a> <\/p>\n<p>D\u2019apr\u00e8s le synopsis d\u2019Allocin\u00e9 :<\/p>\n<blockquote>\n<p>Le film retrace les aventures de Gustave H, l\u2019homme aux cl\u00e9s d\u2019or d\u2019un c\u00e9l\u00e8bre h\u00f4tel europ\u00e9en de l\u2019entre-deux-guerres et du gar\u00e7on d\u2019\u00e9tage Z\u00e9ro Moustafa, son alli\u00e9 le plus fid\u00e8le. La recherche d\u2019un tableau vol\u00e9, \u0153uvre inestimable datant de la Renaissance, et un conflit autour d\u2019un important h\u00e9ritage familial forment la trame de cette histoire au c\u0153ur de la vieille Europe en pleine mutation.<\/p>\n<\/blockquote>\n<p>Il faut voir cette p\u00e9pite de Wes Anderson qui regorge d\u2019id\u00e9es visuelles et dont le r\u00e9cit complexe nous fascine du d\u00e9but \u00e0 la fin.<\/p>\n<p> Comment je suis devenu super-h\u00e9ros (TFX, 20h50) <\/p>\n<p>Voici l\u2019histoire propos\u00e9e \u00e0 l\u2019occasion du festival de Deauville\u00a0:<\/p>\n<blockquote>\n<p>Paris, 2020. Dans une soci\u00e9t\u00e9 o\u00f9 les surhommes sont banalis\u00e9s et parfaitement int\u00e9gr\u00e9s, une myst\u00e9rieuse substance procurant des super-pouvoirs \u00e0 ceux qui n\u2019en ont pas commence \u00e0 se r\u00e9pandre. Face \u00e0 la multiplication des incidents, les lieutenants Moreau et Schaltzmann sont charg\u00e9s de l\u2019enqu\u00eate. Avec l\u2019aide de Monte Carlo et Callista, deux anciens justiciers, ils feront tout pour d\u00e9manteler le trafic. Mais le pass\u00e9 de Moreau ressurgit et l\u2019enqu\u00eate se complique\u2026<\/p>\n<\/blockquote>\n<p>Ce long-m\u00e9trage a \u00e9t\u00e9 une belle surprise \u00e0 sa sortie. Et m\u00eame s\u2019il n\u2019est pas parfait, il n\u2019en reste pas moins un excellent film de genre prenant et original.<\/p>\n<p> Une belle course (TF1, 21h10) <\/p>\n<p>\u00c0 92 ans, Madeleine s\u2019appr\u00eate \u00e0 quitter d\u00e9finitivement son appartement parisien pour une maison de retraite. Elle fait appel \u00e0 Charles, chauffeur de taxi d\u00e9sabus\u00e9, pour un dernier d\u00e9tour \u00e0 travers les rues de son pass\u00e9. Au fil du trajet et des confidences, ce simple service se transforme en une parenth\u00e8se bouleversante, o\u00f9 les souvenirs et les v\u00e9rit\u00e9s d\u00e9voil\u00e9es marquent \u00e0 jamais les deux passagers.<\/p>\n<p>On ne parlera pas de chef-d\u2019\u0153uvre, mais cette com\u00e9die dramatique fonctionne n\u00e9anmoins plut\u00f4t bien, port\u00e9e par le duo constitu\u00e9 de Dany Boon et de Line Renaud.<\/p>\n<p>C\u2019est tout pour cette semaine. Notez, si ces trois films ne sont pas \u00e0 votre go\u00fbt, qu\u2019il y aura d\u2019autres longs-m\u00e9trages ce dimanche soir sur la TNT, et notamment Le Visiteur du futur (France 2, 21h10), ou encore Fatal (W9, 21h10). Vous pouvez aussi rattraper les p\u00e9pites de la semaine derni\u00e8re en replay en relisant <a href=\"https:\/\/www.presse-citron.net\/a-la-tv-ce-soir-3-films-a-regarder-ce-dimanche-82\/\" target=\"_blank\" rel=\"false noopener nofollow\">notre pr\u00e9c\u00e9dent article ici<\/a>.<\/p>\n<blockquote>\n<p class=\"text-base text-neutral-700 dark:text-neutral-300\">\ud83d\udccd Pour ne manquer aucune actualit\u00e9 de Presse-citron, suivez-nous sur <a href=\"https:\/\/news.google.com\/publications\/CAAqBggKMIPiNTC70wU?hl=fr&amp;gl=FR&amp;ceid=FR%3Afr\" target=\"_blank\" rel=\"nofollow noopener\">Google Actualit\u00e9s<\/a> et <a href=\"https:\/\/whatsapp.com\/channel\/0029VaCkGuz4NViitBXbEr0b\" target=\"_blank\" rel=\"nofollow noopener\">WhatsApp<\/a>.<\/p>\n<\/blockquote>\n","protected":false},"excerpt":{"rendered":"Vous \u00eates devant votre t\u00e9l\u00e9 et vous zappez \u00e0 la recherche d\u2019un film \u00e0 regarder seul, en famille&hellip;\n","protected":false},"author":2,"featured_media":293474,"comment_status":"","ping_status":"","sticky":false,"template":"","format":"standard","meta":{"footnotes":""},"categories":[1354],"tags":[58,59,1346,1011,27,1360,252],"class_list":{"0":"post-293473","1":"post","2":"type-post","3":"status-publish","4":"format-standard","5":"has-post-thumbnail","7":"category-films","8":"tag-divertissement","9":"tag-entertainment","10":"tag-films","11":"tag-fr","12":"tag-france","13":"tag-movies","14":"tag-television"},"share_on_mastodon":{"url":"https:\/\/pubeurope.com\/@fr\/114964672290648180","error":""},"_links":{"self":[{"href":"https:\/\/www.europesays.com\/fr\/wp-json\/wp\/v2\/posts\/293473","targetHints":{"allow":["GET"]}}],"collection":[{"href":"https:\/\/www.europesays.com\/fr\/wp-json\/wp\/v2\/posts"}],"about":[{"href":"https:\/\/www.europesays.com\/fr\/wp-json\/wp\/v2\/types\/post"}],"author":[{"embeddable":true,"href":"https:\/\/www.europesays.com\/fr\/wp-json\/wp\/v2\/users\/2"}],"replies":[{"embeddable":true,"href":"https:\/\/www.europesays.com\/fr\/wp-json\/wp\/v2\/comments?post=293473"}],"version-history":[{"count":0,"href":"https:\/\/www.europesays.com\/fr\/wp-json\/wp\/v2\/posts\/293473\/revisions"}],"wp:featuredmedia":[{"embeddable":true,"href":"https:\/\/www.europesays.com\/fr\/wp-json\/wp\/v2\/media\/293474"}],"wp:attachment":[{"href":"https:\/\/www.europesays.com\/fr\/wp-json\/wp\/v2\/media?parent=293473"}],"wp:term":[{"taxonomy":"category","embeddable":true,"href":"https:\/\/www.europesays.com\/fr\/wp-json\/wp\/v2\/categories?post=293473"},{"taxonomy":"post_tag","embeddable":true,"href":"https:\/\/www.europesays.com\/fr\/wp-json\/wp\/v2\/tags?post=293473"}],"curies":[{"name":"wp","href":"https:\/\/api.w.org\/{rel}","templated":true}]}}