{"id":293475,"date":"2025-08-03T11:47:11","date_gmt":"2025-08-03T11:47:11","guid":{"rendered":"https:\/\/www.europesays.com\/fr\/293475\/"},"modified":"2025-08-03T11:47:11","modified_gmt":"2025-08-03T11:47:11","slug":"les-moustiques-sen-prennent-uniquement-a-vous-une-experte-explique-enfin-pourquoi-une-peau-a-moustiques-ca","status":"publish","type":"post","link":"https:\/\/www.europesays.com\/fr\/293475\/","title":{"rendered":"Les moustiques s&rsquo;en prennent UNIQUEMENT \u00e0 vous, une experte explique enfin pourquoi : \u00ab\u00a0Une peau \u00e0 moustiques, \u00e7a&#8230;\u00a0\u00bb"},"content":{"rendered":"<p>            <img loading=\"lazy\" decoding=\"async\" src=\"https:\/\/www.europesays.com\/fr\/wp-content\/uploads\/2025\/04\/115-62728e9c0f695-35x35-1.jpg\" class=\"author-article-picture\" width=\"35\" height=\"35\"\/><\/p>\n<p>                Par<br \/>\n                                    <a class=\"author-article-bio-link\" href=\"https:\/\/www.purepeople.com\/auteur\/ari-guardiola_a115\" rel=\"nofollow noopener\" target=\"_blank\">Ari Guardiola<\/a><br \/>\n                                                    | Journaliste<\/p>\n<p>\n                Si elle a bien fait son choix (\u00e9vident) entre Leo Messi et Cristiano Ronaldo, il n\u2019est pas question de d\u00e9cider qui elle pr\u00e9f\u00e8re entre Meghan Markle et Kate Middleton. Poissons ascendant Verseau, elle est dot\u00e9e d&rsquo;un sixi\u00e8me sens qui l&rsquo;aide \u00e0 vous d\u00e9nicher les informations les plus cach\u00e9es sur vos stars pr\u00e9f\u00e9r\u00e9es.\n            <\/p>\n<p>\n    Chaque \u00e9t\u00e9, vous avez l&rsquo;impression d&rsquo;\u00eatre la proie des moustiques. Vous annoncez \u00e0 qui veut l&rsquo;entendre que vous \u00eates leur cible, car vous avez une peau \u00e0 moustiques. Mais une experte a d\u00e9cid\u00e9 de d\u00e9voiler si ce mythe existe.\n<\/p>\n<p>                            <img loading=\"lazy\" decoding=\"async\" class=\"player-thumbnail\" src=\"https:\/\/www.europesays.com\/fr\/wp-content\/uploads\/2025\/08\/698c22001ad3c150-580x326-2.jpg\" width=\"580\" height=\"326\"\/><\/p>\n<p>                    Les moustiques s&rsquo;en prennent UNIQUEMENT \u00e0 vous, une experte explique enfin pourquoi : \u00ab\u00a0Une peau \u00e0 moustiques, \u00e7a&#8230;\u00a0\u00bb<\/p>\n<p>La suite apr\u00e8s la publicit\u00e9<\/p>\n<p>Chaque \u00e9t\u00e9, les moustiques sont particuli\u00e8rement nombreux. Et chaque \u00e9t\u00e9, grand nombre d&rsquo;entre vous ont l&rsquo;impression d&rsquo;en devenir la proie. Qui n&rsquo;a pas d\u00e9j\u00e0 expliqu\u00e9 \u00eatre la cible favorite de ces insectes, et \u00eatre le seul \u00e0 les attirer dans une pi\u00e8ce. Avez-vous vraiment la peau sucr\u00e9e comme vous vous en vantez ?<strong> \u00cates-vous vraiment en possession d&rsquo;une peau \u00e0 moustiques ? <\/strong>C&rsquo;est Marion Bettiol, r\u00e9dactrice en chef de <a href=\"https:\/\/www.purepeople.com\/article\/michel-cymes-le-grand-pari-du-dr-good_a342836\/1\" rel=\"nofollow noopener\" target=\"_blank\"><strong>Dr. Good<\/strong><\/a>, m\u00e9dia bien-\u00eatre \u00e0 succ\u00e8s sur les r\u00e9seaux sociaux, avec plus de 438k d&rsquo;abonn\u00e9s seulement sur Instagram, qui r\u00e9pond \u00e0 la question et met fin \u00e0 un mythe. \u00ab\u00a0Chaque \u00e9t\u00e9, tu te fais litt\u00e9ralement bouffer par les moustiques et tu te demandes pourquoi ? Je t&rsquo;explique\u00a0\u00bb, fait-elle savoir en d\u00e9but de vid\u00e9o.<\/p>\n<p>Elle explique ainsi : \u00ab\u00a0\u00c0 chaque fois c&rsquo;est la m\u00eame chose, pendant que tes potes passent tous une bonne soir\u00e9e, toi tu te tapes \u00e0 peu pr\u00e8s quinze piq\u00fbres. Mais pourquoi certaines personnes sont les victimes pr\u00e9f\u00e9r\u00e9es des moustiques ?\u00a0\u00bb Mais rapidement, l&rsquo;experte met un terme \u00e0 cette id\u00e9e. \u00ab\u00a0<strong>Alors d\u00e9j\u00e0, sache que \u00e7a n&rsquo;existe pas, une peau \u00e0 moustiques. Par contre, certains facteurs, c&rsquo;est vrai, peuvent faire de toi une proie de choix.<\/strong>\u00a0\u00bb Quels sont donc ces facteurs ? Elle en fait la liste : \u00ab\u00a0En premier, le CO2. Plus tu expires du dioxyde de carbone, quand tu fais du sport, quand tu bois de l&rsquo;alcool, ou quand t&rsquo;es enceinte par exemple, plus t&rsquo;as de &lsquo;chances&rsquo; de te faire piquer. En gros, il faut arr\u00eater de respirer.\u00a0\u00bb Puis vient l&rsquo;odeur. Alors non, rassurez-vous, il n&rsquo;est pas question ici de vous signifier que vous avez une mauvaise odeur. Pas du tout, \u00ab\u00a0mais les moustiques raffolent de la sueur et des diff\u00e9rents acides qui s&rsquo;en d\u00e9gagent\u00a0\u00bb.\u00a0<\/p>\n<p>La peau \u00e0 moustiques ? Un mythe expliqu\u00e9 par une experte de Dr. Good!<\/p>\n<p>Enfin, il existe un autre facteur qui entre en jeu, comme le souligne Marion Bettiol. La r\u00e9dactrice en chef de Dr. Good! confie : \u00ab\u00a0<strong>Et puis il y a aussi ton groupe sanguin. Le groupe O serait leur petit plat pr\u00e9f\u00e9r\u00e9<\/strong>. M\u00eame si \u00e7a d\u00e9pend aussi de ta g\u00e9n\u00e9tique.\u00a0\u00bb Enfin, \u00ab\u00a0<strong>dernier d\u00e9tail qui tue : les moustiques pr\u00e9f\u00e9reraient les v\u00eatements fonc\u00e9s<\/strong>\u00ab\u00a0. \u00ab\u00a0Donc, je r\u00e9capitule : il faut porter du clair, rester \u00e0 l&rsquo;ombre, ventilo \u00e0 fond, et surtout on \u00e9vite les ap\u00e9ros pr\u00e8s des eaux stagnantes. Ah, et tu savais qu&rsquo;\u00e9teindre la lumi\u00e8re ne sert \u00e0 rien si tu veux te prot\u00e9ger des moustiques ? Je t&rsquo;en parle dans une prochaine vid\u00e9o\u00a0\u00bb, conclut la journaliste. Quant aux personnes du groupe O, on vous souhaite de bonnes vacances quand m\u00eame.<\/p>\n","protected":false},"excerpt":{"rendered":"Par Ari Guardiola | Journaliste Si elle a bien fait son choix (\u00e9vident) entre Leo Messi et Cristiano&hellip;\n","protected":false},"author":2,"featured_media":293476,"comment_status":"","ping_status":"","sticky":false,"template":"","format":"standard","meta":{"footnotes":""},"categories":[10],"tags":[1011,27,72,71],"class_list":{"0":"post-293475","1":"post","2":"type-post","3":"status-publish","4":"format-standard","5":"has-post-thumbnail","7":"category-sante","8":"tag-fr","9":"tag-france","10":"tag-health","11":"tag-sante"},"share_on_mastodon":{"url":"https:\/\/pubeurope.com\/@fr\/114964676273084695","error":""},"_links":{"self":[{"href":"https:\/\/www.europesays.com\/fr\/wp-json\/wp\/v2\/posts\/293475","targetHints":{"allow":["GET"]}}],"collection":[{"href":"https:\/\/www.europesays.com\/fr\/wp-json\/wp\/v2\/posts"}],"about":[{"href":"https:\/\/www.europesays.com\/fr\/wp-json\/wp\/v2\/types\/post"}],"author":[{"embeddable":true,"href":"https:\/\/www.europesays.com\/fr\/wp-json\/wp\/v2\/users\/2"}],"replies":[{"embeddable":true,"href":"https:\/\/www.europesays.com\/fr\/wp-json\/wp\/v2\/comments?post=293475"}],"version-history":[{"count":0,"href":"https:\/\/www.europesays.com\/fr\/wp-json\/wp\/v2\/posts\/293475\/revisions"}],"wp:featuredmedia":[{"embeddable":true,"href":"https:\/\/www.europesays.com\/fr\/wp-json\/wp\/v2\/media\/293476"}],"wp:attachment":[{"href":"https:\/\/www.europesays.com\/fr\/wp-json\/wp\/v2\/media?parent=293475"}],"wp:term":[{"taxonomy":"category","embeddable":true,"href":"https:\/\/www.europesays.com\/fr\/wp-json\/wp\/v2\/categories?post=293475"},{"taxonomy":"post_tag","embeddable":true,"href":"https:\/\/www.europesays.com\/fr\/wp-json\/wp\/v2\/tags?post=293475"}],"curies":[{"name":"wp","href":"https:\/\/api.w.org\/{rel}","templated":true}]}}