{"id":293487,"date":"2025-08-03T11:53:10","date_gmt":"2025-08-03T11:53:10","guid":{"rendered":"https:\/\/www.europesays.com\/fr\/293487\/"},"modified":"2025-08-03T11:53:10","modified_gmt":"2025-08-03T11:53:10","slug":"sept-personnes-en-urgence-absolue","status":"publish","type":"post","link":"https:\/\/www.europesays.com\/fr\/293487\/","title":{"rendered":"sept personnes en urgence absolue"},"content":{"rendered":"<p>            Par<br \/>\n        <strong><br \/>\n            <a href=\"https:\/\/actu.fr\/auteur\/juliette-cardinale\" title=\"Consulter tous les articles de Juliette Cardinale\" rel=\"nofollow noopener\" target=\"_blank\">Juliette Cardinale<\/a><br \/>\n        <\/strong><\/p>\n<p>        Publi\u00e9 le<\/p>\n<p>            3 ao\u00fbt 2025 \u00e0 10h24        <\/p>\n<p>Ce samedi 2 ao\u00fbt 2025, deux voitures sont <strong>entr\u00e9es en collision<\/strong> en fin de journ\u00e9e <a href=\"https:\/\/actu.fr\/nouvelle-aquitaine\/saint-medard-en-jalles_33449\" rel=\"nofollow noopener\" target=\"_blank\">\u00e0 Saint-M\u00e9dard-en-Jalles,<\/a> en Gironde. L\u2019accident a fait neuf bless\u00e9s, dont sept en urgence absolue.<\/p>\n<p class=\" wall-content\">Le choc frontal a eu lieu sur la <strong>d\u00e9partementale 107,<\/strong> l\u2019avenue du temple, peu apr\u00e8s 18h30. Les sept victimes les plus gri\u00e8vement bless\u00e9es ont \u00e9t\u00e9 transport\u00e9es \u00e0 <a href=\"https:\/\/actu.fr\/tag\/chu-de-bordeaux\" rel=\"nofollow noopener\" target=\"_blank\">l\u2019h\u00f4pital Pellegrin,<\/a> les deux autres \u00e0 Bordeaux Nord.\u00a0<\/p>\n<p class=\" wall-content\">Selon les pompiers, plusieurs personnes de nationalit\u00e9 allemande ainsi que <strong>plusieurs enfants<\/strong> se trouvaient parmi les victimes.<\/p>\n<p class=\" wall-content\">Suivez toute l\u2019actualit\u00e9 de vos villes et m\u00e9dias favoris en vous inscrivant \u00e0 <a href=\"https:\/\/moncompte.actu.fr\" title=\"D\u00e9couvez Mon Actu\" rel=\"nofollow noopener\" data-trk=\"{&quot;cta&quot;:{&quot;action&quot;:&quot;https:\\\/\\\/moncompte.actu.fr&quot;,&quot;category&quot;:&quot;mon compte&quot;,&quot;from&quot;:&quot;article footer&quot;,&quot;name&quot;:&quot;Mon actu&quot;,&quot;type&quot;:&quot;cta&quot;}}\" target=\"_blank\">Mon Actu<\/a>.<\/p>\n","protected":false},"excerpt":{"rendered":"Par Juliette Cardinale Publi\u00e9 le 3 ao\u00fbt 2025 \u00e0 10h24 Ce samedi 2 ao\u00fbt 2025, deux voitures sont&hellip;\n","protected":false},"author":2,"featured_media":293488,"comment_status":"","ping_status":"","sticky":false,"template":"","format":"standard","meta":{"footnotes":""},"categories":[4],"tags":[119,11,118,1011,27,12,1311,25],"class_list":{"0":"post-293487","1":"post","2":"type-post","3":"status-publish","4":"format-standard","5":"has-post-thumbnail","7":"category-france","8":"tag-accident","9":"tag-actualites","10":"tag-faits-divers","11":"tag-fr","12":"tag-france","13":"tag-news","14":"tag-pompiers","15":"tag-republique-francaise"},"share_on_mastodon":{"url":"https:\/\/pubeurope.com\/@fr\/114964699794382137","error":""},"_links":{"self":[{"href":"https:\/\/www.europesays.com\/fr\/wp-json\/wp\/v2\/posts\/293487","targetHints":{"allow":["GET"]}}],"collection":[{"href":"https:\/\/www.europesays.com\/fr\/wp-json\/wp\/v2\/posts"}],"about":[{"href":"https:\/\/www.europesays.com\/fr\/wp-json\/wp\/v2\/types\/post"}],"author":[{"embeddable":true,"href":"https:\/\/www.europesays.com\/fr\/wp-json\/wp\/v2\/users\/2"}],"replies":[{"embeddable":true,"href":"https:\/\/www.europesays.com\/fr\/wp-json\/wp\/v2\/comments?post=293487"}],"version-history":[{"count":0,"href":"https:\/\/www.europesays.com\/fr\/wp-json\/wp\/v2\/posts\/293487\/revisions"}],"wp:featuredmedia":[{"embeddable":true,"href":"https:\/\/www.europesays.com\/fr\/wp-json\/wp\/v2\/media\/293488"}],"wp:attachment":[{"href":"https:\/\/www.europesays.com\/fr\/wp-json\/wp\/v2\/media?parent=293487"}],"wp:term":[{"taxonomy":"category","embeddable":true,"href":"https:\/\/www.europesays.com\/fr\/wp-json\/wp\/v2\/categories?post=293487"},{"taxonomy":"post_tag","embeddable":true,"href":"https:\/\/www.europesays.com\/fr\/wp-json\/wp\/v2\/tags?post=293487"}],"curies":[{"name":"wp","href":"https:\/\/api.w.org\/{rel}","templated":true}]}}