{"id":293498,"date":"2025-08-03T12:02:10","date_gmt":"2025-08-03T12:02:10","guid":{"rendered":"https:\/\/www.europesays.com\/fr\/293498\/"},"modified":"2025-08-03T12:02:10","modified_gmt":"2025-08-03T12:02:10","slug":"a-le-sage-lautier-et-marignan-letape-des-3m-a-perols-as","status":"publish","type":"post","link":"https:\/\/www.europesays.com\/fr\/293498\/","title":{"rendered":"\u00e0 \u00ab\u00a0Le Sage\u00a0\u00bb (Lautier) et Marignan l&rsquo;\u00e9tape des 3M \u00e0 P\u00e9rols (As)"},"content":{"rendered":"<p><strong>Entr\u00e9e\u00a0: Le plein.\u00a0Organisation\u00a0: Mairie.\u00a0Pr\u00e9sidence\u00a0: Joris Alvarez.\u00a0Raseteurs droitiers\u00a0: Marignan, Boukharta, Lopez, Chekade, Oukharti.\u00a0<a href=\"https:\/\/www.laprovence.com\/article\/region\/4084961174915814\/cocarde-dor-les-raseteurs-zekraoui-et-chekhade-celebres-a-arles\" target=\"_blank\" rel=\"noopener\">Raseteurs <\/a>gauchers\u00a0: Aliaga, Leal, El Mahboub.\u00a0Tourneurs\u00a0: Bensalah, Moine, Alarcon, Moutet.<\/strong><\/p>\n<p>Il y a eu de bons moments, avec des hauts et des bas, vendredi 1er ao\u00fbt \u00e0 <a href=\"https:\/\/www.laprovence.com\/herault\/perols-34198\" target=\"_blank\" rel=\"noopener\">P\u00e9rols<\/a>. Le premier \u00e0 se mettre en \u00e9vidence est Daniello. En 2e partie, c&rsquo;est Le Sage qui r\u00e9alise la meilleure prestation. Chez les <a href=\"https:\/\/www.laprovence.com\/article\/edition-arles\/3861501\/petit-abecedaire-de-la-course-camarguaise.html\" target=\"_blank\" rel=\"noopener\">raseteurs<\/a>, le travail est constant. Marignan remporte le prix mais il ne faut pas oublier Oukhati, Boukharta, Leal et El Mahboub qui ont bien contribu\u00e9 \u00e0 la course.<\/p>\n<p><strong>ARAMIS (Nicollin, N.036).-\u00a0<\/strong>D\u00e9j\u00e0 bien connu, il a l&rsquo;habitude de d\u00e9marrer les grosses comp\u00e9titions tranquillement, c&rsquo;est vraiment le cas de le dire. Il prend ce qui lui pla\u00eet, mais quand il vient, il ne fait pas semblant et est capable de jolis coups de barri\u00e8re. \u00c0 mi-course, aux ficelles, le rythme diminue et il devient moins coop\u00e9ratif. Il rentre 1 ficelle en silence.<\/p>\n<p><strong>DANIELLO (Blatiere, N.208).-\u00a0<\/strong>Un tr\u00e8s bon second qui trouve sa place devant le toril et ne va jamais en partir, le rythme reste \u00e9lev\u00e9. Il va se battre comme un diable du d\u00e9but \u00e0 la fin. Il accepte absolument tous les rasets et r\u00e9alise un nombre incalculable de coups de barri\u00e8re. Il rentre ses ficelles avec un Carmen plus que m\u00e9rit\u00e9.<\/p>\n<p><strong>PASTALEIRO (Robert Michel, N.613).-<\/strong> Avec vaillance et g\u00e9n\u00e9rosit\u00e9, il se livre bien sur le raset. Boukharta le met bien en \u00e9vidence mais le bi\u00f2u est gentil dans l&rsquo;ensemble, il n&rsquo;a pas encore le niveau des As. Il rentre au toril au bout de 9 mn avec le disque.<\/p>\n<p><strong>LE SAGE (Lautier, N.511).-\u00a0<\/strong>Apr\u00e8s quelques mn de flottement, il rentre dans sa course quand il r\u00e9alise une incroyable enferm\u00e9e sur Leal. Il l&rsquo;attrape par le t-shirt et il le placarde contre la barri\u00e8re.<\/p>\n<p>Les choses prennent de l&rsquo;ampleur et il devient ma\u00eetre de la piste en dominant et surveillant tous les d\u00e9parts. Il est capable d&rsquo;anticiper tr\u00e8s fort et de venir cornes aux planches. Sur une action, il manque de peu de coincer le pied de Marignan. Il rentre ses ficelles \u00e0 1 500 \u20ac avec un dernier Carmen.<\/p>\n<p><strong>BELENOS (Cuill\u00e9, N.111).-\u00a0<\/strong>Il n&rsquo;est pas forc\u00e9ment \u00e0 sa place en 5e. Les ann\u00e9es passent et Belenos n&rsquo;est plus le m\u00eame en ce jour. Il refuse beaucoup mais a eu quand m\u00eame de bonnes r\u00e9actions, surtout avec Boukharta. Il rentre 1 ficelle en silence.<\/p>\n<p><strong>VIZIR (Saumade, N.504).-<\/strong> Il est combatif. C&rsquo;est la noblesse sur le raset mais il a aussi un c\u00f4t\u00e9 de m\u00e9chancet\u00e9 \u00e0 la barri\u00e8re. Mais les hommes sont d\u00e9cha\u00een\u00e9s et mettent un terme \u00e0 sa course au bout de 8 mn avec le disque.<\/p>\n<p><strong>QUINSOUN (Lagarde, N.403).-<\/strong>\u00a0Il termine agr\u00e9ablement m\u00eame si sur le raset il est gentil et plein de bravoure. Il peut venir conclure \u00e0 la barri\u00e8re quand il sent l&rsquo;homme \u00e0 sa port\u00e9e. Il rentre 1 ficelle avec le disque.<\/p>\n<p>Troph\u00e9e des As\u00a0: El Mahboub (10), Marignan (9,5), Oukharti (6,5), Lopez (2).<\/p>\n","protected":false},"excerpt":{"rendered":"Entr\u00e9e\u00a0: Le plein.\u00a0Organisation\u00a0: Mairie.\u00a0Pr\u00e9sidence\u00a0: Joris Alvarez.\u00a0Raseteurs droitiers\u00a0: Marignan, Boukharta, Lopez, Chekade, Oukharti.\u00a0Raseteurs gauchers\u00a0: Aliaga, Leal, El Mahboub.\u00a0Tourneurs\u00a0: Bensalah,&hellip;\n","protected":false},"author":2,"featured_media":293499,"comment_status":"","ping_status":"","sticky":false,"template":"","format":"standard","meta":{"footnotes":""},"categories":[9599],"tags":[930,43343,17,1111,11,13912,6466,1777,674,1011,27,43345,2831,43344,2208,12,2680,25,16796],"class_list":{"0":"post-293498","1":"post","2":"type-post","3":"status-publish","4":"format-standard","5":"has-post-thumbnail","7":"category-montpellier","8":"tag-le","9":"tag-lautier","10":"tag-17","11":"tag-actu","12":"tag-actualites","13":"tag-camarguaise","14":"tag-course","15":"tag-eu","16":"tag-europe","17":"tag-fr","18":"tag-france","19":"tag-letape","20":"tag-loisirs-traditions","21":"tag-marignan","22":"tag-montpellier","23":"tag-news","24":"tag-occitanie","25":"tag-republique-francaise","26":"tag-sage"},"share_on_mastodon":{"url":"https:\/\/pubeurope.com\/@fr\/114964735161232659","error":""},"_links":{"self":[{"href":"https:\/\/www.europesays.com\/fr\/wp-json\/wp\/v2\/posts\/293498","targetHints":{"allow":["GET"]}}],"collection":[{"href":"https:\/\/www.europesays.com\/fr\/wp-json\/wp\/v2\/posts"}],"about":[{"href":"https:\/\/www.europesays.com\/fr\/wp-json\/wp\/v2\/types\/post"}],"author":[{"embeddable":true,"href":"https:\/\/www.europesays.com\/fr\/wp-json\/wp\/v2\/users\/2"}],"replies":[{"embeddable":true,"href":"https:\/\/www.europesays.com\/fr\/wp-json\/wp\/v2\/comments?post=293498"}],"version-history":[{"count":0,"href":"https:\/\/www.europesays.com\/fr\/wp-json\/wp\/v2\/posts\/293498\/revisions"}],"wp:featuredmedia":[{"embeddable":true,"href":"https:\/\/www.europesays.com\/fr\/wp-json\/wp\/v2\/media\/293499"}],"wp:attachment":[{"href":"https:\/\/www.europesays.com\/fr\/wp-json\/wp\/v2\/media?parent=293498"}],"wp:term":[{"taxonomy":"category","embeddable":true,"href":"https:\/\/www.europesays.com\/fr\/wp-json\/wp\/v2\/categories?post=293498"},{"taxonomy":"post_tag","embeddable":true,"href":"https:\/\/www.europesays.com\/fr\/wp-json\/wp\/v2\/tags?post=293498"}],"curies":[{"name":"wp","href":"https:\/\/api.w.org\/{rel}","templated":true}]}}