{"id":293502,"date":"2025-08-03T12:05:07","date_gmt":"2025-08-03T12:05:07","guid":{"rendered":"https:\/\/www.europesays.com\/fr\/293502\/"},"modified":"2025-08-03T12:05:07","modified_gmt":"2025-08-03T12:05:07","slug":"fin-de-la-renovation-de-la-cite-administrative-saint-sever-les-services-de-letat-emmenagent-actualites","status":"publish","type":"post","link":"https:\/\/www.europesays.com\/fr\/293502\/","title":{"rendered":"Fin de la r\u00e9novation de la Cit\u00e9 Administrative Saint-Sever\u00a0: les services de l\u2019\u00c9tat emm\u00e9nagent\u00a0! &#8211; Actualit\u00e9s"},"content":{"rendered":"<p><b>Le 2 d\u00e9cembre 2019, le pr\u00e9fet de la r\u00e9gion Normandie, pr\u00e9fet de la Seine-Maritime, signait le march\u00e9 de conception-r\u00e9alisation pour la r\u00e9novation de la Cit\u00e9 St-Sever, avec Bouygues B\u00e2timent Grand Ouest. La r\u00e9novation de la Cit\u00e9 administrative Saint-Sever int\u00e8gre l\u2019\u00e9volution des modalit\u00e9s du travail et poursuit trois principaux objectifs\u00a0:<\/b><\/p>\n<p>\n\u2705 offrir des conditions optimales de qualit\u00e9 de vie au travail et d\u2019accueil du public\u00a0;<br \/>\u2705 am\u00e9liorer la performance \u00e9nerg\u00e9tique et thermique des b\u00e2timents\u00a0;<br \/>\u2705 optimiser les espaces occup\u00e9s par les services de l\u2019\u00c9tat.<\/p>\n<p>Construite \u00e0 partir des ann\u00e9es 1960, la Cit\u00e9 administrative n\u2019avait pas connu de r\u00e9novation structurante depuis.<\/p>\n<p>Suite \u00e0 la r\u00e9ception et \u00e0 l\u2019am\u00e9nagement d\u00e9finitifs des b\u00e2timents, les services de l\u2019\u00c9tat ont pu commencer \u00e0 s\u2019installer dans leurs nouveaux locaux au mois d\u2019octobre 2024.<\/p>\n<p><b>Vous pourrez retrouver au sein de la Cit\u00e9 Administrative 13 directions de l\u2019\u00c9tat, r\u00e9gionales ou d\u00e9partementales\u00a0:<\/b><\/p>\n","protected":false},"excerpt":{"rendered":"Le 2 d\u00e9cembre 2019, le pr\u00e9fet de la r\u00e9gion Normandie, pr\u00e9fet de la Seine-Maritime, signait le march\u00e9 de&hellip;\n","protected":false},"author":2,"featured_media":293503,"comment_status":"","ping_status":"","sticky":false,"template":"","format":"standard","meta":{"footnotes":""},"categories":[9587],"tags":[1111,11,1777,674,1011,27,12,5161,25,9590],"class_list":{"0":"post-293502","1":"post","2":"type-post","3":"status-publish","4":"format-standard","5":"has-post-thumbnail","7":"category-rouen","8":"tag-actu","9":"tag-actualites","10":"tag-eu","11":"tag-europe","12":"tag-fr","13":"tag-france","14":"tag-news","15":"tag-normandie","16":"tag-republique-francaise","17":"tag-rouen"},"share_on_mastodon":{"url":"https:\/\/pubeurope.com\/@fr\/114964746889777250","error":""},"_links":{"self":[{"href":"https:\/\/www.europesays.com\/fr\/wp-json\/wp\/v2\/posts\/293502","targetHints":{"allow":["GET"]}}],"collection":[{"href":"https:\/\/www.europesays.com\/fr\/wp-json\/wp\/v2\/posts"}],"about":[{"href":"https:\/\/www.europesays.com\/fr\/wp-json\/wp\/v2\/types\/post"}],"author":[{"embeddable":true,"href":"https:\/\/www.europesays.com\/fr\/wp-json\/wp\/v2\/users\/2"}],"replies":[{"embeddable":true,"href":"https:\/\/www.europesays.com\/fr\/wp-json\/wp\/v2\/comments?post=293502"}],"version-history":[{"count":0,"href":"https:\/\/www.europesays.com\/fr\/wp-json\/wp\/v2\/posts\/293502\/revisions"}],"wp:featuredmedia":[{"embeddable":true,"href":"https:\/\/www.europesays.com\/fr\/wp-json\/wp\/v2\/media\/293503"}],"wp:attachment":[{"href":"https:\/\/www.europesays.com\/fr\/wp-json\/wp\/v2\/media?parent=293502"}],"wp:term":[{"taxonomy":"category","embeddable":true,"href":"https:\/\/www.europesays.com\/fr\/wp-json\/wp\/v2\/categories?post=293502"},{"taxonomy":"post_tag","embeddable":true,"href":"https:\/\/www.europesays.com\/fr\/wp-json\/wp\/v2\/tags?post=293502"}],"curies":[{"name":"wp","href":"https:\/\/api.w.org\/{rel}","templated":true}]}}