{"id":293509,"date":"2025-08-03T12:16:11","date_gmt":"2025-08-03T12:16:11","guid":{"rendered":"https:\/\/www.europesays.com\/fr\/293509\/"},"modified":"2025-08-03T12:16:11","modified_gmt":"2025-08-03T12:16:11","slug":"benfica-nice-sera-diffuse-en-per-per-view-france-nice","status":"publish","type":"post","link":"https:\/\/www.europesays.com\/fr\/293509\/","title":{"rendered":"Benfica-Nice sera diffus\u00e9 en per-per-view &#8211; France &#8211; Nice"},"content":{"rendered":"<p>Les supporters ne sont pas des vaches \u00e0 lait, \u00e9pisode n\u00b0136.<\/p>\n<p>Pour regarder le tr\u00e8s all\u00e9chant troisi\u00e8me tour pr\u00e9liminaire de Ligue des champions entre Benfica et l\u2019OGC Nice les <strong>6 et 12 ao\u00fbt prochain<\/strong>, pas le choix, il faudra raquer. Alors que Canal+ reste le diffuseur exclusif de la C1 en France, son contrat ne d\u00e9bute qu\u2019\u00e0 partir des\u00a0<strong>barrages<\/strong>, soit la derni\u00e8re \u00e9tape avant la phase de groupe, pr\u00e9vue les 19 et 20, puis 26 et 27 ao\u00fbt. La cha\u00eene crypt\u00e9e n\u2019ayant pas pas fait d\u2019offre pour l\u2019Aiglonico, Benfica-Nice sera donc diffus\u00e9 <strong>en ligne et \u00e0 la demande<\/strong>.<\/p>\n<p><strong>16 balles l\u2019aller-retour<\/strong><\/p>\n<p>Pour suivre la rencontre, il faudra se rendre sur la plateforme su\u00e9doise <strong>solidsport.com,\u00a0<\/strong>normalement plus habitu\u00e9e \u00e0 diffuser du foot-golf, du badminton et du handball de plage. Le tarif ? 7,95\u20ac, soit 15,9\u20ac pour l\u2019aller-retour. Toujours moins cher qu\u2019un city-trip \u00e0 Lisbonne et la seule solution restante pour les supporters ni\u00e7ois n\u2019ayant pas encore pris leur billet pour le match retour \u00e0 l\u2019Allianz Riviera. Depuis que le Gym a annonc\u00e9 en <a target=\"_blank\" href=\"https:\/\/www.ogcnice.com\/fr\/article\/128824\/une-jauge-a-27000-pour-dynamiser-laffluence.html\" rel=\"nofollow noopener\">r\u00e9duire sa capacit\u00e9 \u00e0 27 000 places<\/a> dans le but avou\u00e9 de <strong>\u00ab\u202fdynamiser l\u2019affluence\u00a0\u00bb,\u00a0<\/strong>la rencontre est annonc\u00e9e \u00e0 guichets ferm\u00e9s.<\/p>\n<p>Payer pour voir, \u00e7a fait penser \u00e0 une partie de poker. En esp\u00e9rant pour les Aiglons qu\u2019ils auront une bonne main.<\/p>\n<p>\t\t\t\t\t\t\t\t\t\t<a class=\"lien-connexe\" href=\"https:\/\/www.sofoot.com\/breves\/canal-trolle-ligue-1-pour-le-lancement-de-la-saison\" rel=\"nofollow noopener\" target=\"_blank\">Canal+ trolle Ligue 1+ pour le lancement de la saison<\/a>\t\t\t\t\t<\/p>\n","protected":false},"excerpt":{"rendered":"Les supporters ne sont pas des vaches \u00e0 lait, \u00e9pisode n\u00b0136. Pour regarder le tr\u00e8s all\u00e9chant troisi\u00e8me tour&hellip;\n","protected":false},"author":2,"featured_media":293510,"comment_status":"","ping_status":"","sticky":false,"template":"","format":"standard","meta":{"footnotes":""},"categories":[2819],"tags":[1111,47,11,61,69,65,64,1777,674,63,1011,27,68,66,12,62,2401,70,882,25,67],"class_list":{"0":"post-293509","1":"post","2":"type-post","3":"status-publish","4":"format-standard","5":"has-post-thumbnail","7":"category-nice","8":"tag-actu","9":"tag-actualite","10":"tag-actualites","11":"tag-actus-football","12":"tag-bundesliga","13":"tag-championnats-europeens","14":"tag-equipe-de-france","15":"tag-eu","16":"tag-europe","17":"tag-football","18":"tag-fr","19":"tag-france","20":"tag-ligua","21":"tag-ligue-1","22":"tag-news","23":"tag-news-foot","24":"tag-nice","25":"tag-premier-league","26":"tag-provence-alpes-cote-dazur","27":"tag-republique-francaise","28":"tag-serie-a"},"share_on_mastodon":{"url":"https:\/\/pubeurope.com\/@fr\/114964790313939791","error":""},"_links":{"self":[{"href":"https:\/\/www.europesays.com\/fr\/wp-json\/wp\/v2\/posts\/293509","targetHints":{"allow":["GET"]}}],"collection":[{"href":"https:\/\/www.europesays.com\/fr\/wp-json\/wp\/v2\/posts"}],"about":[{"href":"https:\/\/www.europesays.com\/fr\/wp-json\/wp\/v2\/types\/post"}],"author":[{"embeddable":true,"href":"https:\/\/www.europesays.com\/fr\/wp-json\/wp\/v2\/users\/2"}],"replies":[{"embeddable":true,"href":"https:\/\/www.europesays.com\/fr\/wp-json\/wp\/v2\/comments?post=293509"}],"version-history":[{"count":0,"href":"https:\/\/www.europesays.com\/fr\/wp-json\/wp\/v2\/posts\/293509\/revisions"}],"wp:featuredmedia":[{"embeddable":true,"href":"https:\/\/www.europesays.com\/fr\/wp-json\/wp\/v2\/media\/293510"}],"wp:attachment":[{"href":"https:\/\/www.europesays.com\/fr\/wp-json\/wp\/v2\/media?parent=293509"}],"wp:term":[{"taxonomy":"category","embeddable":true,"href":"https:\/\/www.europesays.com\/fr\/wp-json\/wp\/v2\/categories?post=293509"},{"taxonomy":"post_tag","embeddable":true,"href":"https:\/\/www.europesays.com\/fr\/wp-json\/wp\/v2\/tags?post=293509"}],"curies":[{"name":"wp","href":"https:\/\/api.w.org\/{rel}","templated":true}]}}