{"id":293519,"date":"2025-08-03T12:21:09","date_gmt":"2025-08-03T12:21:09","guid":{"rendered":"https:\/\/www.europesays.com\/fr\/293519\/"},"modified":"2025-08-03T12:21:09","modified_gmt":"2025-08-03T12:21:09","slug":"toulouse-cette-station-tres-frequentee-de-la-ligne-b-ferme-pendant-plusieurs-semaines","status":"publish","type":"post","link":"https:\/\/www.europesays.com\/fr\/293519\/","title":{"rendered":"Toulouse. Cette station tr\u00e8s fr\u00e9quent\u00e9e de la ligne B ferme pendant plusieurs semaines"},"content":{"rendered":"<p>            Par<br \/>\n        <strong><br \/>\n            <a href=\"https:\/\/actu.fr\/auteur\/mareva-laville-actu-fr\" title=\"Consulter tous les articles de Mar\u00e9va Laville\" target=\"_blank\" rel=\"noopener\">Mar\u00e9va Laville<\/a><br \/>\n        <\/strong><\/p>\n<p>        Publi\u00e9 le<\/p>\n<p>            3 ao\u00fbt 2025 \u00e0 13h12        <\/p>\n<p>Gare aux habitudes qui ont la vie dure. Car ce lundi 4\u00a0ao\u00fbt 2025, il y aura du changement sur la<strong> ligne B du m\u00e9tro de Toulouse.<\/strong> <a href=\"https:\/\/actu.fr\/occitanie\/toulouse_31555\/toulouse-tisseo-est-le-3e-reseau-de-transport-en-commun-le-plus-frequente-de-france-c-est-historique_62953516.html\" target=\"_blank\" rel=\"noopener\">L\u2019une de ses stations les plus fr\u00e9quent\u00e9es<\/a> va fermer pendant pr\u00e8s d\u2019un mois.<\/p>\n<p>3 semaines de fermeture compl\u00e8te<\/p>\n<p class=\" wall-content\"><strong>Du 4 au 25 ao\u00fbt 2025<\/strong>, l<strong>\u2019arr\u00eat Compans-Caffarelli<\/strong> va \u00eatre inaccessible. M\u00e9tro tout simplement ferm\u00e9. Comme <a href=\"https:\/\/actu.fr\/occitanie\/toulouse_31555\/toulouse-cette-station-de-metro-tres-frequentee-va-etre-fermee-pendant-trois-semaines-cet-ete_62889828.html\" target=\"_blank\" rel=\"noopener\">vous l\u2019annon\u00e7ait le mois dernier Actu Toulouse,<\/a> la raison de cette fermeture se trouve dans les <strong>escalators<\/strong> que Tiss\u00e9o change depuis le mois de juillet.<\/p>\n<p>    <a href=\"https:\/\/www.google.com\/maps\/embed?pb=!1m18!1m12!1m3!1d5777.594211220037!2d1.433094311979675!3d43.61076597098368!2m3!1f0!2f0!3f0!3m2!1i1024!2i768!4f13.1!3m3!1m2!1s0x12aebb5d6cd0ff5b%3A0xb7ad55a895ddb3f3!2sCompans-Caffarelli!5e0!3m2!1sfr!2sfr!4v1754154796068!5m2!1sfr!2sfr\" title=\"Ouvrie le lien\" target=\"_blank\" rel=\"noopener\">Cliquez ici pour visualiser le contenu<\/a><\/p>\n<p class=\" wall-content\">Si durant les pr\u00e9c\u00e9dentes semaines, seul l\u2019acc\u00e8s aux escaliers m\u00e9caniques \u00e9tait condamn\u00e9, cette fois, c\u2019est l\u2019int\u00e9gralit\u00e9 de la station afin de \u00ab<strong>\u2009finaliser les travaux<\/strong> en toute s\u00e9curit\u00e9\u2009\u00bb.<\/p>\n<p class=\" wall-content\">Le chantier durera jusqu\u2019au 25\u00a0ao\u00fbt, date \u00e0 partir de laquelle la station sera de nouveau op\u00e9rationnelle.<\/p>\n<p>77 escalators chang\u00e9s sur la ligne B<\/p>\n<p class=\" wall-content\">Pour rappel, Tiss\u00e9o renouvelle l\u2019ensemble de ses <strong>77 escaliers m\u00e9caniques<\/strong> de sa ligne B <strong>d\u2019ici \u00e0 2026<\/strong>.<\/p>\n<p>Vid\u00e9os : en ce moment sur Actu<\/p>\n<p class=\" wall-content\">\u00ab\u2009Cette <a href=\"https:\/\/actu.fr\/occitanie\/toulouse_31555\/toulouse-des-travaux-de-renovations-debutent-aujourd-hui-dans-cette-station-de-metro_62108558.html\" target=\"_blank\" rel=\"noopener\">op\u00e9ration de grande envergure<\/a> est \u00e9chelonn\u00e9e station par station afin de limiter les nuisances sur les voyageurs. Chaque chantier station dure en moyenne entre 3 et 5\u00a0mois. Les stations seront compl\u00e8tement ferm\u00e9es entre 2 et 5 semaines selon leur configuration\u2009\u00bb, explique le r\u00e9seau de transport en commun.<\/p>\n<p>Deux autres stations en cours de chantier<\/p>\n<p class=\" wall-content\">Actuellement, deux autres stations sont en chantier, bien qu\u2019elles restent ouvertes. La remise en service des escalators de la<strong> station canal du Midi<\/strong> est pr\u00e9vue le 18\u00a0ao\u00fbt 2025 et ceux de <strong>Jean-Jaur\u00e8s<\/strong> pour novembre\u00a02025.<\/p>\n<p class=\" wall-content\">Les travaux de La Vache se sont quant \u00e0 eux achev\u00e9s en juillet et l\u2019op\u00e9ration sur la <strong>station de Saouzelong d\u00e9butera le 19\u00a0septembre.<\/strong><\/p>\n<p class=\" wall-content\">Suivez toute l\u2019actualit\u00e9 de vos villes et m\u00e9dias favoris en vous inscrivant \u00e0 <a href=\"https:\/\/moncompte.actu.fr\" title=\"D\u00e9couvez Mon Actu\" rel=\"nofollow noopener\" data-trk=\"{&quot;cta&quot;:{&quot;action&quot;:&quot;https:\\\/\\\/moncompte.actu.fr&quot;,&quot;category&quot;:&quot;mon compte&quot;,&quot;from&quot;:&quot;article footer&quot;,&quot;name&quot;:&quot;Mon actu&quot;,&quot;type&quot;:&quot;cta&quot;}}\" target=\"_blank\">Mon Actu<\/a>.<\/p>\n<ul class=\"ac-article-tag wall-content\">\n<li><a href=\"https:\/\/actu.fr\/tag\/metro-de-toulouse\" data-trk=\"{&quot;cta&quot;:{&quot;action&quot;:&quot;M\\u00e9tro de Toulouse&quot;,&quot;category&quot;:&quot;tag&quot;,&quot;from&quot;:&quot;article footer&quot;,&quot;name&quot;:&quot;M\\u00e9tro de Toulouse&quot;,&quot;type&quot;:&quot;cta&quot;}}\" target=\"_blank\" rel=\"noopener\">#M\u00e9tro de Toulouse<\/a><\/li>\n<li><a href=\"https:\/\/actu.fr\/tag\/tisseo\" data-trk=\"{&quot;cta&quot;:{&quot;action&quot;:&quot;Tiss\\u00e9o&quot;,&quot;category&quot;:&quot;tag&quot;,&quot;from&quot;:&quot;article footer&quot;,&quot;name&quot;:&quot;Tiss\\u00e9o&quot;,&quot;type&quot;:&quot;cta&quot;}}\" target=\"_blank\" rel=\"noopener\">#Tiss\u00e9o<\/a><\/li>\n<\/ul>\n","protected":false},"excerpt":{"rendered":"Par Mar\u00e9va Laville Publi\u00e9 le 3 ao\u00fbt 2025 \u00e0 13h12 Gare aux habitudes qui ont la vie dure.&hellip;\n","protected":false},"author":2,"featured_media":293520,"comment_status":"","ping_status":"","sticky":false,"template":"","format":"standard","meta":{"footnotes":""},"categories":[2816],"tags":[1111,11,1777,674,1011,27,10596,12,2680,25,104,5400,2312],"class_list":{"0":"post-293519","1":"post","2":"type-post","3":"status-publish","4":"format-standard","5":"has-post-thumbnail","7":"category-toulouse","8":"tag-actu","9":"tag-actualites","10":"tag-eu","11":"tag-europe","12":"tag-fr","13":"tag-france","14":"tag-metro-de-toulouse","15":"tag-news","16":"tag-occitanie","17":"tag-republique-francaise","18":"tag-societe","19":"tag-tisseo","20":"tag-toulouse"},"share_on_mastodon":{"url":"https:\/\/pubeurope.com\/@fr\/114964810005128462","error":""},"_links":{"self":[{"href":"https:\/\/www.europesays.com\/fr\/wp-json\/wp\/v2\/posts\/293519","targetHints":{"allow":["GET"]}}],"collection":[{"href":"https:\/\/www.europesays.com\/fr\/wp-json\/wp\/v2\/posts"}],"about":[{"href":"https:\/\/www.europesays.com\/fr\/wp-json\/wp\/v2\/types\/post"}],"author":[{"embeddable":true,"href":"https:\/\/www.europesays.com\/fr\/wp-json\/wp\/v2\/users\/2"}],"replies":[{"embeddable":true,"href":"https:\/\/www.europesays.com\/fr\/wp-json\/wp\/v2\/comments?post=293519"}],"version-history":[{"count":0,"href":"https:\/\/www.europesays.com\/fr\/wp-json\/wp\/v2\/posts\/293519\/revisions"}],"wp:featuredmedia":[{"embeddable":true,"href":"https:\/\/www.europesays.com\/fr\/wp-json\/wp\/v2\/media\/293520"}],"wp:attachment":[{"href":"https:\/\/www.europesays.com\/fr\/wp-json\/wp\/v2\/media?parent=293519"}],"wp:term":[{"taxonomy":"category","embeddable":true,"href":"https:\/\/www.europesays.com\/fr\/wp-json\/wp\/v2\/categories?post=293519"},{"taxonomy":"post_tag","embeddable":true,"href":"https:\/\/www.europesays.com\/fr\/wp-json\/wp\/v2\/tags?post=293519"}],"curies":[{"name":"wp","href":"https:\/\/api.w.org\/{rel}","templated":true}]}}