{"id":293524,"date":"2025-08-03T12:25:09","date_gmt":"2025-08-03T12:25:09","guid":{"rendered":"https:\/\/www.europesays.com\/fr\/293524\/"},"modified":"2025-08-03T12:25:09","modified_gmt":"2025-08-03T12:25:09","slug":"une-etude-pour-mieux-connaitre-le-phenomene","status":"publish","type":"post","link":"https:\/\/www.europesays.com\/fr\/293524\/","title":{"rendered":"une \u00e9tude pour mieux conna\u00eetre le ph\u00e9nom\u00e8ne"},"content":{"rendered":"<p>Le constat est implacable, l\u2019Huveaune, le plus important fleuve qui traverse Marseille, est pollu\u00e9 au plastique. \u00ab\u00a0Les donn\u00e9es r\u00e9v\u00e8lent une surrepr\u00e9sentation des plastiques, en particulier les emballages et objets \u00e0 usage unique, ce qui refl\u00e8te les habitudes de consommation et le manque d\u2019infrastructures de gestion des d\u00e9chets dans certaines zones urbaines\u00a0\u00bb, pose un rapport de plusieurs scientifiques d\u2019Aix-Marseille Universit\u00e9 (AMU), issus de l\u2019Institut des sciences de l\u2019oc\u00e9an ou du <a href=\"https:\/\/www.laprovence.com\/article\/echoplanete\/3929710\/le-cerege-deja-vingt-ans-au-chevet-de-la-planete-terre.html\" target=\"_blank\" rel=\"noopener\">Cerege<\/a> (Centre de recherche et d\u2019enseignement en g\u00e9osciences de l\u2019environnement). <a href=\"https:\/\/www.laprovence.com\/article\/ecoplanete\/24863032956509\/marseille-face-a-la-pollution-de-l-eau-des-filets-immerges-dans-l-huveaune-pour-traquer-les-plastiques\" target=\"_blank\" rel=\"noopener\">Au printemps\u00a02024<\/a>, plusieurs filets de r\u00e9tention avaient \u00e9t\u00e9 install\u00e9s en cinq points le long de l\u2019Huveaune\u00a0: \u00e0 Aubagne, \u00e0 Saint-Marcel (11e), et \u00e0 Saint-Loup (10e).<\/p>\n","protected":false},"excerpt":{"rendered":"Le constat est implacable, l\u2019Huveaune, le plus important fleuve qui traverse Marseille, est pollu\u00e9 au plastique. \u00ab\u00a0Les donn\u00e9es&hellip;\n","protected":false},"author":2,"featured_media":293525,"comment_status":"","ping_status":"","sticky":false,"template":"","format":"standard","meta":{"footnotes":""},"categories":[2814],"tags":[17,1111,11,1446,7078,1777,674,1011,27,36537,884,32557,12,6579,471,882,16,25,96],"class_list":{"0":"post-293524","1":"post","2":"type-post","3":"status-publish","4":"format-standard","5":"has-post-thumbnail","7":"category-marseille","8":"tag-17","9":"tag-actu","10":"tag-actualites","11":"tag-dans","12":"tag-etude","13":"tag-eu","14":"tag-europe","15":"tag-fr","16":"tag-france","17":"tag-lhuveaune","18":"tag-marseille","19":"tag-mieux","20":"tag-news","21":"tag-plastique","22":"tag-pour","23":"tag-provence-alpes-cote-dazur","24":"tag-region","25":"tag-republique-francaise","26":"tag-une"},"share_on_mastodon":{"url":"https:\/\/pubeurope.com\/@fr\/114964825594088143","error":""},"_links":{"self":[{"href":"https:\/\/www.europesays.com\/fr\/wp-json\/wp\/v2\/posts\/293524","targetHints":{"allow":["GET"]}}],"collection":[{"href":"https:\/\/www.europesays.com\/fr\/wp-json\/wp\/v2\/posts"}],"about":[{"href":"https:\/\/www.europesays.com\/fr\/wp-json\/wp\/v2\/types\/post"}],"author":[{"embeddable":true,"href":"https:\/\/www.europesays.com\/fr\/wp-json\/wp\/v2\/users\/2"}],"replies":[{"embeddable":true,"href":"https:\/\/www.europesays.com\/fr\/wp-json\/wp\/v2\/comments?post=293524"}],"version-history":[{"count":0,"href":"https:\/\/www.europesays.com\/fr\/wp-json\/wp\/v2\/posts\/293524\/revisions"}],"wp:featuredmedia":[{"embeddable":true,"href":"https:\/\/www.europesays.com\/fr\/wp-json\/wp\/v2\/media\/293525"}],"wp:attachment":[{"href":"https:\/\/www.europesays.com\/fr\/wp-json\/wp\/v2\/media?parent=293524"}],"wp:term":[{"taxonomy":"category","embeddable":true,"href":"https:\/\/www.europesays.com\/fr\/wp-json\/wp\/v2\/categories?post=293524"},{"taxonomy":"post_tag","embeddable":true,"href":"https:\/\/www.europesays.com\/fr\/wp-json\/wp\/v2\/tags?post=293524"}],"curies":[{"name":"wp","href":"https:\/\/api.w.org\/{rel}","templated":true}]}}