{"id":293527,"date":"2025-08-03T12:27:10","date_gmt":"2025-08-03T12:27:10","guid":{"rendered":"https:\/\/www.europesays.com\/fr\/293527\/"},"modified":"2025-08-03T12:27:10","modified_gmt":"2025-08-03T12:27:10","slug":"lyon-elle-se-fait-arracher-sa-chaine-en-pleine-rue","status":"publish","type":"post","link":"https:\/\/www.europesays.com\/fr\/293527\/","title":{"rendered":"Lyon. Elle se fait arracher sa cha\u00eene en pleine rue"},"content":{"rendered":"<p>Les vols avec violence de cha\u00eenes en or <a href=\"https:\/\/www.leprogres.fr\/faits-divers-justice\/2025\/07\/26\/augmentation-des-arrachages-de-colliers-nous-sommes-victimes-d-avoir-le-cou-denude\" target=\"_blank\" rel=\"noopener\">sont en pleine recrudescence cet \u00e9t\u00e9<\/a> \u00e0 Lyon mais aussi dans toute l\u2019agglom\u00e9ration. Samedi encore, une jeune femme a \u00e9t\u00e9 agress\u00e9e dans le 6e\u00a0 arrondissement. Peu avant 18 heures, elle marchait rue Bossuet quand un voleur lui a arrach\u00e9 son bijou avant de prendre la fuite. Il a \u00e9t\u00e9 interpell\u00e9 peu de temps apr\u00e8s par les policiers.<\/p>\n<p>  Plac\u00e9 en garde \u00e0 vue<\/p>\n<p>De nationalit\u00e9 alg\u00e9rienne et en situation irr\u00e9guli\u00e8re sur le territoire fran\u00e7ais, cet homme d\u2019une vingtaine d\u2019ann\u00e9es a \u00e9t\u00e9 plac\u00e9 en garde \u00e0 vue.<\/p>\n<p>La semaine derni\u00e8re, <a href=\"https:\/\/www.leprogres.fr\/faits-divers-justice\/2025\/07\/27\/un-homme-arrete-apres-un-vol-de-collier-commis-de-nuit-sous-la-menace-d-un-couteau\" target=\"_blank\" rel=\"noopener\"> un voleur arm\u00e9 d\u2019un couteau avait s\u00e9vi<\/a> dans le 6e, place Mar\u00e9chal-Lyautey. Il avait \u00e9t\u00e9 arr\u00eat\u00e9 au niveau du pont Morand (Lyon 1er et 6e ). Son complice \u00e9tait parvenu \u00e0 prendre la fuite.<\/p>\n","protected":false},"excerpt":{"rendered":"Les vols avec violence de cha\u00eenes en or sont en pleine recrudescence cet \u00e9t\u00e9 \u00e0 Lyon mais aussi&hellip;\n","protected":false},"author":2,"featured_media":293528,"comment_status":"","ping_status":"","sticky":false,"template":"","format":"standard","meta":{"footnotes":""},"categories":[1889],"tags":[1111,11,2430,271,272,2757,1777,674,274,1011,27,2428,2756,12,25,2429],"class_list":{"0":"post-293527","1":"post","2":"type-post","3":"status-publish","4":"format-standard","5":"has-post-thumbnail","7":"category-lyon","8":"tag-actu","9":"tag-actualites","10":"tag-auvergne-rhone-alpes","11":"tag-crime","12":"tag-delit-et-contravention","13":"tag-edition-lyon-villeurbanne","14":"tag-eu","15":"tag-europe","16":"tag-faits-divers-justice","17":"tag-fr","18":"tag-france","19":"tag-lyon","20":"tag-lyon-bassin","21":"tag-news","22":"tag-republique-francaise","23":"tag-rhone"},"share_on_mastodon":{"url":"https:\/\/pubeurope.com\/@fr\/114964833506475204","error":""},"_links":{"self":[{"href":"https:\/\/www.europesays.com\/fr\/wp-json\/wp\/v2\/posts\/293527","targetHints":{"allow":["GET"]}}],"collection":[{"href":"https:\/\/www.europesays.com\/fr\/wp-json\/wp\/v2\/posts"}],"about":[{"href":"https:\/\/www.europesays.com\/fr\/wp-json\/wp\/v2\/types\/post"}],"author":[{"embeddable":true,"href":"https:\/\/www.europesays.com\/fr\/wp-json\/wp\/v2\/users\/2"}],"replies":[{"embeddable":true,"href":"https:\/\/www.europesays.com\/fr\/wp-json\/wp\/v2\/comments?post=293527"}],"version-history":[{"count":0,"href":"https:\/\/www.europesays.com\/fr\/wp-json\/wp\/v2\/posts\/293527\/revisions"}],"wp:featuredmedia":[{"embeddable":true,"href":"https:\/\/www.europesays.com\/fr\/wp-json\/wp\/v2\/media\/293528"}],"wp:attachment":[{"href":"https:\/\/www.europesays.com\/fr\/wp-json\/wp\/v2\/media?parent=293527"}],"wp:term":[{"taxonomy":"category","embeddable":true,"href":"https:\/\/www.europesays.com\/fr\/wp-json\/wp\/v2\/categories?post=293527"},{"taxonomy":"post_tag","embeddable":true,"href":"https:\/\/www.europesays.com\/fr\/wp-json\/wp\/v2\/tags?post=293527"}],"curies":[{"name":"wp","href":"https:\/\/api.w.org\/{rel}","templated":true}]}}