{"id":293537,"date":"2025-08-03T12:34:17","date_gmt":"2025-08-03T12:34:17","guid":{"rendered":"https:\/\/www.europesays.com\/fr\/293537\/"},"modified":"2025-08-03T12:34:17","modified_gmt":"2025-08-03T12:34:17","slug":"borgo-dechaine-le-racing-cff-pioche-chez-un-rival-off","status":"publish","type":"post","link":"https:\/\/www.europesays.com\/fr\/293537\/","title":{"rendered":"Borgo d\u00e9cha\u00een\u00e9, le Racing CFF pioche chez un rival (off)"},"content":{"rendered":"<p>Zapping Foot National Coupe de France : Calais, Quevilly, El-Biar, &#8230; les plus grands exploits de la comp\u00e9tition<\/p>\n<p>Les heures se suivent et se ressemblent au sein du football fran\u00e7ais. Ce samedi 2 ao\u00fbt, plusieurs clubs des championnats de National 2 et National 3 ont effectivement officialis\u00e9 du mouvement. \u00c0 commencer par le Racing Club de Colombes. Le club bas\u00e9 dans les Hauts-de-Seine (92) s\u2019est attach\u00e9 les services d\u2019Alan Chesne. L\u2019attaquant d\u00e9barque en provenance de l\u2019US Torcy, chez qui il a inscrit neuf buts en quinze apparitions de janvier \u00e0 mai en National 3.\u00a0<\/p>\n<p>Bastia-Borgo voit double<\/p>\n<p>\u00c0 l\u2019\u00e9chelon sup\u00e9rieur, Bastia-Borgo se renforce \u00e9galement. Le club corse a officialis\u00e9 non pas une, mais deux nouvelles arriv\u00e9es. Le milieu de terrain d\u00e9fensif Eros Esposito quitte l\u2019EUGA Ardziv, rel\u00e9gu\u00e9 en R\u00e9gional 1, pour rallier le pensionnaire de National 2. Le joueur de 21 ans voit le jeune Andrea Scarpitta l\u2019accompagner sur l\u2019\u00cele-de-Beaut\u00e9. Le gardien de but de 19 ans \u00e9voluait en U19 National avec le Tours FC pr\u00e9c\u00e9demment.\u00a0<\/p>\n<p>Partagez cette info avec vos amis et vos proches en cliquant ici<br \/>Pour r\u00e9sumer<\/p>\n<p>Les heures se suivent et se ressemblent au sein du football fran\u00e7ais. Ce samedi 2 ao\u00fbt, plusieurs clubs des championnats de National 2 et National 3 ont effectivement officialis\u00e9 du mouvement. \u00c0 commencer par le Racing Club de Colombes.<\/p>\n<p> <img decoding=\"async\" width=\"76\" height=\"76\" loading=\"lazy\" src=\"https:\/\/static.wui.fr\/images_v3\/avatar-footnational.png\" alt=\"Youcef Ghalaza-Boudra\"\/><\/p>\n","protected":false},"excerpt":{"rendered":"Zapping Foot National Coupe de France : Calais, Quevilly, El-Biar, &#8230; les plus grands exploits de la comp\u00e9tition&hellip;\n","protected":false},"author":2,"featured_media":293538,"comment_status":"","ping_status":"","sticky":false,"template":"","format":"standard","meta":{"footnotes":""},"categories":[1888],"tags":[1111,1928,11,1927,1777,674,1011,27,12,1926,626,1925,25],"class_list":{"0":"post-293537","1":"post","2":"type-post","3":"status-publish","4":"format-standard","5":"has-post-thumbnail","7":"category-paris","8":"tag-actu","9":"tag-actu-paris","10":"tag-actualites","11":"tag-actualites-paris","12":"tag-eu","13":"tag-europe","14":"tag-fr","15":"tag-france","16":"tag-news","17":"tag-news-paris","18":"tag-paris","19":"tag-paris-news","20":"tag-republique-francaise"},"share_on_mastodon":{"url":"https:\/\/pubeurope.com\/@fr\/114964861011442956","error":""},"_links":{"self":[{"href":"https:\/\/www.europesays.com\/fr\/wp-json\/wp\/v2\/posts\/293537","targetHints":{"allow":["GET"]}}],"collection":[{"href":"https:\/\/www.europesays.com\/fr\/wp-json\/wp\/v2\/posts"}],"about":[{"href":"https:\/\/www.europesays.com\/fr\/wp-json\/wp\/v2\/types\/post"}],"author":[{"embeddable":true,"href":"https:\/\/www.europesays.com\/fr\/wp-json\/wp\/v2\/users\/2"}],"replies":[{"embeddable":true,"href":"https:\/\/www.europesays.com\/fr\/wp-json\/wp\/v2\/comments?post=293537"}],"version-history":[{"count":0,"href":"https:\/\/www.europesays.com\/fr\/wp-json\/wp\/v2\/posts\/293537\/revisions"}],"wp:featuredmedia":[{"embeddable":true,"href":"https:\/\/www.europesays.com\/fr\/wp-json\/wp\/v2\/media\/293538"}],"wp:attachment":[{"href":"https:\/\/www.europesays.com\/fr\/wp-json\/wp\/v2\/media?parent=293537"}],"wp:term":[{"taxonomy":"category","embeddable":true,"href":"https:\/\/www.europesays.com\/fr\/wp-json\/wp\/v2\/categories?post=293537"},{"taxonomy":"post_tag","embeddable":true,"href":"https:\/\/www.europesays.com\/fr\/wp-json\/wp\/v2\/tags?post=293537"}],"curies":[{"name":"wp","href":"https:\/\/api.w.org\/{rel}","templated":true}]}}