{"id":293562,"date":"2025-08-03T12:49:10","date_gmt":"2025-08-03T12:49:10","guid":{"rendered":"https:\/\/www.europesays.com\/fr\/293562\/"},"modified":"2025-08-03T12:49:10","modified_gmt":"2025-08-03T12:49:10","slug":"pro-d2-au-profit-des-partenaires-le-rc-vannes-a-deplace-certains-abonnes-aux-extremites-de-leur-tribune","status":"publish","type":"post","link":"https:\/\/www.europesays.com\/fr\/293562\/","title":{"rendered":"Pro D2 \u2013 Au profit des partenaires, le RC Vannes a d\u00e9plac\u00e9 certains abonn\u00e9s aux extr\u00e9mit\u00e9s de leur tribune"},"content":{"rendered":"<p>\n                Apr\u00e8s l\u2019effervescence du Top 14, le RCV jouera en deuxi\u00e8me division cette saison, mais avec la farouche volont\u00e9 de remonter \u00e0 l\u2019\u00e9chelon sup\u00e9rieur. Dans le but d\u2019optimiser au maximum l\u2019enceinte de La Rabine, et de satisfaire les partenaires, les dirigeants bretons ont d\u00e9plac\u00e9 certains abonn\u00e9s \u00e0 des places moins avantageuses. Un choix douloureux, mais qui peut s\u2019expliquer.\n            <\/p>\n<p data-end=\"579\" data-start=\"19\">La saison 2024\/2025 du RC Vannes restera une r\u00e9ussite, malgr\u00e9 la rel\u00e9gation en Pro D2 \u00e0 l\u2019issue de la phase r\u00e9guli\u00e8re. Une r\u00e9ussite, oui, car le club breton a marqu\u00e9 les esprits \u00e0 tous les niveaux, aussi bien en proposant une belle r\u00e9sistance sur le terrain, nous offrant une fin de saison \u00e0 suspense, qu\u2019en sublimant chaque journ\u00e9e \u00e0 domicile avec un public \u00e0 la fois respectueux mais bouillant. Se d\u00e9placer \u00e0 La Rabine n\u2019aura jamais \u00e9t\u00e9 une formalit\u00e9, et il suffit de demander aux Toulonnais, aux Montpelli\u00e9rains ou encore aux Parisiens ce qu\u2019ils en pensent.<\/p>\n<p data-end=\"1507\" data-start=\"581\">Il va sans dire que le RCV a chang\u00e9 de dimension en 2024\/2025, et que le club a d\u00e9sormais de plus grandes ambitions, \u00e0 commencer par\u00a0remonter le plus rapidement possible dans l\u2019\u00e9lite. Pour cela, il faut de l\u2019argent, et dans l\u2019optique d\u2019optimiser les revenus de leur stade de La Rabine, les dirigeants n\u2019ont pas h\u00e9sit\u00e9 \u00e0 faire un choix fort\u00a0: d\u00e9placer des abonn\u00e9s qui \u00e9taient positionn\u00e9s au centre des tribunes lat\u00e9rales vers les extr\u00e9mit\u00e9s. Le but\u00a0? Permettre aux partenaires de pouvoir acc\u00e9der \u00e0 des places centrales, et donc de tirer profit au maximum d\u2019une enceinte certes magnifique mais un peu \u00e9troite \u00e0 l\u2019\u00e9chelle du Top 14 (16\u00a0000 spectateurs de moyenne contre 11\u00a0865 \u00e0 La Rabine en 2024\/2025). \u00ab\u00a0Ce n\u2019est pas de gaiet\u00e9 de c\u0153ur qu\u2019on a fait cette demande, expliquait Martin Michel, le directeur g\u00e9n\u00e9ral du club, \u00e0 nos confr\u00e8res du <a href=\"https:\/\/www.letelegramme.fr\/sports\/rugby\/rc-vannes\/on-a-essaye-de-les-deplacer-dans-les-meilleures-conditions-possibles-le-directeur-general-du-rc-vannes-explique-le-repositionnement-dans-le-stade-de-certains-abonnes-6859975.php\" target=\"_self\" rel=\"nofollow noopener\"><strong>T\u00e9l\u00e9gramme<\/strong><\/a>. Mais si on veut porter un projet ambitieux, \u00e7a passe par ce type de choix.\u00a0\u00bb<\/p>\n<p>L\u2019agrandissement obligatoire de La Rabine<\/p>\n<p data-end=\"2123\" data-start=\"1509\">Concr\u00e8tement, les abonn\u00e9s dits des cat\u00e9gories les plus ch\u00e8res (1 et 2) ont \u00e9t\u00e9 replac\u00e9s en cat\u00e9gorie 4, c\u2019est-\u00e0-dire aux places les moins attractives. \u00c9videmment, le co\u00fbt de leur abonnement a \u00e9t\u00e9 ajust\u00e9, mais cette d\u00e9cision a heurt\u00e9 certains fid\u00e8les, clairvoyants sur les enjeux des partenaires, mais pas moins d\u00e9\u00e7us pour autant. \u00ab\u00a0Il y a un petit go\u00fbt amer. \u00c0 l\u2019\u00e9poque du Covid, on avait \u00e9t\u00e9 nombreux \u00e0 ne pas avoir demand\u00e9 le remboursement de ce qu\u2019on avait pay\u00e9, et on a toujours aid\u00e9 le club\u00a0\u00bb, t\u00e9moignait d\u2019ailleurs l\u2019un d\u2019eux dans le <a href=\"https:\/\/www.letelegramme.fr\/sports\/rugby\/rc-vannes\/il-y-a-un-petit-gout-amer-des-abonnes-du-rc-vannes-frustres-par-leur-nouvelle-place-en-tribune-au-profit-des-partenaires-6859946.php\" target=\"_self\" rel=\"nofollow noopener\"><strong>quotidien r\u00e9gional<\/strong>.<\/a><\/p>\n<p>Au-del\u00e0 de cette affaire, le club morbihannais est certainement victime de son succ\u00e8s. La passion pour le RCV est ind\u00e9niable et il faut parfois \u00eatre plus que malin pour r\u00e9ussir \u00e0 d\u00e9goter une place. En ce sens, l\u2019agrandissement de La Rabine est presque une obligation, avec l\u2019objectif d\u2019atteindre les 15\u00a0000 places dans les prochaines ann\u00e9es. D\u00e9j\u00e0, au lancement de la saison 2025\/2026 de Pro D2, l\u2019enceinte situ\u00e9e au c\u0153ur du centre-ville pourra accueillir 650 personnes suppl\u00e9mentaires, d\u00e9passant ainsi les 12\u00a0000. Une premi\u00e8re \u00e9tape.<\/p>\n","protected":false},"excerpt":{"rendered":"Apr\u00e8s l\u2019effervescence du Top 14, le RCV jouera en deuxi\u00e8me division cette saison, mais avec la farouche volont\u00e9&hellip;\n","protected":false},"author":2,"featured_media":293563,"comment_status":"","ping_status":"","sticky":false,"template":"","format":"standard","meta":{"footnotes":""},"categories":[1416],"tags":[1011,27,479,1468,60],"class_list":{"0":"post-293562","1":"post","2":"type-post","3":"status-publish","4":"format-standard","5":"has-post-thumbnail","7":"category-rugby","8":"tag-fr","9":"tag-france","10":"tag-rugby","11":"tag-rugby-football","12":"tag-sports"},"share_on_mastodon":{"url":"https:\/\/pubeurope.com\/@fr\/114964920064694000","error":""},"_links":{"self":[{"href":"https:\/\/www.europesays.com\/fr\/wp-json\/wp\/v2\/posts\/293562","targetHints":{"allow":["GET"]}}],"collection":[{"href":"https:\/\/www.europesays.com\/fr\/wp-json\/wp\/v2\/posts"}],"about":[{"href":"https:\/\/www.europesays.com\/fr\/wp-json\/wp\/v2\/types\/post"}],"author":[{"embeddable":true,"href":"https:\/\/www.europesays.com\/fr\/wp-json\/wp\/v2\/users\/2"}],"replies":[{"embeddable":true,"href":"https:\/\/www.europesays.com\/fr\/wp-json\/wp\/v2\/comments?post=293562"}],"version-history":[{"count":0,"href":"https:\/\/www.europesays.com\/fr\/wp-json\/wp\/v2\/posts\/293562\/revisions"}],"wp:featuredmedia":[{"embeddable":true,"href":"https:\/\/www.europesays.com\/fr\/wp-json\/wp\/v2\/media\/293563"}],"wp:attachment":[{"href":"https:\/\/www.europesays.com\/fr\/wp-json\/wp\/v2\/media?parent=293562"}],"wp:term":[{"taxonomy":"category","embeddable":true,"href":"https:\/\/www.europesays.com\/fr\/wp-json\/wp\/v2\/categories?post=293562"},{"taxonomy":"post_tag","embeddable":true,"href":"https:\/\/www.europesays.com\/fr\/wp-json\/wp\/v2\/tags?post=293562"}],"curies":[{"name":"wp","href":"https:\/\/api.w.org\/{rel}","templated":true}]}}