{"id":293566,"date":"2025-08-03T12:52:21","date_gmt":"2025-08-03T12:52:21","guid":{"rendered":"https:\/\/www.europesays.com\/fr\/293566\/"},"modified":"2025-08-03T12:52:21","modified_gmt":"2025-08-03T12:52:21","slug":"motogp-2026-honda-rate-jorge-martin-et-ouvre-la-porte-a-un-transfert-choc-de-fabio-quartararo","status":"publish","type":"post","link":"https:\/\/www.europesays.com\/fr\/293566\/","title":{"rendered":"MotoGP 2026 : Honda rate Jorge Martin et ouvre la porte \u00e0 un transfert choc de Fabio Quartararo"},"content":{"rendered":"<p><strong>Le feuilleton du march\u00e9 des transferts MotoGP pour 2026<br \/>\nvient de prendre une tournure majeure. Jorge Martin, longtemps<br \/>\npressenti pour rejoindre Honda, a finalement choisi de rester<br \/>\nfid\u00e8le \u00e0 Aprilia. Ce revirement met un s\u00e9rieux coup d\u2019arr\u00eat \u00e0 la<br \/>\nstrat\u00e9gie de reconstruction du HRC, qui visait \u00e0 relancer son<br \/>\nprojet autour du pilote espagnol, actuel champion du monde.<br \/>\nDerri\u00e8re cette d\u00e9cision, l\u2019influence de Carmelo Ezpeleta, patron de<br \/>\nDorna, semble avoir \u00e9t\u00e9 d\u00e9terminante pour convaincre Martin<br \/>\nd\u2019honorer son contrat initial avec Noale.<\/strong><\/p>\n<p><strong>Honda<\/strong>, qui s\u2019\u00e9tait prudemment engag\u00e9 \u00e0 ne pas<br \/>\ncourt-circuiter les contrats en cours, a d\u00fb reculer. Le directeur<br \/>\nd\u2019Aprilia, <strong>Massimo Rivola<\/strong>, avait pr\u00e9venu : il<br \/>\nn\u2019\u00e9tait pas question de laisser partir <strong>Martin<\/strong> sans<br \/>\nbataille. R\u00e9sultat, la clause de sortie n\u00e9goci\u00e9e en 2024 est rest\u00e9e<br \/>\nlettre morte.<\/p>\n<p>Ce refus rebat les cartes pour <strong>Honda<\/strong>, qui doit<br \/>\nd\u00e9sormais repenser son avenir. <a href=\"https:\/\/www.paddock-gp.com\/motogp-allemagne-j3-johann-zarco-victime-dun-pneu-froid-au-sachsenring-chute-cruelle-et-ambitions-reportees-a-brno\/\" rel=\"nofollow noopener\" target=\"_blank\"><br \/>\n<strong>Johann Zarco<\/strong><\/a>, excellent depuis le d\u00e9but de<br \/>\nsaison, est en passe de prolonger. <strong>Luca Marini<\/strong>,<br \/>\nbrillant au Sachsenring, n\u2019a toujours pas renouvel\u00e9 son contrat. Et<br \/>\n<strong>Somkiat Chantra<\/strong>, malgr\u00e9 sa r\u00e9gularit\u00e9, semble sur<br \/>\nla sellette.<\/p>\n<p><img loading=\"lazy\" decoding=\"async\" class=\"aligncenter\" src=\"https:\/\/www.europesays.com\/fr\/wp-content\/uploads\/2025\/08\/GettyImages-2224866180-1024x683.jpg\" alt=\"Fabio Quartararo de Yamaha se pr\u00e9pare pour une course MotoGP\" width=\"882\" height=\"588\"\/><\/p>\n<p><strong>Fabio Quartararo, la bombe<br \/>\n\u00e0 retardement chez Honda ?<\/strong><\/p>\n<p>Mais la vraie bombe pourrait venir de <strong><a href=\"https:\/\/www.paddock-gp.com\/motogp-fabio-quartararo-avoue-cest-sur-quavec-yamaha-ca-devient-un-peu-tendu\/\" rel=\"nofollow noopener\" target=\"_blank\"><br \/>\nFabio Quartararo<\/a><\/strong> selon la rumeur. Visiblement lass\u00e9<br \/>\ndes promesses non tenues de <strong>Yamaha<\/strong>, le Fran\u00e7ais<br \/>\nlaisse entendre qu\u2019il pourrait chercher un nouveau d\u00e9fi. Oriol<br \/>\nPuigdemont, journaliste bien inform\u00e9, n\u2019exclut pas que le HRC se<br \/>\ntourne vers lui : \u00ab Honda ne recrutera pas Martin, mais il y a<br \/>\nun autre pr\u00e9tendant\u2026 \u00bb<\/p>\n<p>Avec <strong>Ducati<\/strong> \u00e9galement \u00e0 l\u2019aff\u00fbt, un transfert<br \/>\nde <strong>Quartararo<\/strong> vers <strong>Honda<\/strong> aurait<br \/>\ndes allures de choc sur le march\u00e9 \u2014 et d\u2019humiliation pour<br \/>\n<strong>Yamaha<\/strong>. Le pilote tricolore, champion en 2021,<br \/>\nreste l\u2019un des plus talentueux de la grille. Dans des conditions<br \/>\nid\u00e9ales, il affirme pouvoir rivaliser avec <a href=\"https:\/\/www.paddock-gp.com\/motogp-brno-marc-marquez-prudent-pecco-bagnaia-ambitieux-avant-la-pause-estivale\/\" rel=\"nofollow noopener\" target=\"_blank\"><br \/>\n<strong>Marc Marquez<\/strong><\/a>. Et avec une RC213V en progr\u00e8s,<br \/>\nce mariage inattendu pourrait bien faire des \u00e9tincelles en <a href=\"https:\/\/www.motogp.com\/en\" rel=\"nofollow noopener\" target=\"_blank\">MotoGP<\/a> en 2026.<\/p>\n<p><img loading=\"lazy\" decoding=\"async\" class=\"aligncenter\" src=\"https:\/\/www.europesays.com\/fr\/wp-content\/uploads\/2025\/08\/GettyImages-2224907832-1140x760.jpg\" alt=\"Photo de Gold &amp; Goose Photography\/Getty Images\" width=\"866\" height=\"577\"\/><\/p>\n","protected":false},"excerpt":{"rendered":"Le feuilleton du march\u00e9 des transferts MotoGP pour 2026 vient de prendre une tournure majeure. Jorge Martin, longtemps&hellip;\n","protected":false},"author":2,"featured_media":293567,"comment_status":"","ping_status":"","sticky":false,"template":"","format":"standard","meta":{"footnotes":""},"categories":[1413],"tags":[1011,27,1457,1456,60],"class_list":{"0":"post-293566","1":"post","2":"type-post","3":"status-publish","4":"format-standard","5":"has-post-thumbnail","7":"category-moto","8":"tag-fr","9":"tag-france","10":"tag-moto","11":"tag-motocycle","12":"tag-sports"},"share_on_mastodon":{"url":"https:\/\/pubeurope.com\/@fr\/114964931846787488","error":""},"_links":{"self":[{"href":"https:\/\/www.europesays.com\/fr\/wp-json\/wp\/v2\/posts\/293566","targetHints":{"allow":["GET"]}}],"collection":[{"href":"https:\/\/www.europesays.com\/fr\/wp-json\/wp\/v2\/posts"}],"about":[{"href":"https:\/\/www.europesays.com\/fr\/wp-json\/wp\/v2\/types\/post"}],"author":[{"embeddable":true,"href":"https:\/\/www.europesays.com\/fr\/wp-json\/wp\/v2\/users\/2"}],"replies":[{"embeddable":true,"href":"https:\/\/www.europesays.com\/fr\/wp-json\/wp\/v2\/comments?post=293566"}],"version-history":[{"count":0,"href":"https:\/\/www.europesays.com\/fr\/wp-json\/wp\/v2\/posts\/293566\/revisions"}],"wp:featuredmedia":[{"embeddable":true,"href":"https:\/\/www.europesays.com\/fr\/wp-json\/wp\/v2\/media\/293567"}],"wp:attachment":[{"href":"https:\/\/www.europesays.com\/fr\/wp-json\/wp\/v2\/media?parent=293566"}],"wp:term":[{"taxonomy":"category","embeddable":true,"href":"https:\/\/www.europesays.com\/fr\/wp-json\/wp\/v2\/categories?post=293566"},{"taxonomy":"post_tag","embeddable":true,"href":"https:\/\/www.europesays.com\/fr\/wp-json\/wp\/v2\/tags?post=293566"}],"curies":[{"name":"wp","href":"https:\/\/api.w.org\/{rel}","templated":true}]}}