{"id":293568,"date":"2025-08-03T12:53:14","date_gmt":"2025-08-03T12:53:14","guid":{"rendered":"https:\/\/www.europesays.com\/fr\/293568\/"},"modified":"2025-08-03T12:53:14","modified_gmt":"2025-08-03T12:53:14","slug":"le-tunisien-ahmed-jaouadi-reussit-le-double-en-remportant-le-1-500-m-apres-le-800-m-aux-mondiaux-damien-joly-8e-lequipe","status":"publish","type":"post","link":"https:\/\/www.europesays.com\/fr\/293568\/","title":{"rendered":"Le Tunisien Ahmed Jaouadi r\u00e9ussit le doubl\u00e9 en remportant le 1 500 m apr\u00e8s le 800 m aux Mondiaux, Damien Joly 8e &#8211; L&#039;\u00c9quipe"},"content":{"rendered":"<ol>\n<li><a href=\"https:\/\/news.google.com\/rss\/articles\/CBMi9AFBVV95cUxPbTg4V2RJVWVldTBOY2p1cXk0VTNoSlJzQjd5VkZtS2IydEZkUFVZNW40LWp1TWlLOEx2anVTRENwZWt0V1BST1U1WXQwVzFjbVo2c1NYMXFoSV80YTZ6OTVDa2ZsX0xNdnNvSzQ5VXp4cThYQU1ySkN3X3ZNNmVZSVdsTGJYS3ZZTE1nRWp1Y1VLbFhVMjFDRnhsTmprU052cllra3BLSXkzNmlkZmdtMVp5VFdEbFp6eTJWazRtemszeC1LTzhmc2xlUHVvbUhUX2I4Rkl4TExLallQUUgzc25MeFYzWkdqMWQyeGt5Yi1yVmYt?oc=5\" target=\"_blank\" rel=\"nofollow noopener\">Le Tunisien Ahmed Jaouadi r\u00e9ussit le doubl\u00e9 en remportant le 1 500 m apr\u00e8s le 800 m aux Mondiaux, Damien Joly 8e<\/a>&nbsp;&nbsp;L&rsquo;\u00c9quipe<\/li>\n<li><a href=\"https:\/\/news.google.com\/rss\/articles\/CBMi5AFBVV95cUxPOVlvc213LVJiMXZUT1Z6aHlmVW5WWC1zb2ZuWWdncU1pMG1OekJnNlgwbWs1VVZmWkIwb0N0anpNY1drVTd0d1VVR0pSTGxJa0JLZmRyekdHSFJ2U1Z5YUJyM2gyLUVDU0FKd25KU1R0WThBLTl2UURJVU1FRnVRQkd1bzhZWGtPOVlrWXRsZ0dwQ29TRjhRakU3c0ZuVUh4cDNZbk5tRUtvNndiWHEwT0lLU3BKYmJxYUxyb2ZyRVYyYkhlbWdwSlE3ZHgxRFJ3cktmUFRKbHh3QWZWTDh6alBvNi0?oc=5\" target=\"_blank\" rel=\"nofollow noopener\">Mondiaux de natation : le Tunisien Jaouadi sacr\u00e9 sur 1.500 m nage libre, Damien Joly 8e mais \u00abmalade\u00bb<\/a>&nbsp;&nbsp;Le Figaro<\/li>\n<li><a href=\"https:\/\/news.google.com\/rss\/articles\/CBMiqwFBVV95cUxPbFF6dDNZY2h2V1F1U0xIem54TzFnY0NPMHZQU0ZMalVpZlhaLTJ1cm9iSHd6MEExUTVyRlRYdHdiNjA3QXNYNkRJd2hfMnRTVjRhSkRwYW5NSTlTSklwVURQZjFicEJ5SjZ3MkdqYnBzMDY1Rnd2RmVIa1gxYm1FVU1JY01SYzh0bXNtZXgzTkdmN0czbDRyaG1pMEYyUDI1RFc0aGNNbUtJU1E?oc=5\" target=\"_blank\" rel=\"nofollow noopener\">Le Toulonnais Damien Joly passe en finale du 1.500 m aux Mondiaux de natation<\/a>&nbsp;&nbsp;Var-Matin<\/li>\n<li><a href=\"https:\/\/news.google.com\/rss\/articles\/CBMingFBVV95cUxOWWNHaHREOXRtelMxQjZCZXM4bmI3eEd0UjZ3X09aTW9zb0szMHMwbjBmaFRsMFh0a21NOGxLQ19xQlh1ZVJybk9BTGpoV0IwWDVvN3ZJZmktd1kyY2lRX1l0VmhiZFFCUW9vczhCaGtZOEZWY05VdmZ2bXd4WklDaTVuNkFjdVhsN0g2R3pOODFUMVdYRW9IbU5hOVJUZw?oc=5\" target=\"_blank\" rel=\"nofollow noopener\">Ahmed Jaouadi en or : la natation tunisienne brille \u00e0 Singapour<\/a>&nbsp;&nbsp;Le Courrier de l&rsquo;Atlas<\/li>\n<li><a href=\"https:\/\/news.google.com\/rss\/articles\/CBMiugFBVV95cUxNZGRmT3ZkYnVNVU1PajN0dkgwc3IzRXVFUG5ncl9sUThRTmdKYnFCZUVSQXdJdHIyWW80eVk5bGZYYjlRQUpXVFBLOXZ5dlQ5d1ViS0oxMjNGY05HZ2s5YkhRNE9ncG1lcEVseTJ6dkw3V3BPNlV5Zy1WR0VZdmFXWDFORU92cHVZX2RlUkZfeEk1WE1TNTJGa1ctLWtsSVV3dWlDZnJNVm9kWTU5S0t0U0l2eDBPQWRTOEE?oc=5\" target=\"_blank\" rel=\"nofollow noopener\">Mondiaux de natation: le Tunisien Ahmed Jaouadi sacr\u00e9 sur 1500 m nage libre<\/a>&nbsp;&nbsp;RFI<\/li>\n<\/ol>\n","protected":false},"excerpt":{"rendered":"Le Tunisien Ahmed Jaouadi r\u00e9ussit le doubl\u00e9 en remportant le 1 500 m apr\u00e8s le 800 m aux&hellip;\n","protected":false},"author":2,"featured_media":293569,"comment_status":"","ping_status":"","sticky":false,"template":"","format":"standard","meta":{"footnotes":""},"categories":[1412],"tags":[1451,1452,1453,1454,1455,1011,27,60],"class_list":{"0":"post-293568","1":"post","2":"type-post","3":"status-publish","4":"format-standard","5":"has-post-thumbnail","7":"category-f1","8":"tag-f1","9":"tag-formula-1","10":"tag-formula1","11":"tag-formule-1","12":"tag-formule1","13":"tag-fr","14":"tag-france","15":"tag-sports"},"share_on_mastodon":{"url":"https:\/\/pubeurope.com\/@fr\/114964935695967875","error":""},"_links":{"self":[{"href":"https:\/\/www.europesays.com\/fr\/wp-json\/wp\/v2\/posts\/293568","targetHints":{"allow":["GET"]}}],"collection":[{"href":"https:\/\/www.europesays.com\/fr\/wp-json\/wp\/v2\/posts"}],"about":[{"href":"https:\/\/www.europesays.com\/fr\/wp-json\/wp\/v2\/types\/post"}],"author":[{"embeddable":true,"href":"https:\/\/www.europesays.com\/fr\/wp-json\/wp\/v2\/users\/2"}],"replies":[{"embeddable":true,"href":"https:\/\/www.europesays.com\/fr\/wp-json\/wp\/v2\/comments?post=293568"}],"version-history":[{"count":0,"href":"https:\/\/www.europesays.com\/fr\/wp-json\/wp\/v2\/posts\/293568\/revisions"}],"wp:featuredmedia":[{"embeddable":true,"href":"https:\/\/www.europesays.com\/fr\/wp-json\/wp\/v2\/media\/293569"}],"wp:attachment":[{"href":"https:\/\/www.europesays.com\/fr\/wp-json\/wp\/v2\/media?parent=293568"}],"wp:term":[{"taxonomy":"category","embeddable":true,"href":"https:\/\/www.europesays.com\/fr\/wp-json\/wp\/v2\/categories?post=293568"},{"taxonomy":"post_tag","embeddable":true,"href":"https:\/\/www.europesays.com\/fr\/wp-json\/wp\/v2\/tags?post=293568"}],"curies":[{"name":"wp","href":"https:\/\/api.w.org\/{rel}","templated":true}]}}