{"id":293582,"date":"2025-08-03T13:00:11","date_gmt":"2025-08-03T13:00:11","guid":{"rendered":"https:\/\/www.europesays.com\/fr\/293582\/"},"modified":"2025-08-03T13:00:11","modified_gmt":"2025-08-03T13:00:11","slug":"jai-passe-de-nombreux-examens-cette-celebre-chanteuse-de-37-ans-se-pensait-sortie-daffaires-la-realite-la-rattrapee","status":"publish","type":"post","link":"https:\/\/www.europesays.com\/fr\/293582\/","title":{"rendered":"\u201cJ\u2019ai pass\u00e9 de nombreux examens\u201d : cette c\u00e9l\u00e8bre chanteuse de 37 ans se pensait sortie d\u2019affaires, la r\u00e9alit\u00e9 l\u2019a rattrap\u00e9e"},"content":{"rendered":"<p>La suite apr\u00e8s la publicit\u00e9<\/p>\n<p><a href=\"https:\/\/www.purepeople.com\/article\/ce-show-sera-mon-dernier-a-37-ans-et-en-plein-concert-cette-celebre-chanteuse-annonce-se-mettre-en-retrait-apres-le-verdict-des-medecins_a539545\/1\" rel=\"nofollow noopener\" target=\"_blank\">\u201cCe show sera mon dernier\u201d<\/a> : au mois de juin, quelque temps apr\u00e8s avoir annonc\u00e9 <strong>\u00eatre atteinte d\u2019un cancer du sein \u00e0 37 ans<\/strong>, <a href=\"https:\/\/www.purepeople.com\/people\/jessie-j_p2622\" rel=\"nofollow noopener\" target=\"_blank\">Jessie J<\/a>, chanteuse populaire \u00e0 qui l\u2019on doit notamment le tube Price tag, officialisait son retrait de la sc\u00e8ne apr\u00e8s le verdict des m\u00e9decins. L\u2019artiste, m\u00e8re d\u2019un petit gar\u00e7on, avait choisi de se focaliser sur sa sant\u00e9 et son bien-\u00eatre pour pouvoir revenir plus forte sur le devant de la sc\u00e8ne et retrouver ses fans le plus t\u00f4t possible.<\/p>\n<p>Quelques jours plus tard, <a href=\"https:\/\/www.purepeople.com\/article\/une-celebre-chanteuse-de-37-ans-obligee-de-mettre-sa-carriere-sur-pause-elle-vient-de-franchir-une-etape-vitale-les-hauts-et-les-bas-de-ces-dernieres-48-heures_a539746\/1\" rel=\"nofollow noopener\" target=\"_blank\">elle franchissait une \u00e9tape vitale, relatant \u00e9galement \u201cles hauts et les bas de ces derni\u00e8res 48 heures\u201d<\/a>. Depuis, les choses semblaient suivre leur cours sans vraiment d\u2019inqui\u00e9tude \u00e0 avoir. Pourtant, ce dimanche 3 ao\u00fbt, Jessie J a pris la parole sur Instagram pour indiquer qu\u2019elle avait finalement d\u00fb \u00eatre hospitalis\u00e9e. Des nouvelles pas forc\u00e9ment bonnes mais qui lui ont fait prendre conscience de certaines choses.<\/p>\n<p>Il y a six semaines, Jessie J se faisait donc retirer la tumeur qu\u2019on lui avait d\u00e9tect\u00e9e au sein. Une op\u00e9ration qui s\u2019est tr\u00e8s bien d\u00e9roul\u00e9e et qui semblait mettre une bonne fois pour toutes les soucis de sant\u00e9 de la chanteuse derri\u00e8re elle. C\u2019\u00e9tait du moins ce que Jessie J pensait avant que son corps ne lui fasse une petite piq\u00fbre de rappel. C\u2019est un postant une photo de son bras perfus\u00e9 sur un lit d\u2019h\u00f4pital que la chanteuse a donn\u00e9 de ses nouvelles \u00e0 ses abonn\u00e9s sur son compte Instagram.<\/p>\n<p>Jessie J atteinte d\u2019une infection six semaines apr\u00e8s son op\u00e9ration<\/p>\n<p>Comme elle l\u2019a fait savoir, <strong>Jessie J a d\u00fb \u00eatre hospitalis\u00e9e six semaines apr\u00e8s avoir \u00e9t\u00e9 op\u00e9r\u00e9e<\/strong> : \u201cMe voil\u00e0 de retour dans la m\u00eame pi\u00e8ce que celle dans laquelle j\u2019\u00e9tais apr\u00e8s mon op\u00e9ration. Ce n\u2019\u00e9tait pas pr\u00e9vu\u201d a-t-elle indiqu\u00e9, \u00e9voquant avoir ressenti les sympt\u00f4mes que ressentent les personnes ayant des caillots sanguins. \u201cJ\u2019ai eu et j\u2019ai toujours des sympt\u00f4mes mais Dieu merci ce n\u2019est pas \u00e7a. J\u2019ai pass\u00e9 de nombreux examens pour finalement apprendre que j\u2019avais <strong>une infection et du liquide dans les poumons<\/strong>\u00a0\u00bb explique-t-elle.<\/p>\n<p>Si Jessie J se serait bien \u00e9videmment pass\u00e9e de cette \u00e9tape, elle n\u2019en reste pas moins lucide sur le comportement qu\u2019elle doit adopter au cours des prochaines semaines : \u201cLe plus compliqu\u00e9 dans toute cette convalescence reste le jour o\u00f9 j\u2019ai subi mon op\u00e9ration. S\u2019en remettre physiquement est loin d\u2019\u00eatre facile et rapide et c\u2019est sans doute le challenge le plus difficile que j\u2019ai eu \u00e0 vivre. Surtout en tant que maman d\u2019un petit gar\u00e7on incapable d\u2019\u00eatre la m\u00e8re que j\u2019avais l\u2019habitude d\u2019\u00eatre depuis le d\u00e9but. Devoir changer mes plans de carri\u00e8re cette ann\u00e9e a aussi \u00e9t\u00e9 frustrant apr\u00e8s avoir tant travaill\u00e9. Mais c\u2019est la vie, je le sais.\u201d\u00a0\u00a0<\/p>\n<p>Jessie J n\u2019a plus qu\u2019une chose en t\u00eate d\u00e9sormais : \u201cprendre le temps\u201d. \u201cLe r\u00e9tablissement est long. Il faut que je l\u2019accepte, moi qui adore bouger, travailler et \u00eatre toujours active, ce que je ne peux pas faire en ce moment\u201d a-t-elle d\u00e9clar\u00e9. Des sacrifices qui valent bien la peine d\u2019\u00eatre faits\u2026<\/p>\n","protected":false},"excerpt":{"rendered":"La suite apr\u00e8s la publicit\u00e9 \u201cCe show sera mon dernier\u201d : au mois de juin, quelque temps apr\u00e8s&hellip;\n","protected":false},"author":2,"featured_media":293583,"comment_status":"","ping_status":"","sticky":false,"template":"","format":"standard","meta":{"footnotes":""},"categories":[1355],"tags":[58,59,1011,27,1361,873],"class_list":{"0":"post-293582","1":"post","2":"type-post","3":"status-publish","4":"format-standard","5":"has-post-thumbnail","7":"category-musique","8":"tag-divertissement","9":"tag-entertainment","10":"tag-fr","11":"tag-france","12":"tag-music","13":"tag-musique"},"share_on_mastodon":{"url":"https:\/\/pubeurope.com\/@fr\/114964963375207844","error":""},"_links":{"self":[{"href":"https:\/\/www.europesays.com\/fr\/wp-json\/wp\/v2\/posts\/293582","targetHints":{"allow":["GET"]}}],"collection":[{"href":"https:\/\/www.europesays.com\/fr\/wp-json\/wp\/v2\/posts"}],"about":[{"href":"https:\/\/www.europesays.com\/fr\/wp-json\/wp\/v2\/types\/post"}],"author":[{"embeddable":true,"href":"https:\/\/www.europesays.com\/fr\/wp-json\/wp\/v2\/users\/2"}],"replies":[{"embeddable":true,"href":"https:\/\/www.europesays.com\/fr\/wp-json\/wp\/v2\/comments?post=293582"}],"version-history":[{"count":0,"href":"https:\/\/www.europesays.com\/fr\/wp-json\/wp\/v2\/posts\/293582\/revisions"}],"wp:featuredmedia":[{"embeddable":true,"href":"https:\/\/www.europesays.com\/fr\/wp-json\/wp\/v2\/media\/293583"}],"wp:attachment":[{"href":"https:\/\/www.europesays.com\/fr\/wp-json\/wp\/v2\/media?parent=293582"}],"wp:term":[{"taxonomy":"category","embeddable":true,"href":"https:\/\/www.europesays.com\/fr\/wp-json\/wp\/v2\/categories?post=293582"},{"taxonomy":"post_tag","embeddable":true,"href":"https:\/\/www.europesays.com\/fr\/wp-json\/wp\/v2\/tags?post=293582"}],"curies":[{"name":"wp","href":"https:\/\/api.w.org\/{rel}","templated":true}]}}