{"id":293586,"date":"2025-08-03T13:02:14","date_gmt":"2025-08-03T13:02:14","guid":{"rendered":"https:\/\/www.europesays.com\/fr\/293586\/"},"modified":"2025-08-03T13:02:14","modified_gmt":"2025-08-03T13:02:14","slug":"au-dela-le-risque-de-mortalite-grimpe","status":"publish","type":"post","link":"https:\/\/www.europesays.com\/fr\/293586\/","title":{"rendered":"au-del\u00e0, le risque de mortalit\u00e9 grimpe"},"content":{"rendered":"<p>\n                C&rsquo;est en r\u00e9alit\u00e9 un signal que notre corps envoie.            <\/p>\n<p>Qui n&rsquo;a jamais fait de grasse matin\u00e9e r\u00e9paratrice ? Alors que les Fran\u00e7ais dorment en moyenne 6h58 par nuit, soit juste \u00e0 la limite des 7 heures recommand\u00e9es, beaucoup comptent sur le week-end pour \u00ab\u00a0rattraper\u00a0\u00bb leur dette de <a href=\"https:\/\/sante.journaldesfemmes.fr\/fiches-sante-du-quotidien\/2624657-sommeil-conseils-bien-dormir-nuit-medicament-solutions-naturelles\/\" title=\"Sommeil\" rel=\"nofollow noopener\" target=\"_blank\">sommeil<\/a> accumul\u00e9e pendant la semaine de travail. Car si le manque de sommeil est un enjeu de sant\u00e9 publique, une id\u00e9e re\u00e7ue persiste : plus on dort, mieux c&rsquo;est.\u00a0Pourtant, une r\u00e9cente \u00e9tude sugg\u00e8re qu&rsquo;un sommeil trop important pourrait \u00eatre une fausse bonne id\u00e9e, voire un indicateur de risque pour notre sant\u00e9.<\/p>\n<p>Pour en venir \u00e0 leur conclusion, les scientifiques ont r\u00e9alis\u00e9\u00a0une m\u00e9ta-analyse.\u00a0Le principe consiste \u00e0 compiler et analyser les r\u00e9sultats d&rsquo;\u00e9tudes d\u00e9j\u00e0 publi\u00e9es sur le sujet. Ici l&rsquo;\u00e9quipe a \u00e9pluch\u00e9 les donn\u00e9es de 79 \u00e9tudes, qui ont suivi au total plus de 5 millions d&rsquo;adultes sur une p\u00e9riode d&rsquo;au moins un an.\u00a0\u00ab\u00a0Nous avons cherch\u00e9 \u00e0 \u00e9tudier l&rsquo;association entre la dur\u00e9e du sommeil court et long et la mortalit\u00e9 toutes causes confondues chez l&rsquo;adulte\u00a0\u00bb, assurent les chercheurs dans la revue <a href=\"https:\/\/link.springer.com\/article\/10.1007\/s11357-025-01592-y\" target=\"_blank\" rel=\"nofollow noopener\">GeroScience<\/a>. D&rsquo;apr\u00e8s leurs conclusions, en mati\u00e8re de sommeil, les deux extr\u00eames sont \u00e0 risque.<\/p>\n<p>Les r\u00e9sultats de l&rsquo;analyse montrent que, par rapport aux personnes dormant entre 7 et 8 heures (consid\u00e9r\u00e9e comme la dur\u00e9e de r\u00e9f\u00e9rence optimale), celles qui dorment moins de 7 heures voient leur risque de d\u00e9c\u00e8s augmenter de 14 %. Fait plus surprenant, celles qui dorment 9 heures ou plus voient ce m\u00eame risque augmenter de mani\u00e8re significative.\u00a0\u00ab\u00a0Une longue dur\u00e9e de sommeil (plus de 9 heures par nuit) \u00e9tait associ\u00e9e \u00e0 un risque de mortalit\u00e9 de 34 % plus \u00e9lev\u00e9.\u00a0\u00bb C&rsquo;est donc cette dur\u00e9e de 9h de sommeil qu&rsquo;il est conseill\u00e9 de ne pas d\u00e9passer. De temps en temps, la d\u00e9passer n&rsquo;est pas gravissime.\u00a0Comme le soulignent les chercheurs, le sommeil excessif n&rsquo;est pas la cause directe, mais plut\u00f4t le sympt\u00f4me\u00a0: \u00ab\u00a0Un sommeil prolong\u00e9 pourrait \u00eatre li\u00e9 \u00e0 des probl\u00e8mes de sant\u00e9 sous-jacents augmentant le risque de mortalit\u00e9, tels que des <a href=\"https:\/\/sante.journaldesfemmes.fr\/fiches-maladies\/2632267-maladie-chronique-covid-definition-exemple-caracteristiques-symptomes-liste-vaccin\/\" title=\"Maladie chronique\" rel=\"nofollow noopener\" target=\"_blank\">maladies chroniques<\/a> non diagnostiqu\u00e9es ou un d\u00e9r\u00e8glement m\u00e9tabolique.\u00a0\u00bb<\/p>\n<p>Il faut voir la dur\u00e9e de sommeil comme un indicateur. Si vous ressentez constamment le besoin de dormir plus de 9 heures, tout en vous sentant fatigu\u00e9 au r\u00e9veil, cela doit \u00eatre consid\u00e9r\u00e9 comme un signal envoy\u00e9 par votre corps. \u00ab\u00a0Les r\u00e9sultats soulignent l&rsquo;importance de prendre en compte la dur\u00e9e optimale du sommeil dans les strat\u00e9gies de sant\u00e9 publique visant \u00e0 am\u00e9liorer la long\u00e9vit\u00e9.\u00a0\u00bb\u00a0Le v\u00e9ritable objectif est donc de viser une r\u00e9gularit\u00e9 et une qualit\u00e9 du sommeil, dans une fen\u00eatre comprise entre 7 et 9 heures par nuit. Et si un besoin de sommeil bien plus important s&rsquo;installe durablement, il convient d&rsquo;en parler \u00e0 votre m\u00e9decin.<\/p>\n","protected":false},"excerpt":{"rendered":"C&rsquo;est en r\u00e9alit\u00e9 un signal que notre corps envoie. Qui n&rsquo;a jamais fait de grasse matin\u00e9e r\u00e9paratrice ?&hellip;\n","protected":false},"author":2,"featured_media":293587,"comment_status":"","ping_status":"","sticky":false,"template":"","format":"standard","meta":{"footnotes":""},"categories":[10],"tags":[1011,27,72,71],"class_list":{"0":"post-293586","1":"post","2":"type-post","3":"status-publish","4":"format-standard","5":"has-post-thumbnail","7":"category-sante","8":"tag-fr","9":"tag-france","10":"tag-health","11":"tag-sante"},"share_on_mastodon":{"url":"https:\/\/pubeurope.com\/@fr\/114964971185628373","error":""},"_links":{"self":[{"href":"https:\/\/www.europesays.com\/fr\/wp-json\/wp\/v2\/posts\/293586","targetHints":{"allow":["GET"]}}],"collection":[{"href":"https:\/\/www.europesays.com\/fr\/wp-json\/wp\/v2\/posts"}],"about":[{"href":"https:\/\/www.europesays.com\/fr\/wp-json\/wp\/v2\/types\/post"}],"author":[{"embeddable":true,"href":"https:\/\/www.europesays.com\/fr\/wp-json\/wp\/v2\/users\/2"}],"replies":[{"embeddable":true,"href":"https:\/\/www.europesays.com\/fr\/wp-json\/wp\/v2\/comments?post=293586"}],"version-history":[{"count":0,"href":"https:\/\/www.europesays.com\/fr\/wp-json\/wp\/v2\/posts\/293586\/revisions"}],"wp:featuredmedia":[{"embeddable":true,"href":"https:\/\/www.europesays.com\/fr\/wp-json\/wp\/v2\/media\/293587"}],"wp:attachment":[{"href":"https:\/\/www.europesays.com\/fr\/wp-json\/wp\/v2\/media?parent=293586"}],"wp:term":[{"taxonomy":"category","embeddable":true,"href":"https:\/\/www.europesays.com\/fr\/wp-json\/wp\/v2\/categories?post=293586"},{"taxonomy":"post_tag","embeddable":true,"href":"https:\/\/www.europesays.com\/fr\/wp-json\/wp\/v2\/tags?post=293586"}],"curies":[{"name":"wp","href":"https:\/\/api.w.org\/{rel}","templated":true}]}}