{"id":293588,"date":"2025-08-03T13:03:11","date_gmt":"2025-08-03T13:03:11","guid":{"rendered":"https:\/\/www.europesays.com\/fr\/293588\/"},"modified":"2025-08-03T13:03:11","modified_gmt":"2025-08-03T13:03:11","slug":"en-direct-mondiaux-de-natation-le-relais-marchand-le-goff-grousset-et-ndoye-brouard-decroche-largent-rtl-fr","status":"publish","type":"post","link":"https:\/\/www.europesays.com\/fr\/293588\/","title":{"rendered":"EN DIRECT &#8211; Mondiaux de Natation : le relais Marchand, Le Goff, Grousset et Ndoye-Brouard d\u00e9croche l&#039;argent &#8211; RTL.fr"},"content":{"rendered":"<ol>\n<li><a href=\"https:\/\/news.google.com\/rss\/articles\/CBMi3wFBVV95cUxPTmN6Q2xGdkY2dWRGMnBRZkk1UElfdV90bjl1eGdsYkEzcmk3ODJCN2x6NDE5S3pvcHVRNGc0Qy1uTVhrV3hvVUEzUkV2VHYwZ25vRGpwMmhaYTluNHdfOWo2amtJOHBWcTJQckVqVXBudjdpLTBreXRGbndpQzBWaDNSSGpHNmF4T2VaSWdUUnJfUkFpR1dfVjF6SU1XRHBjRGlJQkVwcUlLZ0o3OVdEVmV2OHpEWUxSTno2aW1aelRveWc5ZkNBcG1GV1ZtMms4Q0JHT2p3alRvZm9ZaWJN?oc=5\" target=\"_blank\" rel=\"noopener\">EN DIRECT &#8211; Mondiaux de Natation : le relais Marchand, Le Goff, Grousset et Ndoye-Brouard d\u00e9croche l&rsquo;argent<\/a>&nbsp;&nbsp;RTL.fr<\/li>\n<li><a href=\"https:\/\/news.google.com\/rss\/articles\/CBMinwJBVV95cUxNeTJIcW1wMGE1a1NXTmVzR3BGbHp2UjdJYnhYanV3d2R3d2QtY1B0UV9SWVhzWDZzOWFlcFMwUXctUW5aZHpWWDZqV2RLdC1teXJBU3M4NkZBRVRDcXg1UWpVRjNpU3NPY0NOZVc1aFdrWkZUNnpneExNSjhNQmRxbzBpekFVZ1BhMnlQbjZNeFMxeTZCVFFoNEFhZXl4bE9iR3hFbFhQRWpzUnZVUXZrQWR0cV9LLUwyOEJuYnJqdVFNRWF6WDNQSnhEZlpEYTctM3dWVXZDaEI2MG9ZMEozdmYxTkxCSVNwblVyX21XWGZQbzM3enVCd0pwdThEN09QNWk4ZUlLNHZUcmNqemFKV0twWFg0ckI0TnZTbl9uMA?oc=5\" target=\"_blank\" rel=\"noopener\">Avec Ndoye-Brouard, Marchand, Grousset et Le Goff, la France remporte la m\u00e9daille d&rsquo;argent sur le relais 4&#215;100 m 4 nages des Championnats du monde<\/a>&nbsp;&nbsp;L&rsquo;\u00c9quipe<\/li>\n<li><a href=\"https:\/\/news.google.com\/rss\/articles\/CBMiogJBVV95cUxNd18wR1MzT296TjJzM3pVYUpuMEw5RGt0dFdDNnRELUs4NEN2bTRSNDhNSHZuV1J4UUpXM0NFbHYzN2VtaUUwbTlPbVhxVWZyRVdSdGo3VHhBaXZMM1l2MDN0d01OUk8tQkVRR1o2ME1TeTFucjV5bzdXcUlyM3lCUkduOU9OUWNOX3FDZWxfNDhLUmxpcHowNkdzWGhfMUNKbDNpM2FkZ1NTMFhUUE8xeEJNX1ZqWHRCdHk2WjNXMmNPVEpZWW9VMlQ4UlRPSWdvQ2gzWTdzbFRNSVZDalk0NGlmNVJjdGJCcUJmUVhtTE81R1ZGT3FsZnE0bng4d2YyOUk4bjB0LXBGTEYtQkxaaFExZ0RXVkZuNklnSlExT2VwUQ?oc=5\" target=\"_blank\" rel=\"noopener\">Mondiaux de natation : le relais fran\u00e7ais 4&#215;100 m 4 nages masculin de L\u00e9on Marchand et Maxime Grousset m\u00e9daill\u00e9 d&rsquo;argent<\/a>&nbsp;&nbsp;France Info<\/li>\n<li><a href=\"https:\/\/news.google.com\/rss\/articles\/CBMi6AFBVV95cUxOZlFaN1FlVFhJME4zVHNRVHBjQ19MVWFEMzdCUjR5b05pQVdtaEV1alFOUHR4UnhVcU4tWV9jcFExSEFXaExJTWRTd29wd1lTQ1IzMm9abDJtZWVMOXJNYUhQSl90WUlOd0JGUjZSU05LTjVxOVphX3VmVndZNzNfOFlBSElxeXRXMWQ3Q3pBMFJnREcxVWRBMEEwZ2haRDE3QTZSS0pKdGFwdWlnY3dYUnVfcHFqaklidFZWNzRFTE8wdWZFRkh3MHVhVmRyckpTUTc5YXpILUpvTmlBUVc0LU8wV1NWUzBm?oc=5\" target=\"_blank\" rel=\"noopener\">Encore une m\u00e9daille : Marchand, Le Goff, Grousset et Ndoye-Brouard en argent<\/a>&nbsp;&nbsp;Eurosport<\/li>\n<li><a href=\"https:\/\/news.google.com\/rss\/articles\/CBMiiAJBVV95cUxOemZSSklwV19EUHhuZU9kSnhhODc3S0FLTVVwMV9GYURRWEVOVEVWSC16TVpycHFuYVFmeDZPaV9GZWxyeEpHUjN5czZMeGJfZjdqeHdwV3FiaXBKaHlwWXVCZlRwQWl0LXJGemhHUmhKRVdaOF90dnRBSHYxTHJaZS03QVk1TVdPNk9vWXhldDJ6T2RhU29YdGdzSTRfcXE3eHZVRFY4cXZaVXYxRi1lOUhQTXh4Ui16RDZ3MDB4R3I0VjVpMHRYc280TG9hUFJlMzc2b1pmVk1leGhRQUJMMVRDQnFqdjRVckFpYlNSZGNBUExUbnQ4Nlc4YTJnZUNjVHRFdjhidk4?oc=5\" target=\"_blank\" rel=\"noopener\">Maxime Grousset, roi du papillon : un troisi\u00e8me sacre mondial pour le Fran\u00e7ais sur une nage red\u00e9couverte par hasard<\/a>&nbsp;&nbsp;Le Monde.fr<\/li>\n<\/ol>\n","protected":false},"excerpt":{"rendered":"EN DIRECT &#8211; Mondiaux de Natation : le relais Marchand, Le Goff, Grousset et Ndoye-Brouard d\u00e9croche l&rsquo;argent&nbsp;&nbsp;RTL.fr Avec&hellip;\n","protected":false},"author":2,"featured_media":293589,"comment_status":"","ping_status":"","sticky":false,"template":"","format":"standard","meta":{"footnotes":""},"categories":[9],"tags":[3062,107,2619,1011,27,13283,74,5216,517,60],"class_list":{"0":"post-293588","1":"post","2":"type-post","3":"status-publish","4":"format-standard","5":"has-post-thumbnail","7":"category-sports","8":"tag-autres-sports","9":"tag-fil-info","10":"tag-fil-sport","11":"tag-fr","12":"tag-france","13":"tag-leon-marchand","14":"tag-monde","15":"tag-natation","16":"tag-sport","17":"tag-sports"},"share_on_mastodon":{"url":"https:\/\/pubeurope.com\/@fr\/114964975021219453","error":""},"_links":{"self":[{"href":"https:\/\/www.europesays.com\/fr\/wp-json\/wp\/v2\/posts\/293588","targetHints":{"allow":["GET"]}}],"collection":[{"href":"https:\/\/www.europesays.com\/fr\/wp-json\/wp\/v2\/posts"}],"about":[{"href":"https:\/\/www.europesays.com\/fr\/wp-json\/wp\/v2\/types\/post"}],"author":[{"embeddable":true,"href":"https:\/\/www.europesays.com\/fr\/wp-json\/wp\/v2\/users\/2"}],"replies":[{"embeddable":true,"href":"https:\/\/www.europesays.com\/fr\/wp-json\/wp\/v2\/comments?post=293588"}],"version-history":[{"count":0,"href":"https:\/\/www.europesays.com\/fr\/wp-json\/wp\/v2\/posts\/293588\/revisions"}],"wp:featuredmedia":[{"embeddable":true,"href":"https:\/\/www.europesays.com\/fr\/wp-json\/wp\/v2\/media\/293589"}],"wp:attachment":[{"href":"https:\/\/www.europesays.com\/fr\/wp-json\/wp\/v2\/media?parent=293588"}],"wp:term":[{"taxonomy":"category","embeddable":true,"href":"https:\/\/www.europesays.com\/fr\/wp-json\/wp\/v2\/categories?post=293588"},{"taxonomy":"post_tag","embeddable":true,"href":"https:\/\/www.europesays.com\/fr\/wp-json\/wp\/v2\/tags?post=293588"}],"curies":[{"name":"wp","href":"https:\/\/api.w.org\/{rel}","templated":true}]}}