{"id":293594,"date":"2025-08-03T13:06:16","date_gmt":"2025-08-03T13:06:16","guid":{"rendered":"https:\/\/www.europesays.com\/fr\/293594\/"},"modified":"2025-08-03T13:06:16","modified_gmt":"2025-08-03T13:06:16","slug":"lopep-devrait-approuver-une-nouvelle-hausse-de-sa-production-de-petrole-sources-03-08-2025-a-0928","status":"publish","type":"post","link":"https:\/\/www.europesays.com\/fr\/293594\/","title":{"rendered":"L&rsquo;Opep+ devrait approuver une nouvelle hausse de sa production de p\u00e9trole-sources &#8211; 03\/08\/2025 \u00e0 09:28"},"content":{"rendered":"<p>        <img fetchpriority=\"high\" decoding=\"async\" src=\"https:\/\/www.europesays.com\/fr\/wp-content\/uploads\/2025\/08\/be3eb25fd73c58ed3b68a1127b9474d7-760x567.jpg\" alt=\"Vue du si\u00e8ge de l'Organisation des pays exportateurs de p\u00e9trole \u00e0 Vienne\" loading=\"eager\" width=\"760\" height=\"567\" style=\"max-width: 100%!important; height: auto;\"\/><\/p>\n<p class=\"c-image-news__legend\">Vue du si\u00e8ge de l&rsquo;Organisation des pays exportateurs de p\u00e9trole \u00e0 Vienne<\/p>\n<p>\n par Ahmad Ghaddar et Olesya Astakhova\n<\/p>\n<p>\n L&rsquo;Organisation des pays exportateurs de p\u00e9trole et ses alli\u00e9s (Opep+) devrait annoncer une augmentation de sa production de p\u00e9trole de l&rsquo;ordre de 548.000 barils par jour pour septembre, ont d\u00e9clar\u00e9 deux sources au sein du groupe dimanche.\n<\/p>\n<p>\n Une d\u00e9cision est attendue lors d&rsquo;une r\u00e9union qui devrait d\u00e9buter \u00e0 11h00 GMT.\n<\/p>\n<p>\n L&rsquo;Opep+, qui assure environ la moiti\u00e9 de la production mondiale de p\u00e9trole, a r\u00e9duit sa production ces derni\u00e8res ann\u00e9es afin de soutenir le march\u00e9. Mais elle a fait marche arri\u00e8re cette ann\u00e9e pour regagner des parts de march\u00e9, alors que le pr\u00e9sident am\u00e9ricain Donald Trump l&rsquo;appelait \u00e0 contribuer \u00e0 la stabilit\u00e9 des prix du carburant.\n<\/p>\n<p>\n L&rsquo;organisation a commenc\u00e9 \u00e0 augmenter sa production en avril avec une hausse modeste de 138.000 bpj, suivie de hausses plus importantes de 411.000 bpj en mai, juin et juillet et de 548.000 bpj en ao\u00fbt.\n<\/p>\n<p>\n Si l&rsquo;Opep+ approuve une hausse de 548.000 pour septembre, elle aura compl\u00e8tement compens\u00e9 sa derni\u00e8re r\u00e9duction de production de 2,2 millions de bpj et les \u00c9mirats arabes unis auront augment\u00e9 leur quota de 300.000 bpj en avance sur le calendrier.\n<\/p>\n<p>\n Huit membres de l&rsquo;Opep+ sont toujours soumis \u00e0 r\u00e9duction volontaire distincte de leur production d&rsquo;environ 1,65 million de bpj et tous les pays \u00e0 une baisse de 2 millions de bpj. Ces restrictions doivent expirer fin 2026.\n<\/p>\n<p>\n Des sources ont d\u00e9clar\u00e9 pr\u00e9c\u00e9demment que le groupe n&rsquo;avait pas l&rsquo;intention de discuter d&rsquo;autres tranches de r\u00e9duction dimanche.\n<\/p>\n<p>\n (Avec Lawler et Dmitry Zhdannikov, r\u00e9dig\u00e9 par Dmitry Zhdannikov ; version fran\u00e7aise Kate Entringer)<\/p>\n","protected":false},"excerpt":{"rendered":"Vue du si\u00e8ge de l&rsquo;Organisation des pays exportateurs de p\u00e9trole \u00e0 Vienne par Ahmad Ghaddar et Olesya Astakhova&hellip;\n","protected":false},"author":2,"featured_media":293595,"comment_status":"","ping_status":"","sticky":false,"template":"","format":"standard","meta":{"footnotes":""},"categories":[6],"tags":[400,398,408,35,405,33,34,1011,27,403,402,399,404,401,406,407],"class_list":{"0":"post-293594","1":"post","2":"type-post","3":"status-publish","4":"format-standard","5":"has-post-thumbnail","7":"category-economie","8":"tag-action-cac-40","9":"tag-bourse-de-paris","10":"tag-boursorama","11":"tag-business","12":"tag-cotations","13":"tag-economie","14":"tag-economy","15":"tag-fr","16":"tag-france","17":"tag-indices-devises","18":"tag-investir","19":"tag-investissement","20":"tag-marche-boursier","21":"tag-sicav","22":"tag-trackers","23":"tag-warrants"},"share_on_mastodon":{"url":"https:\/\/pubeurope.com\/@fr\/114964986860883712","error":""},"_links":{"self":[{"href":"https:\/\/www.europesays.com\/fr\/wp-json\/wp\/v2\/posts\/293594","targetHints":{"allow":["GET"]}}],"collection":[{"href":"https:\/\/www.europesays.com\/fr\/wp-json\/wp\/v2\/posts"}],"about":[{"href":"https:\/\/www.europesays.com\/fr\/wp-json\/wp\/v2\/types\/post"}],"author":[{"embeddable":true,"href":"https:\/\/www.europesays.com\/fr\/wp-json\/wp\/v2\/users\/2"}],"replies":[{"embeddable":true,"href":"https:\/\/www.europesays.com\/fr\/wp-json\/wp\/v2\/comments?post=293594"}],"version-history":[{"count":0,"href":"https:\/\/www.europesays.com\/fr\/wp-json\/wp\/v2\/posts\/293594\/revisions"}],"wp:featuredmedia":[{"embeddable":true,"href":"https:\/\/www.europesays.com\/fr\/wp-json\/wp\/v2\/media\/293595"}],"wp:attachment":[{"href":"https:\/\/www.europesays.com\/fr\/wp-json\/wp\/v2\/media?parent=293594"}],"wp:term":[{"taxonomy":"category","embeddable":true,"href":"https:\/\/www.europesays.com\/fr\/wp-json\/wp\/v2\/categories?post=293594"},{"taxonomy":"post_tag","embeddable":true,"href":"https:\/\/www.europesays.com\/fr\/wp-json\/wp\/v2\/tags?post=293594"}],"curies":[{"name":"wp","href":"https:\/\/api.w.org\/{rel}","templated":true}]}}