{"id":293598,"date":"2025-08-03T13:08:10","date_gmt":"2025-08-03T13:08:10","guid":{"rendered":"https:\/\/www.europesays.com\/fr\/293598\/"},"modified":"2025-08-03T13:08:10","modified_gmt":"2025-08-03T13:08:10","slug":"lfi-demande-la-requisition-du-stock-qui-doit-etre-incinere-en-france","status":"publish","type":"post","link":"https:\/\/www.europesays.com\/fr\/293598\/","title":{"rendered":"LFI demande la r\u00e9quisition du stock qui doit \u00eatre incin\u00e9r\u00e9 en France"},"content":{"rendered":"<p>Le parti de Jean-Luc M\u00e9lenchon a annonc\u00e9 d\u00e9poser une proposition de r\u00e9solution \u00e0 l\u2019Assembl\u00e9e nationale pour que la France mette la main sur les contraceptifs que Donald Trump veut incin\u00e9rer en France.<\/p>\n<p class=\"fig-paragraph\">La France insoumise a annonc\u00e9 dimanche d\u00e9poser une proposition de r\u00e9solution \u00e0 l&rsquo;Assembl\u00e9e pour que le gouvernement r\u00e9quisitionne le stock de contraceptifs f\u00e9minins\u00a0<a href=\"http:\/\/www.lefigaro.fr\/actualite-france\/destruction-de-contraceptifs-feminins-par-washington-les-ecologistes-interpellent-macron-20250726\" target=\"_blank\" data-fig-type=\"NewsFlash\" rel=\"noopener nofollow\" data-gtm-custom-categorie=\"navigation\" data-gtm-custom-action=\"crossclick\" data-gtm-custom-label=\"Contextuel\" data-gtm-event=\"customEventSPE\" data-fig-domain=\"LEFIGARO\">que l&rsquo;administration am\u00e9ricaine a d\u00e9cid\u00e9 de d\u00e9truire<\/a>, possiblement sur le sol fran\u00e7ais. Engag\u00e9e dans des coupes drastiques de son aide humanitaire et dans une politique anti-avortement, l&rsquo;administration Trump a confirm\u00e9 mi-juillet vouloir \u00abd\u00e9truire certains produits contraceptifs abortifs issus de contrats de l&rsquo;USAID\u00bb.<\/p>\n<p class=\"fig-paragraph\">Selon plusieurs m\u00e9dias, ces contraceptifs, dont la valeur s&rsquo;\u00e9l\u00e8ve \u00e0 pr\u00e8s de 10 millions de dollars, sont stock\u00e9s dans un entrep\u00f4t \u00e0 Geel, en Belgique, et leur incin\u00e9ration est pr\u00e9vue en France. \u00ab<a href=\"http:\/\/www.lefigaro.fr\/international\/destruction-de-contraceptifs-la-france-assure-n-avoir-aucun-moyen-de-requisitionner-les-stocks-20250801\" target=\"_blank\" data-fig-type=\"NewsFlash\" rel=\"noopener nofollow\" data-gtm-custom-categorie=\"navigation\" data-gtm-custom-action=\"crossclick\" data-gtm-custom-label=\"Contextuel\" data-gtm-event=\"customEventSPE\" data-fig-domain=\"LEFIGARO\">Le gouvernement fran\u00e7ais n&rsquo;a toujours pas communiqu\u00e9 le lieu<\/a> \u00a0pressenti de destruction\u00bb, d\u00e9plore LFI dans un communiqu\u00e9, qui regrette \u00e9galement qu&rsquo;il \u00abrefuse d&rsquo;activer le droit existant, alors que le code de la sant\u00e9 publique autorise la r\u00e9quisition \u201cde tous biens et services\u201d si \u201cla situation sanitaire le justifie\u201d\u00bb.<\/p>\n<p>                                    <a class=\"fig-a11y-skip a11y-hidden\" href=\"#fig-a11y-skip-main-inarticle\"><br \/>\n        Passer la publicit\u00e9<br \/>\n    <\/a><\/p>\n<p class=\"fig-paragraph\">La France insoumise consid\u00e8re que la destruction de ces contraceptifs \u00abva mettre en danger des centaines de milliers de femmes dans le monde, auxquelles ce stock \u00e9tait promis\u00bb.<\/p>\n<p>\u00abPas de base juridique\u00bb<\/p>\n<p class=\"fig-paragraph\">Le minist\u00e8re de la Sant\u00e9 a expliqu\u00e9 vendredi \u00e0 l&rsquo;AFP qu&rsquo;il n&rsquo;existait \u00abpas de base juridique permettant une intervention d&rsquo;une autorit\u00e9 sanitaire europ\u00e9enne et a fortiori de l&rsquo;Agence nationale de la s\u00e9curit\u00e9 du m\u00e9dicament (ANSM) pour r\u00e9cup\u00e9rer ces dispositifs m\u00e9dicaux\u00bb.<\/p>\n<p class=\"fig-paragraph\">LFI annonce donc d\u00e9poser \u00abune proposition de r\u00e9solution exigeant du gouvernement qu&rsquo;il r\u00e9quisitionne la totalit\u00e9 du stock contraceptif \u00e9tasunien qui circulerait sur notre territoire\u00bb. Le groupe parlementaire insoumis pr\u00e9cise \u00eatre \u00ab\u00e9videmment disponible pour si\u00e9ger en urgence de fa\u00e7on extraordinaire, afin de faire \u00e9voluer le cadre l\u00e9gal si besoin\u00bb.<\/p>\n<p class=\"fig-paragraph\">L&rsquo;annonce de cette destruction<a href=\"http:\/\/www.lefigaro.fr\/international\/la-decision-de-donald-trump-d-incinerer-plus-de-8-millions-d-euros-de-contraceptifs-en-france-provoque-un-tolle-20250731\" target=\"_blank\" data-fig-type=\"NewsFlash\" rel=\"noopener nofollow\" data-gtm-custom-categorie=\"navigation\" data-gtm-custom-action=\"crossclick\" data-gtm-custom-label=\"Contextuel\" data-gtm-event=\"customEventSPE\" data-fig-domain=\"LEFIGARO\">\u00a0a suscit\u00e9 un toll\u00e9<\/a>, notamment en France. Associations f\u00e9ministes, organisations syndicales et militants des droits de l&rsquo;homme ont d\u00e9nonc\u00e9 un \u00abg\u00e2chis \u00e9conomique\u00bb et une d\u00e9cision \u00abinsens\u00e9e\u00bb. La num\u00e9ro un des \u00c9cologistes Marine Tondelier a interpell\u00e9 le pr\u00e9sident Emmanuel Macron dans une lettre ouverte, pour qu&rsquo;il emp\u00eache la destruction de ces contraceptifs. Le Parti socialiste l&rsquo;a aussi exhort\u00e9 \u00e0 ne pas \u00ab\u00eatre complice de ce naufrage sanitaire et politique\u00bb.<\/p>\n","protected":false},"excerpt":{"rendered":"Le parti de Jean-Luc M\u00e9lenchon a annonc\u00e9 d\u00e9poser une proposition de r\u00e9solution \u00e0 l\u2019Assembl\u00e9e nationale pour que la&hellip;\n","protected":false},"author":2,"featured_media":293599,"comment_status":"","ping_status":"","sticky":false,"template":"","format":"standard","meta":{"footnotes":""},"categories":[4],"tags":[11,75,1011,27,2338,12,25],"class_list":{"0":"post-293598","1":"post","2":"type-post","3":"status-publish","4":"format-standard","5":"has-post-thumbnail","7":"category-france","8":"tag-actualites","9":"tag-donald-trump","10":"tag-fr","11":"tag-france","12":"tag-la-france-insoumise","13":"tag-news","14":"tag-republique-francaise"},"share_on_mastodon":{"url":"https:\/\/pubeurope.com\/@fr\/114964994801760724","error":""},"_links":{"self":[{"href":"https:\/\/www.europesays.com\/fr\/wp-json\/wp\/v2\/posts\/293598","targetHints":{"allow":["GET"]}}],"collection":[{"href":"https:\/\/www.europesays.com\/fr\/wp-json\/wp\/v2\/posts"}],"about":[{"href":"https:\/\/www.europesays.com\/fr\/wp-json\/wp\/v2\/types\/post"}],"author":[{"embeddable":true,"href":"https:\/\/www.europesays.com\/fr\/wp-json\/wp\/v2\/users\/2"}],"replies":[{"embeddable":true,"href":"https:\/\/www.europesays.com\/fr\/wp-json\/wp\/v2\/comments?post=293598"}],"version-history":[{"count":0,"href":"https:\/\/www.europesays.com\/fr\/wp-json\/wp\/v2\/posts\/293598\/revisions"}],"wp:featuredmedia":[{"embeddable":true,"href":"https:\/\/www.europesays.com\/fr\/wp-json\/wp\/v2\/media\/293599"}],"wp:attachment":[{"href":"https:\/\/www.europesays.com\/fr\/wp-json\/wp\/v2\/media?parent=293598"}],"wp:term":[{"taxonomy":"category","embeddable":true,"href":"https:\/\/www.europesays.com\/fr\/wp-json\/wp\/v2\/categories?post=293598"},{"taxonomy":"post_tag","embeddable":true,"href":"https:\/\/www.europesays.com\/fr\/wp-json\/wp\/v2\/tags?post=293598"}],"curies":[{"name":"wp","href":"https:\/\/api.w.org\/{rel}","templated":true}]}}