{"id":293604,"date":"2025-08-03T13:12:13","date_gmt":"2025-08-03T13:12:13","guid":{"rendered":"https:\/\/www.europesays.com\/fr\/293604\/"},"modified":"2025-08-03T13:12:13","modified_gmt":"2025-08-03T13:12:13","slug":"farniente-dans-le-parc-de-la-pepiniere-a-nancy","status":"publish","type":"post","link":"https:\/\/www.europesays.com\/fr\/293604\/","title":{"rendered":"farniente dans le parc de la P\u00e9pini\u00e8re, \u00e0 Nancy"},"content":{"rendered":"<p>C\u2019est l\u2019un des endroits les plus appr\u00e9ci\u00e9s des Grand Nanc\u00e9iens. Avec ses jeux d\u2019eau, ses arbres remarquables, son espace animalier, son minigolf, sans oublier ses espaces de restauration\/confiseries, ses nombreux terrains de sport (football, basket, p\u00e9tanque\u2026) et son gymnase, ce parc de plus de vingt hectares, ancienne r\u00e9serve arboricole royale, fond\u00e9e par Stanislas Leszczy\u0144ski, et accessible au grand public depuis 1835, est le lieu id\u00e9al pour s\u2019offrir un moment de d\u00e9tente seul ou en famille.<\/p>\n","protected":false},"excerpt":{"rendered":"C\u2019est l\u2019un des endroits les plus appr\u00e9ci\u00e9s des Grand Nanc\u00e9iens. Avec ses jeux d\u2019eau, ses arbres remarquables, son&hellip;\n","protected":false},"author":2,"featured_media":293605,"comment_status":"","ping_status":"","sticky":false,"template":"","format":"standard","meta":{"footnotes":""},"categories":[9635],"tags":[1111,11,7782,1687,14383,1704,1706,1705,1777,674,1011,27,775,31022,20065,1702,1703,12,25],"class_list":{"0":"post-293604","1":"post","2":"type-post","3":"status-publish","4":"format-standard","5":"has-post-thumbnail","7":"category-nancy","8":"tag-actu","9":"tag-actualites","10":"tag-balades-et-randonnees","11":"tag-culture-loisirs","12":"tag-edition-besancon","13":"tag-edition-nancy-et-agglomeration","14":"tag-edition-pont-a-mousson","15":"tag-edition-toul","16":"tag-eu","17":"tag-europe","18":"tag-fr","19":"tag-france","20":"tag-grand-est","21":"tag-le-guide-de-lete-lorraine","22":"tag-magazine-tourisme-et-patrimoine","23":"tag-nancy","24":"tag-nancy-ville-54b","25":"tag-news","26":"tag-republique-francaise"},"share_on_mastodon":{"url":"https:\/\/pubeurope.com\/@fr\/114965010519321844","error":""},"_links":{"self":[{"href":"https:\/\/www.europesays.com\/fr\/wp-json\/wp\/v2\/posts\/293604","targetHints":{"allow":["GET"]}}],"collection":[{"href":"https:\/\/www.europesays.com\/fr\/wp-json\/wp\/v2\/posts"}],"about":[{"href":"https:\/\/www.europesays.com\/fr\/wp-json\/wp\/v2\/types\/post"}],"author":[{"embeddable":true,"href":"https:\/\/www.europesays.com\/fr\/wp-json\/wp\/v2\/users\/2"}],"replies":[{"embeddable":true,"href":"https:\/\/www.europesays.com\/fr\/wp-json\/wp\/v2\/comments?post=293604"}],"version-history":[{"count":0,"href":"https:\/\/www.europesays.com\/fr\/wp-json\/wp\/v2\/posts\/293604\/revisions"}],"wp:featuredmedia":[{"embeddable":true,"href":"https:\/\/www.europesays.com\/fr\/wp-json\/wp\/v2\/media\/293605"}],"wp:attachment":[{"href":"https:\/\/www.europesays.com\/fr\/wp-json\/wp\/v2\/media?parent=293604"}],"wp:term":[{"taxonomy":"category","embeddable":true,"href":"https:\/\/www.europesays.com\/fr\/wp-json\/wp\/v2\/categories?post=293604"},{"taxonomy":"post_tag","embeddable":true,"href":"https:\/\/www.europesays.com\/fr\/wp-json\/wp\/v2\/tags?post=293604"}],"curies":[{"name":"wp","href":"https:\/\/api.w.org\/{rel}","templated":true}]}}