{"id":293610,"date":"2025-08-03T13:16:10","date_gmt":"2025-08-03T13:16:10","guid":{"rendered":"https:\/\/www.europesays.com\/fr\/293610\/"},"modified":"2025-08-03T13:16:10","modified_gmt":"2025-08-03T13:16:10","slug":"un-jeune-en-train-dallumer-un-feu-arrete-en-flagrant-delit-a-montpellier","status":"publish","type":"post","link":"https:\/\/www.europesays.com\/fr\/293610\/","title":{"rendered":"Un jeune en train d\u2019allumer un feu arr\u00eat\u00e9 en flagrant d\u00e9lit \u00e0 Montpellier"},"content":{"rendered":"<p>Un jeune homme de 17\u00a0ans a \u00e9t\u00e9 plac\u00e9 en garde \u00e0 vue samedi\u00a02 ao\u00fbt au soir \u00e0 <a href=\"https:\/\/www.laprovence.com\/article\/faits-divers-justice\/3149410916389114\/a-montpellier-des-dealers-tentent-de-recuperer-une-cargaison-de-drogue-deja-saisie\" target=\"_blank\" rel=\"noopener\">Montpellier<\/a>, apr\u00e8s avoir \u00e9t\u00e9 surpris en train de d\u00e9clencher un feu de pin\u00e8de dans le quartier des Hauts de Massane, au nord de la ville, indique une source polici\u00e8re.<\/p>\n<p>\u00ab\u00a0Nous avons \u00e9t\u00e9 avis\u00e9s par un t\u00e9moin des faits, au moment m\u00eame o\u00f9 le feu commen\u00e7ait \u00e0 se propager. Nous avions, heureusement, une \u00e9quipe pas loin des lieux, ce qui nous a permis de r\u00e9agir rapidement et de contacter les pompiers\u00a0\u00bb, a pr\u00e9cis\u00e9 la Direction interd\u00e9partementale de la police nationale (DIPN).<\/p>\n<p>4\u00a0700 m2 touch\u00e9s par les flammes<\/p>\n<p>La mobilisation de trois groupes d\u2019intervention de lutte contre les feux de for\u00eats au sol, ainsi que d\u2019un h\u00e9licopt\u00e8re et d\u2019un dash, a \u00e9t\u00e9 n\u00e9cessaire pour \u00e9teindre l\u2019incendie dans les plus brefs d\u00e9lais.<\/p>\n<p>\u00ab\u00a0Gr\u00e2ce \u00e0 une attaque massive, le feu est circonscrit, 4\u00a0700 m2 ont br\u00fbl\u00e9\u00a0\u00bb, ont soulign\u00e9 les pompiers.<\/p>\n<p>Le jeune homme incendiaire, qui n\u2019habite pas le quartier vis\u00e9, est d\u00e9j\u00e0 connu des services de police et a fait preuve de r\u00e9bellion\u00a0lors de son placement en garde \u00e0 vue.<\/p>\n<p>La veille, un autre incendie s\u2019\u00e9tait d\u00e9clench\u00e9 \u00e0 une centaine de m\u00e8tres, \u00ab\u00a0mais nous sommes totalement dans l\u2019ignorance d\u2019un possible lien\u00a0\u00bb, a ajout\u00e9 la DIPN.<\/p>\n","protected":false},"excerpt":{"rendered":"Un jeune homme de 17\u00a0ans a \u00e9t\u00e9 plac\u00e9 en garde \u00e0 vue samedi\u00a02 ao\u00fbt au soir \u00e0 Montpellier,&hellip;\n","protected":false},"author":2,"featured_media":293611,"comment_status":"","ping_status":"","sticky":false,"template":"","format":"standard","meta":{"footnotes":""},"categories":[9599],"tags":[17,1111,11,11354,43356,21234,1777,674,274,1312,21233,1011,27,3913,2208,12,2680,25,926],"class_list":{"0":"post-293610","1":"post","2":"type-post","3":"status-publish","4":"format-standard","5":"has-post-thumbnail","7":"category-montpellier","8":"tag-17","9":"tag-actu","10":"tag-actualites","11":"tag-arrete","12":"tag-dallumer","13":"tag-delit","14":"tag-eu","15":"tag-europe","16":"tag-faits-divers-justice","17":"tag-feu","18":"tag-flagrant","19":"tag-fr","20":"tag-france","21":"tag-jeune","22":"tag-montpellier","23":"tag-news","24":"tag-occitanie","25":"tag-republique-francaise","26":"tag-train"},"share_on_mastodon":{"url":"https:\/\/pubeurope.com\/@fr\/114965026140484012","error":""},"_links":{"self":[{"href":"https:\/\/www.europesays.com\/fr\/wp-json\/wp\/v2\/posts\/293610","targetHints":{"allow":["GET"]}}],"collection":[{"href":"https:\/\/www.europesays.com\/fr\/wp-json\/wp\/v2\/posts"}],"about":[{"href":"https:\/\/www.europesays.com\/fr\/wp-json\/wp\/v2\/types\/post"}],"author":[{"embeddable":true,"href":"https:\/\/www.europesays.com\/fr\/wp-json\/wp\/v2\/users\/2"}],"replies":[{"embeddable":true,"href":"https:\/\/www.europesays.com\/fr\/wp-json\/wp\/v2\/comments?post=293610"}],"version-history":[{"count":0,"href":"https:\/\/www.europesays.com\/fr\/wp-json\/wp\/v2\/posts\/293610\/revisions"}],"wp:featuredmedia":[{"embeddable":true,"href":"https:\/\/www.europesays.com\/fr\/wp-json\/wp\/v2\/media\/293611"}],"wp:attachment":[{"href":"https:\/\/www.europesays.com\/fr\/wp-json\/wp\/v2\/media?parent=293610"}],"wp:term":[{"taxonomy":"category","embeddable":true,"href":"https:\/\/www.europesays.com\/fr\/wp-json\/wp\/v2\/categories?post=293610"},{"taxonomy":"post_tag","embeddable":true,"href":"https:\/\/www.europesays.com\/fr\/wp-json\/wp\/v2\/tags?post=293610"}],"curies":[{"name":"wp","href":"https:\/\/api.w.org\/{rel}","templated":true}]}}