{"id":293615,"date":"2025-08-03T13:20:11","date_gmt":"2025-08-03T13:20:11","guid":{"rendered":"https:\/\/www.europesays.com\/fr\/293615\/"},"modified":"2025-08-03T13:20:11","modified_gmt":"2025-08-03T13:20:11","slug":"le-fcr-rappelle-a-lordre-ses-supporters-apres-des-degradations-a-dieppe","status":"publish","type":"post","link":"https:\/\/www.europesays.com\/fr\/293615\/","title":{"rendered":"le FCR rappelle \u00e0 l&rsquo;ordre ses supporters apr\u00e8s des \u00ab\u00a0d\u00e9gradations\u00a0\u00bb \u00e0 Dieppe"},"content":{"rendered":"<p>Zapping Foot National Les Petits Princes du Rocher, immersion dans le Groupe \u00c9lite de l\u2019AS Monaco !<\/p>\n<p>Vendredi soir, le FC Rouen disputait son dernier match amical de l\u2019\u00e9t\u00e9 sur la pelouse du FC Dieppe. Face \u00e0 une \u00e9quipe solide d\u00e9fensivement, les Diables Rouges n\u2019ont pas trouv\u00e9 la faille (0-0), malgr\u00e9 plusieurs situations franches. \u00c0 une semaine de la reprise du championnat face \u00e0 Fleury, R\u00e9gis Brouard a tout de m\u00eame tir\u00e9 du positif de cette r\u00e9p\u00e9tition g\u00e9n\u00e9rale : \u00ab\u00a0C\u2019est important, on sent qu\u2019il y a une forme de solidit\u00e9\u00a0\u00bb, a jug\u00e9 le coach rouennais, satisfait de l\u2019\u00e9tat d\u2019esprit global affich\u00e9, dans des propos relay\u00e9s par Paris-Normandie. Sur le terrain, Rapha\u00ebl Gerbeaud (18e, 53e) et Amadou Ba-Sy (89e) se sont heurt\u00e9s \u00e0 un excellent Alexandre Lefebvre dans le but dieppois. Si l\u2019animation offensive reste \u00e0 peaufiner, le bloc d\u00e9fensif semble en place, \u00e0 l&rsquo;image d\u2019un Cl\u00e9ment Bassin solide dans l\u2019axe. Mais en marge de cette opposition, le FC Rouen a aussi d\u00fb prendre la parole, hors terrain.<\/p>\n<p>Des incidents qui inqui\u00e8tent<\/p>\n<p>Dans un communiqu\u00e9 publi\u00e9 ce samedi, le club normand a tenu \u00e0 remercier ses supporters pour leur pr\u00e9sence au stade Dasnias, saluant \u00ab\u00a0un soutien populaire exceptionnel pour un match de pr\u00e9paration\u00a0\u00bb. Mais il a \u00e9galement exprim\u00e9 son inqui\u00e9tude apr\u00e8s des actes isol\u00e9s observ\u00e9s en tribunes : des d\u00e9gradations dans les installations, dont des toilettes tagu\u00e9es, ainsi que l\u2019usage non autoris\u00e9 de fumig\u00e8nes. Alors que le club s\u2019appr\u00eate \u00e0 d\u00e9buter la saison 2025-2026 par deux rencontres \u00e0 huis clos \u2013 contre Fleury (J1) puis Sochaux (J3) \u2013 et apr\u00e8s avoir d\u00e9j\u00e0 \u00e9cop\u00e9 de trois huis clos et d\u2019un point de p\u00e9nalit\u00e9 la saison derni\u00e8re, la direction tire la sonnette d\u2019alarme.<\/p>\n<p>\u00ab\u00a0Si ces actes venaient \u00e0 se reproduire, nous risquons de nouvelles sanctions, des huis clos et des points retir\u00e9s\u00a0\u00bb, rappelle le communiqu\u00e9, soulignant que ces \u00e9v\u00e9nements p\u00e9naliseraient \u00ab\u00a0l\u2019ensemble du club : les supporters, joueurs, staff, salari\u00e9s et partenaires\u00a0\u00bb. Le FC Rouen a \u00e9galement pr\u00e9sent\u00e9 ses excuses au club de Dieppe ainsi qu\u2019\u00e0 la ville, tout en appelant ses fid\u00e8les \u00e0 \u00ab\u00a0faire preuve de compr\u00e9hension afin de ne pas reproduire ces actes\u00a0\u00bb. Malgr\u00e9 ce contexte tendu en tribunes, l\u2019\u00e9quipe premi\u00e8re reste tourn\u00e9e vers le terrain. La premi\u00e8re journ\u00e9e de National opposera le FCR \u00e0 Fleury, vendredi 8 ao\u00fbt. Une affiche que les supporters devront suivre \u00e0 distance.<\/p>\n<\/p>\n<p>Partagez cette info avec vos amis et vos proches en cliquant ici<br \/>Rouen : le FCR rappelle \u00e0 l&rsquo;ordre ses supporters apr\u00e8s des \u00ab\u00a0d\u00e9gradations\u00a0\u00bb \u00e0 Dieppe<\/p>\n<p>Vendredi soir, le FC Rouen disputait son dernier match amical de l\u2019\u00e9t\u00e9 sur la pelouse du FC Dieppe. Face \u00e0 une \u00e9quipe solide d\u00e9fensivement, les Diables Rouges n\u2019ont pas trouv\u00e9 la faille (0-0), malgr\u00e9 plusieurs situations franches.<\/p>\n<p> <img decoding=\"async\" width=\"76\" height=\"76\" loading=\"lazy\" src=\"https:\/\/static.wui.fr\/images_v3\/avatar-footnational.png\" alt=\"Matias Archambeau\"\/><\/p>\n","protected":false},"excerpt":{"rendered":"Zapping Foot National Les Petits Princes du Rocher, immersion dans le Groupe \u00c9lite de l\u2019AS Monaco ! Vendredi&hellip;\n","protected":false},"author":2,"featured_media":293616,"comment_status":"","ping_status":"","sticky":false,"template":"","format":"standard","meta":{"footnotes":""},"categories":[9587],"tags":[1111,11,1777,674,1011,27,12,5161,25,9590],"class_list":{"0":"post-293615","1":"post","2":"type-post","3":"status-publish","4":"format-standard","5":"has-post-thumbnail","7":"category-rouen","8":"tag-actu","9":"tag-actualites","10":"tag-eu","11":"tag-europe","12":"tag-fr","13":"tag-france","14":"tag-news","15":"tag-normandie","16":"tag-republique-francaise","17":"tag-rouen"},"share_on_mastodon":{"url":"https:\/\/pubeurope.com\/@fr\/114965042028356871","error":""},"_links":{"self":[{"href":"https:\/\/www.europesays.com\/fr\/wp-json\/wp\/v2\/posts\/293615","targetHints":{"allow":["GET"]}}],"collection":[{"href":"https:\/\/www.europesays.com\/fr\/wp-json\/wp\/v2\/posts"}],"about":[{"href":"https:\/\/www.europesays.com\/fr\/wp-json\/wp\/v2\/types\/post"}],"author":[{"embeddable":true,"href":"https:\/\/www.europesays.com\/fr\/wp-json\/wp\/v2\/users\/2"}],"replies":[{"embeddable":true,"href":"https:\/\/www.europesays.com\/fr\/wp-json\/wp\/v2\/comments?post=293615"}],"version-history":[{"count":0,"href":"https:\/\/www.europesays.com\/fr\/wp-json\/wp\/v2\/posts\/293615\/revisions"}],"wp:featuredmedia":[{"embeddable":true,"href":"https:\/\/www.europesays.com\/fr\/wp-json\/wp\/v2\/media\/293616"}],"wp:attachment":[{"href":"https:\/\/www.europesays.com\/fr\/wp-json\/wp\/v2\/media?parent=293615"}],"wp:term":[{"taxonomy":"category","embeddable":true,"href":"https:\/\/www.europesays.com\/fr\/wp-json\/wp\/v2\/categories?post=293615"},{"taxonomy":"post_tag","embeddable":true,"href":"https:\/\/www.europesays.com\/fr\/wp-json\/wp\/v2\/tags?post=293615"}],"curies":[{"name":"wp","href":"https:\/\/api.w.org\/{rel}","templated":true}]}}